{"id":45011,"date":"2011-12-23T08:05:50","date_gmt":"2011-12-23T06:05:50","guid":{"rendered":"http:\/\/www.korhanyilmaz.com\/?p=45011"},"modified":"2011-12-23T15:41:17","modified_gmt":"2011-12-23T13:41:17","slug":"yine-de-sahlaniyor-aman","status":"publish","type":"post","link":"http:\/\/www.korhanyilmaz.com\/?p=45011","title":{"rendered":"Yine de \u015fahlan\u0131yor aman"},"content":{"rendered":"<div id=\"attachment_38633\" style=\"width: 105px\" class=\"wp-caption alignright\"><img loading=\"lazy\" decoding=\"async\" aria-describedby=\"caption-attachment-38633\" class=\" wp-image-38633 \" title=\"Ahmet Hakan - H\u00fcrriyet Gazetesi\" src=\"http:\/\/www.korhanyilmaz.com\/wp-content\/uploads\/2011\/08\/131b1.jpg\" alt=\"\" width=\"95\" height=\"95\" \/><p id=\"caption-attachment-38633\" class=\"wp-caption-text\">Ahmet Hakan<\/p><\/div>\n<p style=\"text-align: justify;\">B\u0130N atl\u0131n\u0131n ak\u0131nlarda \u00e7ocuklar gibi \u015fen oldu\u011fu g\u00fcnler vard\u0131r ya&#8230;<\/p>\n<p style=\"text-align: justify;\">\u0130\u015fte tam da \u00f6yle bir atmosferi ya\u015f\u0131yoruz.<\/p>\n<p style=\"text-align: justify;\">Her t\u00fcrden \u201c\u00e7ocuksu\u201d tepkinin ge\u00e7er ak\u00e7e say\u0131ld\u0131\u011f\u0131 tuhaf g\u00fcnler&#8230;<\/p>\n<p style=\"text-align: justify;\">S\u00fcrekli el y\u00fckseltiliyor. Baz\u0131lar\u0131m\u0131z Sarkozy\u2019nin \u201cYahudi\u201d kimli\u011fine vurgu yap\u0131p \u201cadam\u0131n genlerinde bir sorun var\u201d diye yazarken&#8230;<\/p>\n<p style=\"text-align: justify;\">Baz\u0131lar\u0131m\u0131z da \u201cceddimiz Kanuni\u201dnin Fransa Kral\u0131 Birinci Fransuva\u2019ya yazd\u0131\u011f\u0131 mektuptaki azametli \u00fcslubu an\u0131msat\u0131p hepimizi co\u015fturuyor.<!--more--><\/p>\n<p style=\"text-align: justify;\">Frans\u0131z\u2019\u0131n mal\u0131na da acayip k\u0131l\u0131z yani: Meydanlarda Frans\u0131z arabas\u0131 yakmaya ramak kald\u0131. Baz\u0131lar\u0131m\u0131z daha entelekt\u00fcel tak\u0131l\u0131yor:<\/p>\n<p style=\"text-align: justify;\">\u201cVoltaire\u201dden girmeler, \u201c1789 Devrimi\u201dnden \u00e7\u0131kmalar falan.<\/p>\n<p style=\"text-align: justify;\">* * *<\/p>\n<p style=\"text-align: justify;\">Ama en b\u00fcy\u00fck pop\u00fclizm, \u201cyery\u00fcz\u00fcn\u00fcn en b\u00fcy\u00fck pop\u00fclistlerine \u015fapkay\u0131 tersten giydirecek\u201d zek\u00e2 k\u0131vrakl\u0131\u011f\u0131na sahip olan Melih G\u00f6k\u00e7ek\u2019ten geliyor.<\/p>\n<p style=\"text-align: justify;\">Vaktiyle Sarkozy kar\u015f\u0131s\u0131nda sak\u0131z \u00e7i\u011fneyerek muhte\u015fem bir direni\u015f sergileyen ve bu nedenle hayat\u0131nda hi\u00e7 almad\u0131\u011f\u0131 kadar \u00f6vg\u00fc alan Melih G\u00f6k\u00e7ek, tad\u0131na doyamad\u0131\u011f\u0131 bu sak\u0131z destan\u0131n\u0131n yeni bir sayfas\u0131n\u0131 yazmaya koyuluyor.<\/p>\n<p style=\"text-align: justify;\">Ve direni\u015fin ilk sinyalini veriyor:<\/p>\n<p style=\"text-align: justify;\">Ankara B\u00fcy\u00fck\u015fehir Belediyesi olarak Fransa\u2019n\u0131n Ankara B\u00fcy\u00fckel\u00e7ili\u011fi\u2019nin \u00f6n\u00fcne bir \u201cCezayir An\u0131t\u0131\u201d dikeceklermi\u015f.<\/p>\n<p style=\"text-align: justify;\">Ve \u201can\u0131t\u0131n bir yerine koyacaklar\u0131 bir tu\u015f\u201d ile Cezayir Milli Mar\u015f\u0131\u2019n\u0131 \u00e7alacaklarm\u0131\u015f.<\/p>\n<p style=\"text-align: justify;\">Breh! Breh! Breh!<\/p>\n<p style=\"text-align: justify;\">* * *<\/p>\n<p style=\"text-align: justify;\">Fakat G\u00f6k\u00e7ek\u2019in bu \u015fanl\u0131 \u00e7\u0131k\u0131\u015f\u0131n\u0131n yarataca\u011f\u0131 bir sorun var:<\/p>\n<p style=\"text-align: justify;\">Kafalar\u0131n\u0131n G\u00f6k\u00e7ek\u2019in kafas\u0131 gibi \u00e7al\u0131\u015ft\u0131\u011f\u0131n\u0131 d\u00fcn Senato\u2019dan ge\u00e7irdikleri o pespaye yasayla kan\u0131tlayan Frans\u0131z muktedirleri \u201cg\u00f6r\u00fcyoruz ve de artt\u0131r\u0131yoruz\u201d derlerse ne olacak?<\/p>\n<p style=\"text-align: justify;\">Mesela Paris Belediye Ba\u015fkan\u0131 da, T\u00fcrkiye\u2019nin Paris B\u00fcy\u00fckel\u00e7ili\u011fi \u00f6n\u00fcne bir \u201cErmeni An\u0131t\u0131\u201d dikiverirse&#8230;<\/p>\n<p style=\"text-align: justify;\">Melih G\u00f6k\u00e7ek derhal bir \u201cHaiti An\u0131t\u0131\u201d m\u0131 dikecek?<\/p>\n<p style=\"text-align: justify;\">Paris Belediyesi buna \u201cDersim An\u0131t\u0131\u201d ile kar\u015f\u0131l\u0131k verirse&#8230;<\/p>\n<p style=\"text-align: justify;\">G\u00f6k\u00e7ek \u201cFrans\u0131z s\u00f6m\u00fcrgesi alt\u0131nda inleyen Cibuti An\u0131t\u0131\u201d dikmeye mi koyulacak?<\/p>\n<p style=\"text-align: justify;\">Ve bu \u201csersem\u201d yar\u0131\u015f nerede son bulacak?<\/p>\n<p style=\"text-align: justify;\">* * *<\/p>\n<p style=\"text-align: justify;\">Duygusala ba\u011flamaya fazlas\u0131yla yatk\u0131n bir millet oldu\u011fumuzun fark\u0131nday\u0131m.<\/p>\n<p style=\"text-align: justify;\">Ama yine de duygusala ba\u011flama \u00f6zelli\u011fimizden bu kadar ucuz yollarla istifade edilmesinden rahats\u0131zl\u0131k duyuyorum.<\/p>\n<p style=\"text-align: justify;\">Bir r\u00fcyam var:<\/p>\n<p style=\"text-align: justify;\">Sa\u011fduyu galebe \u00e7alsa, Melih G\u00f6k\u00e7ek\u2019in elleri b\u00f6\u011fr\u00fcnde kalsa&#8230;<\/p>\n<p style=\"text-align: justify;\">Biliyorum, olmaz ama ya olursa?<\/p>\n<p style=\"text-align: justify;\"><span style=\"font-size: medium; color: #993300;\"><strong>M\u00fcmtazer\u2019e soruyorum\u00a0<\/strong><\/span><\/p>\n<p style=\"text-align: justify;\">ESK\u0130DEN \u201cT\u00fcrk Dil Kurumu\u201d vard\u0131&#8230; Bir de \u201cT\u00fcrk Tarih Kurumu\u201d.<\/p>\n<p style=\"text-align: justify;\">12 Eyl\u00fcl y\u00f6netimi bu iki kurumu \u201cbazen yaramazl\u0131k yapt\u0131klar\u0131\u201d gerek\u00e7esiyle kapatt\u0131.<\/p>\n<p style=\"text-align: justify;\">Yerine \u201cAtat\u00fcrk K\u00fclt\u00fcr, Dil ve Tarih Y\u00fcksek Kurumu\u201d ad\u0131 alt\u0131nda bir \u015femsiye yap\u0131y\u0131 getirdi.<\/p>\n<p style=\"text-align: justify;\">En ba\u015f\u0131na \u201cT.C. Ba\u015fbakanl\u0131k\u201d s\u0131fat\u0131n\u0131 eklemeyi ihmal etmeyerek.<\/p>\n<p style=\"text-align: justify;\">* * *<\/p>\n<p style=\"text-align: justify;\">Benim a\u00e7\u0131mdan&#8230;<\/p>\n<p style=\"text-align: justify;\">\u201cT\u00fcrk Dil Kurumu\u201d da, \u201cT\u00fcrk Tarih Kurumu\u201d da savunulacak yap\u0131lar de\u011fildi.<\/p>\n<p style=\"text-align: justify;\">Devlet eliyle dil mi olu\u015fturulurmu\u015f?<\/p>\n<p style=\"text-align: justify;\">Devlet eliyle tarih mi olu\u015fturulurmu\u015f?<\/p>\n<p style=\"text-align: justify;\">12 Eyl\u00fcl\u2019\u00fcn yapt\u0131\u011f\u0131 ise daha beter bir at\u0131l\u0131md\u0131:<\/p>\n<p style=\"text-align: justify;\">Bu kurumlar\u0131 \u201cdaha da resmi\u201d hale getirmek ve \u201cT\u00fcrk-\u0130slam sentezi\u201dni bu kurumlara egemen k\u0131lmak&#8230;<\/p>\n<p style=\"text-align: justify;\">* * *<\/p>\n<p style=\"text-align: justify;\">Ben bug\u00fcn\u00fcn muktedirlerinden, \u015fu \u201cy\u00fcksek kurum\u201d arkaikli\u011fine derin bir ne\u015fter atmas\u0131n\u0131 beklerdim. Resmi ideoloji propagandas\u0131 yapan, resmi tarih olu\u015fturan, resmi dil anlay\u0131\u015f\u0131 geli\u015ftiren ve siyasi iktidarlara g\u00f6bekten ba\u011fl\u0131 bu yap\u0131yla hesapla\u015fmas\u0131n\u0131 beklerdim.<\/p>\n<p style=\"text-align: justify;\">Ama hay\u0131r!<\/p>\n<p style=\"text-align: justify;\">Bu kurumu da \u201ckafa dengi\u201d isimlerle kendilerinin k\u0131lmay\u0131 tercih ettiler.<\/p>\n<p style=\"text-align: justify;\">T\u0131pk\u0131 Y\u00d6K\u2019te yapt\u0131klar\u0131 gibi&#8230;<\/p>\n<p style=\"text-align: justify;\">Mesela bizim M\u00fcmtazer T\u00fcrk\u00f6ne\u2019yi getirmi\u015fler \u201cy\u00fcksek kurul\u201dun en y\u00fcksek tepesine&#8230;<\/p>\n<p style=\"text-align: justify;\">O da hi\u00e7 gocunmadan kurulmu\u015f y\u00fcksek tepeye&#8230;<\/p>\n<p style=\"text-align: justify;\">* * *<\/p>\n<p style=\"text-align: justify;\">Hadi \u201cmuktedirler\u201d, eskiden hi\u00e7 ho\u015flanmad\u0131klar\u0131 yap\u0131lar\u0131 ele ge\u00e7irerek kendilerinin k\u0131l\u0131yorlar ve bu kurumlara kar\u015f\u0131 \u201ca\u015fk gibi \/ sevda gibi\u201d hisler beslemeye ba\u015fl\u0131yorlar.<\/p>\n<p style=\"text-align: justify;\">Peki M\u00fcmtazer\u2019e ne oluyor?<\/p>\n<p style=\"text-align: justify;\">Devlet eliyle resmi ideoloji olu\u015fturulmas\u0131na kar\u015f\u0131 yazd\u0131\u011f\u0131 onca yaz\u0131n\u0131n m\u00fcrekkebi kurumadan, att\u0131\u011f\u0131 onca nutkun kulaklardaki \u00e7\u0131nlamas\u0131 bitmeden, nas\u0131l oluyor da devlet eliyle resmi ideoloji olu\u015fturulan bir yap\u0131n\u0131n en tepesine hi\u00e7 gocunmadan kuruluveriyor?<\/p>\n<p style=\"text-align: justify;\">M\u00fcmtazer bu soruya bir cevap verebilir mi acaba?<\/p>\n<p style=\"text-align: justify;\">* * *<\/p>\n<p style=\"text-align: justify;\">Ama \u00e7ok rica edece\u011fim verece\u011fi cevab\u0131n i\u00e7ine \u201cd\u00f6nek, Ni\u015fanta\u015f\u0131, dalak, ge\u00e7mi\u015f, pazarlama\u201d gibi s\u00f6zc\u00fckleri yerle\u015ftirmesin.<\/p>\n<p style=\"text-align: justify;\">Ya da yerle\u015ftirsin.<\/p>\n<p style=\"text-align: justify;\">Ama as\u0131l cevab\u0131 vermeyi ihmal etmeden&#8230;<\/p>\n<p style=\"text-align: justify;\"><span style=\"color: #993300; font-size: medium;\"><strong>Talimat demokrasisi\u00a0<\/strong><\/span><\/p>\n<p style=\"text-align: justify;\">DEN\u0130Z Baykal, yan\u0131na e\u015fini alarak Ba\u015fbakan Erdo\u011fan\u2019a ge\u00e7mi\u015f olsun ziyaretinde bulunmu\u015f.<\/p>\n<p style=\"text-align: justify;\">S\u00fcper! Harika! Muhte\u015fem!<\/p>\n<p style=\"text-align: justify;\">* * *<\/p>\n<p style=\"text-align: justify;\">Ama bu ziyaret i\u015fine kar\u0131\u015fan bir \u201crica\u201d olay\u0131 var ki de\u011finmeden ge\u00e7emeyece\u011fim:<\/p>\n<p style=\"text-align: justify;\">Baykal, tutuklu Mehmet Haberal\u2019\u0131n annesini g\u00f6rmesine izin verilmesi i\u00e7in Ba\u015fbakan Erdo\u011fan\u2019dan ricac\u0131 olmu\u015f ve Ba\u015fbakan Erdo\u011fan da bu ricay\u0131 k\u0131rmayarak Adalet Bakan\u0131 Sadullah Ergin\u2019e talimat vermi\u015f.<\/p>\n<p style=\"text-align: justify;\">Bir duam var:<\/p>\n<p style=\"text-align: justify;\">Allah her tutuklu annesine bir \u201cDeniz Baykal ricas\u0131\u201d nasip etsin.<\/p>\n<p style=\"text-align: justify;\"><span style=\"color: #993300; font-size: medium;\"><strong>T\u00fcrk\u2019\u00fcn T\u00fcrk\u2019e propagandas\u0131\u00a0<\/strong><\/span><\/p>\n<p style=\"text-align: justify;\">CUMHURBA\u015eKANI Abdullah G\u00fcl, Sarkozy\u2019yi telefonla aram\u0131\u015f.<\/p>\n<p style=\"text-align: justify;\">Sarkozy de telefona \u00e7\u0131kmam\u0131\u015f.<\/p>\n<p style=\"text-align: justify;\">T\u00fcrk\u2019\u00fcn T\u00fcrk\u2019e propagandas\u0131 bu durum kar\u015f\u0131s\u0131nda \u015f\u00f6yle i\u015fledi:<\/p>\n<p style=\"text-align: justify;\">\u201cSarkozy korkusundan G\u00fcl\u2019\u00fcn telefonuna bile \u00e7\u0131kamad\u0131\u201d.<\/p>\n<p style=\"text-align: justify;\">* * *<\/p>\n<p style=\"text-align: justify;\">Aman dikkat!<\/p>\n<p style=\"text-align: justify;\">Bu t\u00fcr propagandalar iyidir, ho\u015ftur ama \u015f\u00f6yle bir sorunu vard\u0131r.<\/p>\n<p style=\"text-align: justify;\">Torba olmayan a\u011f\u0131zlar b\u00fcz\u00fclemedi\u011finden olay\u0131 \u015f\u00f6yle yorumlayanlar da \u00e7\u0131kabilir:<\/p>\n<p style=\"text-align: justify;\">\u201cHi\u00e7 sallamad\u0131, telefonuna bile \u00e7\u0131kmad\u0131\u201d.<\/p>\n<p style=\"text-align: justify;\"><a href=\"http:\/\/www.hurriyet.com.tr\/yazarlar\/19525640.asp\" target=\"_blank\">Kaynak : H\u00fcrriyet.com.tr<\/a><\/p>\n","protected":false},"excerpt":{"rendered":"<p id=\"caption-attachment-38633\" class=\"wp-caption-text\">Ahmet Hakan<\/p>\n<p style=\"text-align: justify;\">B\u0130N atl\u0131n\u0131n ak\u0131nlarda \u00e7ocuklar gibi \u015fen oldu\u011fu g\u00fcnler vard\u0131r ya&#8230;<\/p>\n<p style=\"text-align: justify;\">\u0130\u015fte tam da \u00f6yle bir atmosferi ya\u015f\u0131yoruz.<\/p>\n<p style=\"text-align: justify;\">Her t\u00fcrden \u201c\u00e7ocuksu\u201d tepkinin ge\u00e7er ak\u00e7e say\u0131ld\u0131\u011f\u0131 tuhaf g\u00fcnler&#8230;<\/p>\n<p style=\"text-align: justify;\">S\u00fcrekli el y\u00fckseltiliyor. Baz\u0131lar\u0131m\u0131z Sarkozy\u2019nin \u201cYahudi\u201d kimli\u011fine vurgu yap\u0131p \u201cadam\u0131n genlerinde bir sorun var\u201d diye yazarken&#8230;<\/p>\n<p  \n\n","protected":false},"author":1,"featured_media":0,"comment_status":"open","ping_status":"open","sticky":false,"template":"","format":"standard","meta":{"footnotes":""},"categories":[16],"tags":[31],"class_list":["post-45011","post","type-post","status-publish","format-standard","hentry","category-kose-yazilari","tag-ahmet-hakan","odd"],"_links":{"self":[{"href":"http:\/\/www.korhanyilmaz.com\/index.php?rest_route=\/wp\/v2\/posts\/45011","targetHints":{"allow":["GET"]}}],"collection":[{"href":"http:\/\/www.korhanyilmaz.com\/index.php?rest_route=\/wp\/v2\/posts"}],"about":[{"href":"http:\/\/www.korhanyilmaz.com\/index.php?rest_route=\/wp\/v2\/types\/post"}],"author":[{"embeddable":true,"href":"http:\/\/www.korhanyilmaz.com\/index.php?rest_route=\/wp\/v2\/users\/1"}],"replies":[{"embeddable":true,"href":"http:\/\/www.korhanyilmaz.com\/index.php?rest_route=%2Fwp%2Fv2%2Fcomments&post=45011"}],"version-history":[{"count":0,"href":"http:\/\/www.korhanyilmaz.com\/index.php?rest_route=\/wp\/v2\/posts\/45011\/revisions"}],"wp:attachment":[{"href":"http:\/\/www.korhanyilmaz.com\/index.php?rest_route=%2Fwp%2Fv2%2Fmedia&parent=45011"}],"wp:term":[{"taxonomy":"category","embeddable":true,"href":"http:\/\/www.korhanyilmaz.com\/index.php?rest_route=%2Fwp%2Fv2%2Fcategories&post=45011"},{"taxonomy":"post_tag","embeddable":true,"href":"http:\/\/www.korhanyilmaz.com\/index.php?rest_route=%2Fwp%2Fv2%2Ftags&post=45011"}],"curies":[{"name":"wp","href":"https:\/\/api.w.org\/{rel}","templated":true}]}}