{"id":45007,"date":"2011-12-23T15:01:01","date_gmt":"2011-12-23T13:01:01","guid":{"rendered":"http:\/\/www.korhanyilmaz.com\/?p=45007"},"modified":"2011-12-23T15:31:13","modified_gmt":"2011-12-23T13:31:13","slug":"gulden-fransaya-zehir-zemberek-sozler","status":"publish","type":"post","link":"http:\/\/www.korhanyilmaz.com\/?p=45007","title":{"rendered":"G\u00fcl&#8217;den Fransa&#8217;ya zehir zemberek s\u00f6zler!"},"content":{"rendered":"<p style=\"text-align: center;\"><a href=\"http:\/\/www.korhanyilmaz.com\/wp-content\/uploads\/2011\/12\/8710.jpg\"  class=\"lightview\"><img loading=\"lazy\" decoding=\"async\" class=\"aligncenter  wp-image-45008\" src=\"http:\/\/www.korhanyilmaz.com\/wp-content\/uploads\/2011\/12\/8710.jpg\" alt=\"\" width=\"320\" height=\"245\" \/><\/a><\/p>\n<p style=\"text-align: justify;\">Cumhurba\u015fkan\u0131 Abdullah G\u00fcl, &#8220;D\u00fcn Frans\u0131z Ulusal Meclisi&#8217;nde yap\u0131lan g\u00f6r\u00fc\u015fmeler ger\u00e7ekten \u00e7ok ibret vericiydi. Her \u015feyden \u00f6nce oradaki g\u00f6r\u00fc\u015fmeleri, orada ifade edilen s\u00f6zleri T\u00fcrkiye&#8217;ye, T\u00fcrk halk\u0131na \u00e7ok b\u00fcy\u00fck sayg\u0131s\u0131zl\u0131k olarak g\u00f6r\u00fcyorum&#8221; dedi.\u00a0<!--more--><\/p>\n<p style=\"text-align: justify;\">Cumhurba\u015fkan\u0131 Abdullah G\u00fcl, Cuma namaz\u0131n\u0131 Yenik\u00f6y \u00c7ar\u015f\u0131 Merkez Camii&#8217;nde k\u0131ld\u0131. G\u00fcl, cami \u00e7\u0131k\u0131\u015f\u0131nda bas\u0131n mensuplar\u0131n\u0131n, s\u00f6zde Ermeni soyk\u0131r\u0131m\u0131n\u0131 inkar edenlerin para ve hapis cezas\u0131yla cezaland\u0131r\u0131lmas\u0131n\u0131 \u00f6ng\u00f6ren yasa tasar\u0131s\u0131n\u0131n d\u00fcn Fransa Parlamentosu&#8217;nda kabul edilmesine y\u00f6nelik sorular\u0131n\u0131 yan\u0131tlad\u0131.<\/p>\n<p style=\"text-align: justify;\"><strong>Frans\u0131z ayd\u0131nlar\u0131na \u00e7a\u011fr\u0131\u00a0<\/strong><\/p>\n<p style=\"text-align: justify;\">G\u00fcl, \u015funlar\u0131 s\u00f6yledi:<\/p>\n<p style=\"text-align: justify;\">&#8220;D\u00fcn Frans\u0131z Ulusal Meclisi&#8217;nde yap\u0131lan g\u00f6r\u00fc\u015fmeler ger\u00e7ekten \u00e7ok ibret vericiydi. Her \u015feyden \u00f6nce oradaki g\u00f6r\u00fc\u015fmeleri, orada ifade edilen s\u00f6zleri T\u00fcrkiye&#8217;ye, T\u00fcrk halk\u0131na \u00e7ok b\u00fcy\u00fck sayg\u0131s\u0131zl\u0131k olarak g\u00f6r\u00fcyorum. Yap\u0131lan konu\u015fmalar hepimizi \u00e7ok rencide etmi\u015ftir. Bundan dolay\u0131 \u015fiddetle k\u0131n\u0131yorum. Olup bitenlere bakt\u0131\u011f\u0131m\u0131zda ger\u00e7ekten ak\u0131l almaz. 1881 y\u0131l\u0131nda \u00e7\u0131kart\u0131lan bir Bas\u0131n Kanunu var. Bu Bas\u0131n Kanunu&#8217;nun ifade \u00f6zg\u00fcrl\u00fc\u011f\u00fcyle ilgili taraflar\u0131na k\u0131s\u0131tlama getiriyor Frans\u0131z Ulusal Meclisi. Bir zamanlar \u00e7o\u011fulculu\u011fu, her t\u00fcrl\u00fc d\u00fc\u015f\u00fcncenin serbest\u00e7e konu\u015fuldu\u011fu bir \u00fclke olarak bilinen Fransa&#8217;da bu yap\u0131lan de\u011fi\u015fiklikle birlikte bundan sonra kimse samimi g\u00f6r\u00fc\u015f\u00fcn\u00fc ifade edemeyecek, bu konuda tarih\u00e7iler yeni bulgular, yeni belgeler, yeni a\u00e7\u0131klamalar yapamayacak. Yani Fransa&#8217;n\u0131n resmi g\u00f6r\u00fc\u015f\u00fcn\u00fcn d\u0131\u015f\u0131nda g\u00f6r\u00fc\u015f ifade eden herkes su\u00e7lu bulunacak ve cezaland\u0131r\u0131lacak. Bunun Fransa&#8217;da olup bitiyor olmas\u0131na insan\u0131n ger\u00e7ekten ak\u0131l erdirmesi ger\u00e7ekten zordur. Kendi de\u011ferleriyle de \u00e7eli\u015fmektedirler. \u00dcmit ederim ki, Frans\u0131z Ulusal Meclisi&#8217;nde ba\u015flayan bu tart\u0131\u015fma ve kararla\u015ft\u0131ran bu kanun teklifi bundan sonraki s\u00fcrecinde i\u015flemez. Frans\u0131z entelekt\u00fcelleri, Frans\u0131z ayd\u0131nlar\u0131, Fransa&#8217;n\u0131n sa\u011fduyulu siyaset\u00e7ileri, i\u015fadamlar\u0131, kendilerine gelirler ve bu yap\u0131lan \u015feyin asl\u0131nda kendi de\u011ferleriyle de ters d\u00fc\u015ft\u00fc\u011f\u00fcn\u00fc, Frans\u0131z demokrasisine \u00e7ok b\u00fcy\u00fck bir g\u00f6lge d\u00fc\u015f\u00fcrece\u011fini g\u00f6r\u00fcrler ve bu i\u015fi durdururlar.&#8221;<\/p>\n<p style=\"text-align: justify;\"><strong>Fransa b\u00fct\u00fcn arabuluculuk \u00e7al\u0131\u015fmalar\u0131ndan \u00e7ekilmelidir\u00a0<\/strong><\/p>\n<p style=\"text-align: justify;\">T\u00fcrkiye&#8217;nin tepkisinin devam edece\u011fini vurgulayan G\u00fcl, \u015f\u00f6yle devam etti:<\/p>\n<p style=\"text-align: justify;\">&#8220;H\u00fck\u00fcmetimizin, halk\u0131m\u0131z\u0131n tepkisi tamamen me\u015frudur, kendimizi savunmakt\u0131r. Yine \u00e7ok gariptir ki, bazen b\u00fcy\u00fck uluslar\u0131n tarihinde bu tip olaylar oluyor i\u015fte, Fransa&#8217;da oldu\u011fu gibi. T\u00fcrk Frans\u0131z ili\u015fkileri \u00e7ok kadimdir. Ama Fransa&#8217;n\u0131n bug\u00fcnk\u00fc Cumhurba\u015fkan\u0131, T\u00fcrkiye&#8217;ye kar\u015f\u0131 \u00e7ok \u00f6nyarg\u0131lar\u0131 olan bir \u015fahsiyettir. Bu \u00f6nyarg\u0131lar\u0131 bu b\u00fcy\u00fck kadim T\u00fcrk-Frans\u0131z ili\u015fkilerine de \u00e7ok b\u00fcy\u00fck bir darbe vurmaktad\u0131r. Yine \u00e7ok tezat te\u015fkil eden ba\u015fka bir husus da \u015fudur ki; Fransa Kafkasya&#8217;daki istikrars\u0131zl\u0131\u011f\u0131 gidermek ve \u00f6zellikle Azerbaycan ve Ermenistan aras\u0131ndaki ihtilafa \u00e7\u00f6z\u00fcm bulmak i\u00e7in kurulmu\u015f olan Minsk Grubu&#8217;nun \u00fc\u00e7 \u00fcyesinden birisidir. Herhalde bu yasa teklifi kanunla\u015ft\u0131ktan sonra ki, b\u00f6yle olmamas\u0131n\u0131 \u00fcmit ederim, Fransa&#8217;n\u0131n b\u00fct\u00fcn bu arabuluculuk \u00e7al\u0131\u015fmalar\u0131ndan hemen \u00e7ekilmesi gerekir. \u00c7\u00fcnk\u00fc tarafs\u0131zl\u0131\u011f\u0131n\u0131 resmen ihlal eden ve tarafl\u0131 oldu\u011funu resmen ilan eden bir tav\u0131r almaktad\u0131r bu davran\u0131\u015f\u0131yla Fransa. Ger\u00e7ekten \u00fcz\u00fcc\u00fcd\u00fcr. Tepkimiz \u00e7ok hakl\u0131d\u0131r. Bu tepkimiz muhakkak ki g\u00fc\u00e7l\u00fc bir \u015fekilde devam edecektir.&#8221;<\/p>\n<p style=\"text-align: justify;\"><strong>Bunlar dolamba\u00e7l\u0131 \u015fekilde yap\u0131lan konulard\u0131r\u00a0<\/strong><\/p>\n<p style=\"text-align: justify;\">G\u00fcl, &#8220;T\u00fcrkiye, kendini yeterince anlatam\u0131yor mu?&#8221; sorusu \u00fczerine de, &#8220;Hay\u0131r, yeterince anlat\u0131yor. T\u00fcrkiye&#8217;nin kendisini anlatmas\u0131n\u0131n \u00f6tesinde bu Frans\u0131z Bas\u0131n Yasas\u0131&#8217;na eklenen bir madde. S\u00f6z\u00fcm ona T\u00fcrkiye&#8217;nin orada falan ismi ge\u00e7miyor. Ermenistan ismi, Ermeni meselesi de ge\u00e7miyor. Ama Fransa&#8217;n\u0131n resmi g\u00f6r\u00fc\u015f\u00fc aleyhinde g\u00f6r\u00fc\u015f ifade edenlere ceza getiriyor. Fransa daha \u00f6nce kabul etti\u011fi yasa \u00e7er\u00e7evesinde bunlar var. B\u00fct\u00fcn bunlar dolamba\u00e7l\u0131 bir \u015fekilde d\u00fcr\u00fcst olmayan \u015fekilde yap\u0131lan konulard\u0131r&#8221; dedi.<\/p>\n<p style=\"text-align: justify;\"><strong>Kendisiyle ilgili sorunlar\u0131n\u0131 ortaya koymaktad\u0131r\u00a0<\/strong><\/p>\n<p style=\"text-align: justify;\">Sarkozy&#8217;nin telefonlar\u0131na \u00e7\u0131kmamas\u0131n\u0131n sorulmas\u0131 \u00fczerine ise Cumhurba\u015fkan\u0131 G\u00fcl, &#8220;Sava\u015f an\u0131nda bile devlet ba\u015fkanlar\u0131, cumhurba\u015fkanlar\u0131 birbiriyle konu\u015furlar. Bu, kar\u015f\u0131m\u0131zdaki Say\u0131n Cumhurba\u015fkan\u0131&#8217;n\u0131n T\u00fcrkiye&#8217;ye kar\u015f\u0131 \u00f6nyarg\u0131lar\u0131n\u0131 g\u00f6stermenin \u00f6tesinde kendisiyle ilgili sorunlar\u0131n\u0131 ortaya koymaktad\u0131r. S\u00f6yleyece\u011fim bir \u015fey yoktur&#8221; diye konu\u015ftu.<\/p>\n<p style=\"text-align: justify;\"><a href=\"http:\/\/www.cnnturk.com\/2011\/turkiye\/12\/23\/gulden.fransaya.zehir.zemberek.sozler\/641726.0\/index.html\" target=\"_blank\">Kaynak : CNN T\u00dcRK<\/a><\/p>\n","protected":false},"excerpt":{"rendered":"<p style=\"text-align: center;\">\n<p style=\"text-align: justify;\">Cumhurba\u015fkan\u0131 Abdullah G\u00fcl, &#8220;D\u00fcn Frans\u0131z Ulusal Meclisi&#8217;nde yap\u0131lan g\u00f6r\u00fc\u015fmeler ger\u00e7ekten \u00e7ok ibret vericiydi. Her \u015feyden \u00f6nce oradaki g\u00f6r\u00fc\u015fmeleri, orada ifade edilen s\u00f6zleri T\u00fcrkiye&#8217;ye, T\u00fcrk halk\u0131na \u00e7ok b\u00fcy\u00fck sayg\u0131s\u0131zl\u0131k olarak g\u00f6r\u00fcyorum&#8221; dedi. <\/p>\n","protected":false},"author":1,"featured_media":0,"comment_status":"open","ping_status":"open","sticky":false,"template":"","format":"standard","meta":{"footnotes":""},"categories":[105],"tags":[],"class_list":["post-45007","post","type-post","status-publish","format-standard","hentry","category-gundem","odd"],"_links":{"self":[{"href":"http:\/\/www.korhanyilmaz.com\/index.php?rest_route=\/wp\/v2\/posts\/45007","targetHints":{"allow":["GET"]}}],"collection":[{"href":"http:\/\/www.korhanyilmaz.com\/index.php?rest_route=\/wp\/v2\/posts"}],"about":[{"href":"http:\/\/www.korhanyilmaz.com\/index.php?rest_route=\/wp\/v2\/types\/post"}],"author":[{"embeddable":true,"href":"http:\/\/www.korhanyilmaz.com\/index.php?rest_route=\/wp\/v2\/users\/1"}],"replies":[{"embeddable":true,"href":"http:\/\/www.korhanyilmaz.com\/index.php?rest_route=%2Fwp%2Fv2%2Fcomments&post=45007"}],"version-history":[{"count":0,"href":"http:\/\/www.korhanyilmaz.com\/index.php?rest_route=\/wp\/v2\/posts\/45007\/revisions"}],"wp:attachment":[{"href":"http:\/\/www.korhanyilmaz.com\/index.php?rest_route=%2Fwp%2Fv2%2Fmedia&parent=45007"}],"wp:term":[{"taxonomy":"category","embeddable":true,"href":"http:\/\/www.korhanyilmaz.com\/index.php?rest_route=%2Fwp%2Fv2%2Fcategories&post=45007"},{"taxonomy":"post_tag","embeddable":true,"href":"http:\/\/www.korhanyilmaz.com\/index.php?rest_route=%2Fwp%2Fv2%2Ftags&post=45007"}],"curies":[{"name":"wp","href":"https:\/\/api.w.org\/{rel}","templated":true}]}}