{"id":45002,"date":"2011-12-23T14:19:39","date_gmt":"2011-12-23T12:19:39","guid":{"rendered":"http:\/\/www.korhanyilmaz.com\/?p=45002"},"modified":"2011-12-23T15:23:35","modified_gmt":"2011-12-23T13:23:35","slug":"sarkozyden-ankaraya-yanit","status":"publish","type":"post","link":"http:\/\/www.korhanyilmaz.com\/?p=45002","title":{"rendered":"Sarkozy&#8217;den Ankara&#8217;ya yan\u0131t!"},"content":{"rendered":"<p style=\"text-align: center;\"><a href=\"http:\/\/www.korhanyilmaz.com\/wp-content\/uploads\/2011\/12\/8709.jpg\"  class=\"lightview\"><img loading=\"lazy\" decoding=\"async\" class=\"aligncenter  wp-image-45003\" src=\"http:\/\/www.korhanyilmaz.com\/wp-content\/uploads\/2011\/12\/8709.jpg\" alt=\"\" width=\"345\" height=\"246\" \/><\/a><\/p>\n<p style=\"text-align: justify;\">Fransa Cumhurba\u015fkan\u0131 Nicolas Sarkozy, Fransa Meclisinin, 1915 olaylar\u0131yla ilgili Ermeni iddialar\u0131n\u0131n reddinin su\u00e7 say\u0131lmas\u0131n\u0131 \u00f6ng\u00f6ren yasa teklifini d\u00fcn kabul etmesinin Ankara&#8217;n\u0131n b\u00fcy\u00fck tepkisine yol a\u00e7mas\u0131n\u0131n ard\u0131ndan, T\u00fcrkiye&#8217;nin Fransa&#8217;n\u0131n inanc\u0131na sayg\u0131 g\u00f6stermesini istedi.<!--more--><\/p>\n<p style=\"text-align: justify;\">Sarkozy, eski \u00c7ek Cumhurba\u015fkan\u0131 Vaclav Havel&#8217;in cenaze t\u00f6renine kat\u0131lmak \u00fczere geldi\u011fi Prag&#8217;da Frans\u0131z bas\u0131n mensuplar\u0131na yapt\u0131\u011f\u0131 a\u00e7\u0131klamada, &#8220;T\u00fcrk dostlar\u0131m\u0131z\u0131n inan\u00e7lar\u0131na sayg\u0131l\u0131y\u0131m, b\u00fcy\u00fck bir \u00fclke, b\u00fcy\u00fck bir uygarl\u0131k, bizim inan\u00e7lar\u0131m\u0131za sayg\u0131 g\u00f6stermeliler&#8221; dedi.<\/p>\n<p style=\"text-align: justify;\">&#8220;Fransa kimseye ders vermiyor, ama Fransa ders almak da istemiyor. Fransa egemen \u015fekilde siyasetini belirliyor&#8221; diye konu\u015fan Cumhurba\u015fkan\u0131 Sarkozy, \u00fclkesinin her ko\u015fulda so\u011fukkanl\u0131l\u0131\u011f\u0131n\u0131 ve s\u00fckunetini korumas\u0131 gerekti\u011fini kaydetti.<\/p>\n<p style=\"text-align: justify;\">Nicolas Sarkozy, &#8220;Fransa izin istemiyor, Fransa&#8217;n\u0131n inan\u00e7lar\u0131, insan haklar\u0131, hat\u0131raya sayg\u0131s\u0131 var&#8221; ifadesini kulland\u0131.<\/p>\n<p style=\"text-align: justify;\"><a href=\"http:\/\/www.cnnturk.com\/2011\/dunya\/12\/23\/sarkozyden.ankaraya.yanit\/641729.0\/index.html\" target=\"_blank\">Kaynak : CNN T\u00dcRK<\/a><\/p>\n","protected":false},"excerpt":{"rendered":"<p style=\"text-align: center;\">\n<p style=\"text-align: justify;\">Fransa Cumhurba\u015fkan\u0131 Nicolas Sarkozy, Fransa Meclisinin, 1915 olaylar\u0131yla ilgili Ermeni iddialar\u0131n\u0131n reddinin su\u00e7 say\u0131lmas\u0131n\u0131 \u00f6ng\u00f6ren yasa teklifini d\u00fcn kabul etmesinin Ankara&#8217;n\u0131n b\u00fcy\u00fck tepkisine yol a\u00e7mas\u0131n\u0131n ard\u0131ndan, T\u00fcrkiye&#8217;nin Fransa&#8217;n\u0131n inanc\u0131na sayg\u0131 g\u00f6stermesini istedi.<\/p>\n","protected":false},"author":1,"featured_media":0,"comment_status":"open","ping_status":"open","sticky":false,"template":"","format":"standard","meta":{"footnotes":""},"categories":[3],"tags":[],"class_list":["post-45002","post","type-post","status-publish","format-standard","hentry","category-dunya","odd"],"_links":{"self":[{"href":"http:\/\/www.korhanyilmaz.com\/index.php?rest_route=\/wp\/v2\/posts\/45002","targetHints":{"allow":["GET"]}}],"collection":[{"href":"http:\/\/www.korhanyilmaz.com\/index.php?rest_route=\/wp\/v2\/posts"}],"about":[{"href":"http:\/\/www.korhanyilmaz.com\/index.php?rest_route=\/wp\/v2\/types\/post"}],"author":[{"embeddable":true,"href":"http:\/\/www.korhanyilmaz.com\/index.php?rest_route=\/wp\/v2\/users\/1"}],"replies":[{"embeddable":true,"href":"http:\/\/www.korhanyilmaz.com\/index.php?rest_route=%2Fwp%2Fv2%2Fcomments&post=45002"}],"version-history":[{"count":0,"href":"http:\/\/www.korhanyilmaz.com\/index.php?rest_route=\/wp\/v2\/posts\/45002\/revisions"}],"wp:attachment":[{"href":"http:\/\/www.korhanyilmaz.com\/index.php?rest_route=%2Fwp%2Fv2%2Fmedia&parent=45002"}],"wp:term":[{"taxonomy":"category","embeddable":true,"href":"http:\/\/www.korhanyilmaz.com\/index.php?rest_route=%2Fwp%2Fv2%2Fcategories&post=45002"},{"taxonomy":"post_tag","embeddable":true,"href":"http:\/\/www.korhanyilmaz.com\/index.php?rest_route=%2Fwp%2Fv2%2Ftags&post=45002"}],"curies":[{"name":"wp","href":"https:\/\/api.w.org\/{rel}","templated":true}]}}