{"id":44999,"date":"2011-12-23T14:45:25","date_gmt":"2011-12-23T12:45:25","guid":{"rendered":"http:\/\/www.korhanyilmaz.com\/?p=44999"},"modified":"2011-12-23T15:19:02","modified_gmt":"2011-12-23T13:19:02","slug":"sarkozy-babasina-sorsun","status":"publish","type":"post","link":"http:\/\/www.korhanyilmaz.com\/?p=44999","title":{"rendered":"&#8220;Sarkozy babas\u0131na sorsun!&#8221;"},"content":{"rendered":"<p style=\"text-align: center;\"><a href=\"http:\/\/www.korhanyilmaz.com\/wp-content\/uploads\/2011\/12\/8708.jpg\"  class=\"lightview\"><img loading=\"lazy\" decoding=\"async\" class=\"aligncenter  wp-image-45000\" src=\"http:\/\/www.korhanyilmaz.com\/wp-content\/uploads\/2011\/12\/8708.jpg\" alt=\"\" width=\"307\" height=\"236\" \/><\/a><\/p>\n<p style=\"text-align: justify;\">Ba\u015fbakan Erdo\u011fan, &#8220;Say\u0131n Sarkozy, T\u00fcrkiye&#8217;nin tarihinde soyk\u0131r\u0131m bulamaz. E\u011fer T\u00fcrkiye tarihine bakarsa, e\u011fer kendi ailesine, kendi aile \u015feceresine \u015f\u00f6yle bir derinli\u011fine bakarsa, orada T\u00fcrkiye&#8217;nin, T\u00fcrklerin yard\u0131m\u0131ndan, ho\u015fg\u00f6r\u00fcs\u00fcnden, \u015fefkatinden ba\u015fka hi\u00e7bir \u015fey g\u00f6rmez ve g\u00f6remez&#8221; dedi.<!--more--><\/p>\n<p style=\"text-align: justify;\">Erdo\u011fan, \u0130slam \u0130\u015fbirli\u011fi Te\u015fkilat\u0131 (\u0130\u0130T) ile \u0130\u0130T Parlamento Birli\u011finin katk\u0131lar\u0131yla Ceylan Intercontinental Otel&#8217;de d\u00fczenlenen &#8220;M\u00fcsl\u00fcman Toplumlarda De\u011fi\u015fim ve Kad\u0131n\u0131n Rol\u00fc Konferans\u0131&#8221;nda yapt\u0131\u011f\u0131 konu\u015fmada, d\u00fcn Fransa Ulusal Meclisi&#8217;nde T\u00fcrkiye&#8217;yi yak\u0131ndan ilgilendiren bir yasa teklifinin oyland\u0131\u011f\u0131n\u0131 ve kabul edildi\u011fini hat\u0131rlatt\u0131.<\/p>\n<p style=\"text-align: justify;\">B\u00f6yle bir toplant\u0131da Fransa&#8217;ya de\u011finmesinin baz\u0131 ki\u015filer taraf\u0131ndan sorgulanabilece\u011fini ifade eden Erdo\u011fan, &#8220;Bunu ortak bir mesele olarak g\u00f6rd\u00fc\u011f\u00fcm i\u00e7in g\u00fcndeme getiriyorum. \u00c7\u00fcnk\u00fc ayr\u0131mc\u0131l\u0131\u011f\u0131n, \u0131rk\u00e7\u0131l\u0131\u011f\u0131n bu d\u00fcnyada nerelerden ne\u015fet etti\u011fini, nerede hala varl\u0131\u011f\u0131n\u0131 korudu\u011funu bilme bak\u0131m\u0131ndan bunu s\u00f6ylemeyi kendim i\u00e7in g\u00f6rev telakki ediyorum&#8221; dedi.<\/p>\n<p style=\"text-align: justify;\">Konuya ili\u015fkin d\u00fcn de\u011ferlendirmelerini yapt\u0131klar\u0131n\u0131 ve Fransa&#8217;ya y\u00f6nelik uygulayacaklar\u0131 baz\u0131 tedbirleri a\u00e7\u0131klad\u0131klar\u0131n\u0131 hat\u0131rlatan Erdo\u011fan, \u015funlar\u0131 kaydetti:<\/p>\n<p style=\"text-align: justify;\">&#8220;Fransa&#8217;da yap\u0131lan oylama, ki bug\u00fcn Fransa&#8217;da yakla\u015f\u0131k 5 milyon M\u00fcsl\u00fcman var, Fransa&#8217;da ve Avrupa&#8217;da \u0131rk\u00e7\u0131l\u0131\u011f\u0131n, ayr\u0131mc\u0131l\u0131\u011f\u0131n, M\u00fcsl\u00fcman kar\u015f\u0131tl\u0131\u011f\u0131n\u0131n ne kadar tehlikeli boyutlara ula\u015ft\u0131\u011f\u0131n\u0131 net olarak ortaya koymu\u015ftur. Fransa Cumhurba\u015fkan\u0131 Sarkozy, T\u00fcrk ve M\u00fcsl\u00fcman d\u00fc\u015fmanl\u0131\u011f\u0131 \u00fczerinden se\u00e7im kazanma h\u0131rs\u0131 i\u00e7ine girmi\u015ftir ve b\u00f6yle tehlikeli oyunlar oynamaktan da ne yaz\u0131k ki ka\u00e7\u0131nmamaktad\u0131r. Cezayir&#8217;de, 1945 y\u0131l\u0131ndan itibaren tahminen n\u00fcfusun y\u00fczde 15&#8217;i Frans\u0131zlar\u0131n katliam\u0131na u\u011fram\u0131\u015ft\u0131r. Bu bir soyk\u0131r\u0131md\u0131r. Cezayirliler, f\u0131r\u0131nlarda toplu olarak yak\u0131ld\u0131, ac\u0131mas\u0131zca \u015fehit edildi. E\u011fer Fransa Cumhurba\u015fkan\u0131 say\u0131n Sarkozy, bu soyk\u0131r\u0131m\u0131 bilmiyorsa, gitsin babas\u0131 Pol Sarkozy&#8217;e sorsun. Babas\u0131 Pol Sarkozy, 1940&#8217;larda Cezayir&#8217;deki Frans\u0131z lejyonunda askerlik yapt\u0131. Eminim ki o\u011fluna, Cezayir&#8217;deki Frans\u0131z katliam\u0131 hakk\u0131nda s\u00f6yleyecek \u00e7ok s\u00f6z\u00fc vard\u0131r.&#8221;<\/p>\n<p style=\"text-align: justify;\"><strong>Sarkozy&#8217;ye hat\u0131rlatma<\/strong><\/p>\n<p style=\"text-align: justify;\">Ba\u015fbakan Erdo\u011fan, Sarkozy&#8217;e bir ba\u015fka hususu daha hat\u0131rlatmak istedi\u011fini belirterek, konu\u015fmas\u0131n\u0131 \u015f\u00f6yle s\u00fcrd\u00fcrd\u00fc:<\/p>\n<p style=\"text-align: justify;\">&#8220;1492 y\u0131l\u0131ndan itibaren, yani 15&#8217;inci y\u00fczy\u0131l\u0131n sonlar\u0131ndan itibaren binlerce Musevi aile, \u0130spanya&#8217;dan engizisyondan ka\u00e7arken onlara Osmanl\u0131 devleti, yani bizim dedelerimiz kucak a\u00e7t\u0131. Bunu s\u00f6yledi\u011fimizde baz\u0131 Museviler bundan rahats\u0131z oluyor. &#8216;Niye ikide bir bunlar\u0131 hat\u0131rlat\u0131yorsun?&#8217; diye&#8230; Tarih bilmiyorsunuz da onun i\u00e7in. Binlerce Musevi, Osmanl\u0131 topraklar\u0131na, Osmanl\u0131&#8217;n\u0131n ho\u015fg\u00f6r\u00fcs\u00fcne s\u0131\u011f\u0131nd\u0131. Y\u00fczy\u0131llar boyunca da Osmanl\u0131 Devleti&#8217;nin tebaas\u0131 olarak sorunsuz \u015fekilde hayat s\u00fcrd\u00fc. \u0130spanya&#8217;dan ka\u00e7\u0131p Osmanl\u0131&#8217;ya s\u0131\u011f\u0131nan Museviler, bug\u00fcn Yunanistan&#8217;da bulunan Selanik \u015fehrine ve \u00e7evresine yerle\u015ftirildiler.<\/p>\n<p style=\"text-align: justify;\">Benedikt Malla, i\u015fte Osmanl\u0131&#8217;n\u0131n sahip \u00e7\u0131kt\u0131\u011f\u0131, kucak a\u00e7t\u0131\u011f\u0131 bu Musevilerden biridir. Selanik Osmanl\u0131 idaresinden ayr\u0131ld\u0131ktan sonra 1904 y\u0131l\u0131nda Fransa&#8217;ya g\u00f6\u00e7 etmek zorunda kalm\u0131\u015ft\u0131r. Benedikt Malla, bug\u00fcn Fransa&#8217;n\u0131n Cumhurba\u015fkan\u0131 olan say\u0131n Sarkozy&#8217;nin de dedesidir. Say\u0131n Sarkozy, T\u00fcrkiye&#8217;nin tarihinde soyk\u0131r\u0131m bulamaz. E\u011fer T\u00fcrkiye tarihine bakarsa, e\u011fer kendi ailesine, kendi aile \u015feceresine \u015f\u00f6yle bir derinli\u011fine bakarsa, orada T\u00fcrkiye&#8217;nin, T\u00fcrklerin yard\u0131m\u0131ndan, ho\u015fg\u00f6r\u00fcs\u00fcnden, \u015fefkatinden ba\u015fka hi\u00e7bir \u015fey g\u00f6rmez ve g\u00f6remez.&#8221;<\/p>\n<p style=\"text-align: justify;\"><a href=\"http:\/\/www.cnnturk.com\/2011\/turkiye\/12\/23\/sarkozy.babasina.sorsun\/641703.0\/index.html\" target=\"_blank\">Kaynak : CNN T\u00dcRK<\/a><\/p>\n","protected":false},"excerpt":{"rendered":"<p style=\"text-align: center;\">\n<p style=\"text-align: justify;\">Ba\u015fbakan Erdo\u011fan, &#8220;Say\u0131n Sarkozy, T\u00fcrkiye&#8217;nin tarihinde soyk\u0131r\u0131m bulamaz. E\u011fer T\u00fcrkiye tarihine bakarsa, e\u011fer kendi ailesine, kendi aile \u015feceresine \u015f\u00f6yle bir derinli\u011fine bakarsa, orada T\u00fcrkiye&#8217;nin, T\u00fcrklerin yard\u0131m\u0131ndan, ho\u015fg\u00f6r\u00fcs\u00fcnden, \u015fefkatinden ba\u015fka hi\u00e7bir \u015fey g\u00f6rmez ve g\u00f6remez&#8221; dedi.<\/p>\n","protected":false},"author":1,"featured_media":0,"comment_status":"open","ping_status":"open","sticky":false,"template":"","format":"standard","meta":{"footnotes":""},"categories":[105],"tags":[],"class_list":["post-44999","post","type-post","status-publish","format-standard","hentry","category-gundem","odd"],"_links":{"self":[{"href":"http:\/\/www.korhanyilmaz.com\/index.php?rest_route=\/wp\/v2\/posts\/44999","targetHints":{"allow":["GET"]}}],"collection":[{"href":"http:\/\/www.korhanyilmaz.com\/index.php?rest_route=\/wp\/v2\/posts"}],"about":[{"href":"http:\/\/www.korhanyilmaz.com\/index.php?rest_route=\/wp\/v2\/types\/post"}],"author":[{"embeddable":true,"href":"http:\/\/www.korhanyilmaz.com\/index.php?rest_route=\/wp\/v2\/users\/1"}],"replies":[{"embeddable":true,"href":"http:\/\/www.korhanyilmaz.com\/index.php?rest_route=%2Fwp%2Fv2%2Fcomments&post=44999"}],"version-history":[{"count":0,"href":"http:\/\/www.korhanyilmaz.com\/index.php?rest_route=\/wp\/v2\/posts\/44999\/revisions"}],"wp:attachment":[{"href":"http:\/\/www.korhanyilmaz.com\/index.php?rest_route=%2Fwp%2Fv2%2Fmedia&parent=44999"}],"wp:term":[{"taxonomy":"category","embeddable":true,"href":"http:\/\/www.korhanyilmaz.com\/index.php?rest_route=%2Fwp%2Fv2%2Fcategories&post=44999"},{"taxonomy":"post_tag","embeddable":true,"href":"http:\/\/www.korhanyilmaz.com\/index.php?rest_route=%2Fwp%2Fv2%2Ftags&post=44999"}],"curies":[{"name":"wp","href":"https:\/\/api.w.org\/{rel}","templated":true}]}}