{"id":44980,"date":"2011-12-22T12:36:13","date_gmt":"2011-12-22T10:36:13","guid":{"rendered":"http:\/\/www.korhanyilmaz.com\/?p=44980"},"modified":"2011-12-23T04:54:18","modified_gmt":"2011-12-23T02:54:18","slug":"izmir-buyuksehire-4-koldan-kiskac","status":"publish","type":"post","link":"http:\/\/www.korhanyilmaz.com\/?p=44980","title":{"rendered":"\u0130zmir B\u00fcy\u00fck\u015fehir&#8217;e 4 koldan k\u0131ska\u00e7!"},"content":{"rendered":"<div id=\"attachment_44981\" style=\"width: 418px\" class=\"wp-caption aligncenter\"><a href=\"http:\/\/www.korhanyilmaz.com\/wp-content\/uploads\/2011\/12\/8706.jpg\"  class=\"lightview\"><img loading=\"lazy\" decoding=\"async\" aria-describedby=\"caption-attachment-44981\" class=\" wp-image-44981\" src=\"http:\/\/www.korhanyilmaz.com\/wp-content\/uploads\/2011\/12\/8706.jpg\" alt=\"\" width=\"408\" height=\"200\" \/><\/a><p id=\"caption-attachment-44981\" class=\"wp-caption-text\">Aziz Kocao\u011flu<\/p><\/div>\n<p style=\"text-align: justify;\">Bakan&#8217;\u0131n yalanlamas\u0131ndan 1 g\u00fcn sonra 4 m\u00fcfetti\u015f denetlemeye ba\u015flad\u0131.<\/p>\n<p style=\"text-align: justify;\">\u0130ZM\u0130R B\u00fcy\u00fck\u015fehir Belediyesi\u2019nde, \u0130\u00e7i\u015fleri Bakanl\u0131\u011f\u0131\u2019n\u0131n g\u00f6revlendirdi\u011fi d\u00f6rt m\u00fcfetti\u015f ve yard\u0131mc\u0131lar\u0131 2007-2011 y\u0131llar\u0131 aras\u0131n\u0131 denetliyor. D\u00f6rt m\u00fcfetti\u015fin, \u0130\u00e7i\u015fleri Bakan\u0131 \u0130dris Naim \u015eahin\u2019in ge\u00e7en 11 Aral\u0131k\u2019ta yapt\u0131\u011f\u0131, &#8220;\u0130zmir B\u00fcy\u00fck\u015fehir Belediyesi\u2019nde ge\u00e7en hafta itibariyle bakanl\u0131k m\u00fcfetti\u015fi bulunmuyor&#8221; a\u00e7\u0131klamas\u0131ndan 1 g\u00fcn sonra 12 Aral\u0131k\u2019ta tefti\u015fe ba\u015flad\u0131\u011f\u0131 ortaya \u00e7\u0131kt\u0131.\u00a0<!--more--><\/p>\n<p style=\"text-align: justify;\">\u0130\u00e7i\u015fleri Bakanl\u0131\u011f\u0131\u2019ndan gelen d\u00f6rt m\u00fcfetti\u015fin \u00fc\u00e7\u00fc \u0130zmir B\u00fcy\u00fck\u015fehir Belediyesi, biri de ESHOT Genel M\u00fcd\u00fcrl\u00fc\u011f\u00fc\u2019nde incelemeye yap\u0131yor. M\u00fcfetti\u015fler 2007-2011 y\u0131llar\u0131 aras\u0131ndaki idari, mali t\u00fcm i\u015flemleri, B\u00fcy\u00fck\u015fehir Belediye Meclis kararlar\u0131n\u0131 mercek alt\u0131nda ald\u0131. Daire ba\u015fkanl\u0131klar\u0131 ve m\u00fcd\u00fcrl\u00fcklerden m\u00fcfetti\u015flere s\u00fcrekli dosya, evrak ve belgeler ta\u015f\u0131nmaya ba\u015fland\u0131. Tefti\u015fin \u00fc\u00e7 y\u0131lda bir yap\u0131lan rutin bir \u00e7al\u0131\u015fma oldu\u011fu, 2011 y\u0131l\u0131 ba\u015f\u0131nda olmas\u0131 beklenirken se\u00e7im d\u00f6nemi ve eleman eksikli\u011fi nedeniyle y\u0131l sonuna kald\u0131\u011f\u0131 \u00f6ne s\u00fcr\u00fcld\u00fc.<\/p>\n<p style=\"text-align: justify;\"><strong>\u0130MAR PLANLARI \u0130NCELEN\u0130YOR\u00a0<\/strong><\/p>\n<p style=\"text-align: justify;\">M\u00fcfetti\u015fler; Belediye Meclisi\u2019nin ald\u0131\u011f\u0131 imar, mali ve idari kararlar\u0131, uygulamalara ait belgelerle kar\u015f\u0131la\u015ft\u0131rmal\u0131 olarak inceliyor. \u00d6rne\u011fin il\u00e7e belediyelere yap\u0131lan maddi yard\u0131mlar\u0131n meclis kararlar\u0131, \u00f6demenin \u015fekli ve gerek\u00e7esinin mevzuata uygunlu\u011fu kontrol ediliyor. \u0130marla ilgili \u00f6ncelikli olarak 1\/25 bin \u00f6l\u00e7ekli ve 1\/5000 \u00f6l\u00e7ekli planlar ve bunlara dair kararlar incelemeye al\u0131nd\u0131. M\u00fcfetti\u015fler yap\u0131lan ihalelerin de \u0130hale yasas\u0131na uygunlu\u011fu konusunda rapor yazmak \u00fczere \u00e7al\u0131\u015fma yap\u0131yor.<\/p>\n<p style=\"text-align: justify;\"><strong>MEMUR ATAMALARI MERCEK ALTINDA\u00a0<\/strong><\/p>\n<p style=\"text-align: justify;\">\u0130dari karar ve uygulamalarla ilgili en dikkat \u00e7ekici inceleme, memur atamalar\u0131 ve g\u00f6revlendirmelerin usul\u00fcne uygun yap\u0131l\u0131p yap\u0131lmad\u0131\u011f\u0131 konusu. Birimlerde g\u00f6rev yapanlar\u0131n tam olarak ne i\u015f yapt\u0131\u011f\u0131 da yaz\u0131l\u0131 olarak istendi. Belediyede yap\u0131lan sat\u0131n alma i\u015flemleri, yap\u0131lan \u00f6demelerle ilgili belgeler de incelemeye al\u0131nd\u0131. M\u00fcfetti\u015fler, tefti\u015f kapsam\u0131nda her biri konular\u0131nda bilgili oldu\u011fu belirtilen yard\u0131mc\u0131larla birlikte \u00e7al\u0131\u015f\u0131yor. ESHOT Genel M\u00fcd\u00fcrl\u00fc\u011f\u00fc\u2019nde de m\u00fcfetti\u015f, sat\u0131n almalar, ihaleler, otob\u00fcs kiralamalar\u0131, atamalar gibi konularda inceleme yap\u0131yor.<\/p>\n<p style=\"text-align: justify;\"><strong>BAKAN\u2019IN A\u00c7IKLAMASININ ARDINDAN 4 M\u00dcFETT\u0130\u015eLE TEFT\u0130\u015e\u00a0<\/strong><\/p>\n<p style=\"text-align: justify;\">B\u00fcy\u00fck\u015fehir Belediye Ba\u015fkan\u0131 Aziz Kocao\u011flu\u2019nun 16 Kas\u0131m\u2019da yapt\u0131\u011f\u0131 a\u00e7\u0131klamada 1 May\u0131s 2011\u2019de belediyeye d\u00fczenlenen polis operasyondan sonraki s\u00fcre\u00e7te vergi denetmeni, Say\u0131\u015ftay denet\u00e7isi, savc\u0131l\u0131\u011f\u0131n g\u00f6revlendirdi\u011fi bilirki\u015filer ve m\u00fclkiye m\u00fcfetti\u015fleri dahil 80\u2019e yak\u0131n denet\u00e7inin t\u00fcm birim ve \u015firketlerde denetim, inceleme yapt\u0131\u011f\u0131n\u0131 a\u00e7\u0131klamas\u0131ndan sonra \u00f6nce 22 Kas\u0131m\u2019da ikinci operasyon ger\u00e7ekle\u015fti. Ard\u0131ndan 11 Aral\u0131k\u2019ta \u0130\u00e7i\u015fleri Bakan\u0131 \u0130dris Naim \u015eahin, &#8220;Ge\u00e7en hafta itibariyle \u0130zmir B\u00fcy\u00fck\u015fehir Belediyesi\u2019nde bakanl\u0131k m\u00fcfetti\u015fi bulunmuyor&#8221; a\u00e7\u0131klamas\u0131 yapt\u0131.<\/p>\n<p style=\"text-align: justify;\">Bakan \u015eahin\u2019in \u0130zmir B\u00fcy\u00fck\u015fehir Belediyesi\u2019nde m\u00fcfetti\u015f bulunmad\u0131\u011f\u0131n\u0131 a\u00e7\u0131klamas\u0131ndan bir g\u00fcn sonra \u0130zmir B\u00fcy\u00fck\u015fehir Belediyesi\u2019ne d\u00f6rt m\u00fcfetti\u015f tefti\u015f i\u00e7in gelerek \u00e7al\u0131\u015fmalar\u0131na ba\u015flad\u0131.<\/p>\n<p style=\"text-align: justify;\"><strong>\u0130L\u00c7E BELED\u0130YELER VE VAL\u0130L\u0130\u011eE BA\u011eLI M\u00dcD\u00dcRL\u00dcKLERDE DE TEFT\u0130\u015e\u00a0<\/strong><\/p>\n<p style=\"text-align: justify;\">\u00d6te yandan B\u00fcy\u00fck\u015fehir Belediyesi d\u0131\u015f\u0131nda Bayrakl\u0131, Narl\u0131dere, G\u00fczelbah\u00e7e, Menemen, Gaziemir, Bergama, Fo\u00e7a, Menderes, \u00c7i\u011fli ve Karaba\u011flar il\u00e7e belediyelerinde de m\u00fcfetti\u015fler 3 y\u0131ll\u0131k tefti\u015f ba\u015flatt\u0131. Ayr\u0131ca Valilik \u0130l Planlama ve Koordinasyon M\u00fcd\u00fcrl\u00fc\u011f\u00fc, \u0130l Dernekler M\u00fcd\u00fcrl\u00fc\u011f\u00fc, \u0130l N\u00fcfus ve Vatanda\u015fl\u0131k M\u00fcd\u00fcrl\u00fc\u011f\u00fc, Adnan Menderes Havaliman\u0131 M\u00fclki \u0130dare Amirli\u011fi, \u0130l \u00d6zel \u0130daresi, \u0130l Sivil Savunma Arama Kurtarma Birlik M\u00fcd\u00fcrl\u00fc\u011f\u00fc, \u0130l Emniyet M\u00fcd\u00fcrl\u00fc\u011f\u00fc, \u0130l Jandarma Komutanl\u0131\u011f\u0131, Sahil G\u00fcvenlik ve Deniz B\u00f6lge Komutanl\u0131\u011f\u0131\u2019n\u0131n da tefti\u015fe girdi\u011fi \u00f6\u011frenildi.<\/p>\n<p style=\"text-align: justify;\"><a href=\"http:\/\/muhalifgazete.com\/28144-izmir-Buyuksehir-e-4-koldan-kiskac.htm\" target=\"_blank\">Kaynak : Muhalif Gazete<\/a><\/p>\n","protected":false},"excerpt":{"rendered":"<p id=\"caption-attachment-44981\" class=\"wp-caption-text\">Aziz Kocao\u011flu<\/p>\n<p style=\"text-align: justify;\">Bakan&#8217;\u0131n yalanlamas\u0131ndan 1 g\u00fcn sonra 4 m\u00fcfetti\u015f denetlemeye ba\u015flad\u0131.<\/p>\n<p style=\"text-align: justify;\">\u0130ZM\u0130R B\u00fcy\u00fck\u015fehir Belediyesi\u2019nde, \u0130\u00e7i\u015fleri Bakanl\u0131\u011f\u0131\u2019n\u0131n g\u00f6revlendirdi\u011fi d\u00f6rt m\u00fcfetti\u015f ve yard\u0131mc\u0131lar\u0131 2007-2011 y\u0131llar\u0131 aras\u0131n\u0131 denetliyor. D\u00f6rt m\u00fcfetti\u015fin, \u0130\u00e7i\u015fleri Bakan\u0131 \u0130dris Naim \u015eahin\u2019in ge\u00e7en 11 Aral\u0131k\u2019ta yapt\u0131\u011f\u0131, &#8220;\u0130zmir B\u00fcy\u00fck\u015fehir Belediyesi\u2019nde ge\u00e7en hafta itibariyle bakanl\u0131k m\u00fcfetti\u015fi bulunmuyor&#8221; a\u00e7\u0131klamas\u0131ndan 1 g\u00fcn sonra <\/p>\n","protected":false},"author":1,"featured_media":0,"comment_status":"open","ping_status":"open","sticky":false,"template":"","format":"standard","meta":{"footnotes":""},"categories":[105],"tags":[],"class_list":["post-44980","post","type-post","status-publish","format-standard","hentry","category-gundem","odd"],"_links":{"self":[{"href":"http:\/\/www.korhanyilmaz.com\/index.php?rest_route=\/wp\/v2\/posts\/44980","targetHints":{"allow":["GET"]}}],"collection":[{"href":"http:\/\/www.korhanyilmaz.com\/index.php?rest_route=\/wp\/v2\/posts"}],"about":[{"href":"http:\/\/www.korhanyilmaz.com\/index.php?rest_route=\/wp\/v2\/types\/post"}],"author":[{"embeddable":true,"href":"http:\/\/www.korhanyilmaz.com\/index.php?rest_route=\/wp\/v2\/users\/1"}],"replies":[{"embeddable":true,"href":"http:\/\/www.korhanyilmaz.com\/index.php?rest_route=%2Fwp%2Fv2%2Fcomments&post=44980"}],"version-history":[{"count":0,"href":"http:\/\/www.korhanyilmaz.com\/index.php?rest_route=\/wp\/v2\/posts\/44980\/revisions"}],"wp:attachment":[{"href":"http:\/\/www.korhanyilmaz.com\/index.php?rest_route=%2Fwp%2Fv2%2Fmedia&parent=44980"}],"wp:term":[{"taxonomy":"category","embeddable":true,"href":"http:\/\/www.korhanyilmaz.com\/index.php?rest_route=%2Fwp%2Fv2%2Fcategories&post=44980"},{"taxonomy":"post_tag","embeddable":true,"href":"http:\/\/www.korhanyilmaz.com\/index.php?rest_route=%2Fwp%2Fv2%2Ftags&post=44980"}],"curies":[{"name":"wp","href":"https:\/\/api.w.org\/{rel}","templated":true}]}}