{"id":44971,"date":"2011-12-22T17:21:52","date_gmt":"2011-12-22T15:21:52","guid":{"rendered":"http:\/\/www.korhanyilmaz.com\/?p=44971"},"modified":"2011-12-22T18:58:00","modified_gmt":"2011-12-22T16:58:00","slug":"elciligin-onune-cezayir-aniti-dikerim","status":"publish","type":"post","link":"http:\/\/www.korhanyilmaz.com\/?p=44971","title":{"rendered":"El\u00e7ili\u011fin \u00f6n\u00fcne Cezayir an\u0131t\u0131 dikerim"},"content":{"rendered":"<p style=\"text-align: center;\"><a href=\"http:\/\/www.korhanyilmaz.com\/wp-content\/uploads\/2011\/12\/8705.gif\"  class=\"lightview\"><img loading=\"lazy\" decoding=\"async\" class=\"aligncenter  wp-image-44972\" src=\"http:\/\/www.korhanyilmaz.com\/wp-content\/uploads\/2011\/12\/8705.gif\" alt=\"\" width=\"399\" height=\"224\" \/><\/a><\/p>\n<p style=\"text-align: justify;\">Ankara B\u00fcy\u00fck\u015fehir Belediye Ba\u015fkan\u0131 Melih G\u00f6k\u00e7ek, Ermeni soyk\u0131r\u0131m\u0131n\u0131 inkar yasas\u0131 teklifinin Fransa Parlamentosu\u2019nda kabul edilmesi halinde Fransa\u2019n\u0131n Ankara B\u00fcy\u00fckel\u00e7ili\u011fi\u2019nin kar\u015f\u0131s\u0131na Cezayir\u2019de yap\u0131lan mezalimi anlatan bir an\u0131t dikeceklerini s\u00f6ylemi\u015fti. Tasar\u0131 Frans\u0131z Meclisi&#8217;nde kabul edildi.\u00a0<!--more--><\/p>\n<p style=\"text-align: justify;\">G\u00f6k\u00e7ek \u015f\u00f6yle konu\u015ftu: \u201cBiz ba\u015fka \u00fclkeyle gereksiz yere \u00e7at\u0131\u015fmak istemeyiz. Ama \u00e7at\u0131\u015fmay\u0131 kendileri istiyorsa d\u00fcnya kamuoyunda ses getirecek \u00e7ok daha b\u00fcy\u00fck i\u015fler yapmas\u0131n\u0131 biliriz. Ankara\u2019da bunun ilk ad\u0131m\u0131 olarak Fransa B\u00fcy\u00fckel\u00e7ili\u011fi\u2019nin kar\u015f\u0131s\u0131nda tespit etti\u011fimiz \u00fc\u00e7 yerden birine Frans\u0131z Mezalimi An\u0131t\u0131 dikece\u011fiz. An\u0131tta ba\u015fta Fransa\u2019n\u0131n Cezayir\u2019e yapt\u0131\u011f\u0131 mezalim olmak \u00fczere di\u011fer \u00fclkelere yapt\u0131klar\u0131n\u0131 anlataca\u011f\u0131z. An\u0131t\u0131n bir yerine koyaca\u011f\u0131m\u0131z bir tu\u015fla da yoldan ge\u00e7enlerin rahatl\u0131kla duyabilece\u011fi \u015fekilde Cezayir Milli Mar\u015f\u0131\u2019n\u0131n \u00e7al\u0131nmas\u0131n\u0131 sa\u011flayaca\u011f\u0131z. Frans\u0131z Mezalimi An\u0131t\u0131\u2019n\u0131 \u00f6yle bir yere koyaca\u011f\u0131z ki ba\u015fta b\u00fcy\u00fckel\u00e7i olmak \u00fczere Fransa B\u00fcy\u00fckel\u00e7ili\u011fi\u2019ne giden herkes rahatl\u0131kla g\u00f6rebilecek.\u201d<\/p>\n<p style=\"text-align: justify;\"><a href=\"http:\/\/www.hurriyet.com.tr\/gundem\/19518881.asp\" target=\"_blank\">Kaynak : H\u00fcrriyet.com.tr<\/a><\/p>\n","protected":false},"excerpt":{"rendered":"<p style=\"text-align: center;\">\n<p style=\"text-align: justify;\">Ankara B\u00fcy\u00fck\u015fehir Belediye Ba\u015fkan\u0131 Melih G\u00f6k\u00e7ek, Ermeni soyk\u0131r\u0131m\u0131n\u0131 inkar yasas\u0131 teklifinin Fransa Parlamentosu\u2019nda kabul edilmesi halinde Fransa\u2019n\u0131n Ankara B\u00fcy\u00fckel\u00e7ili\u011fi\u2019nin kar\u015f\u0131s\u0131na Cezayir\u2019de yap\u0131lan mezalimi anlatan bir an\u0131t dikeceklerini s\u00f6ylemi\u015fti. Tasar\u0131 Frans\u0131z Meclisi&#8217;nde kabul edildi. <\/p>\n","protected":false},"author":1,"featured_media":0,"comment_status":"open","ping_status":"open","sticky":false,"template":"","format":"standard","meta":{"footnotes":""},"categories":[105],"tags":[295],"class_list":["post-44971","post","type-post","status-publish","format-standard","hentry","category-gundem","tag-melih-gokcek","odd"],"_links":{"self":[{"href":"http:\/\/www.korhanyilmaz.com\/index.php?rest_route=\/wp\/v2\/posts\/44971","targetHints":{"allow":["GET"]}}],"collection":[{"href":"http:\/\/www.korhanyilmaz.com\/index.php?rest_route=\/wp\/v2\/posts"}],"about":[{"href":"http:\/\/www.korhanyilmaz.com\/index.php?rest_route=\/wp\/v2\/types\/post"}],"author":[{"embeddable":true,"href":"http:\/\/www.korhanyilmaz.com\/index.php?rest_route=\/wp\/v2\/users\/1"}],"replies":[{"embeddable":true,"href":"http:\/\/www.korhanyilmaz.com\/index.php?rest_route=%2Fwp%2Fv2%2Fcomments&post=44971"}],"version-history":[{"count":0,"href":"http:\/\/www.korhanyilmaz.com\/index.php?rest_route=\/wp\/v2\/posts\/44971\/revisions"}],"wp:attachment":[{"href":"http:\/\/www.korhanyilmaz.com\/index.php?rest_route=%2Fwp%2Fv2%2Fmedia&parent=44971"}],"wp:term":[{"taxonomy":"category","embeddable":true,"href":"http:\/\/www.korhanyilmaz.com\/index.php?rest_route=%2Fwp%2Fv2%2Fcategories&post=44971"},{"taxonomy":"post_tag","embeddable":true,"href":"http:\/\/www.korhanyilmaz.com\/index.php?rest_route=%2Fwp%2Fv2%2Ftags&post=44971"}],"curies":[{"name":"wp","href":"https:\/\/api.w.org\/{rel}","templated":true}]}}