{"id":44967,"date":"2011-12-22T18:22:18","date_gmt":"2011-12-22T16:22:18","guid":{"rendered":"http:\/\/www.korhanyilmaz.com\/?p=44967"},"modified":"2011-12-22T18:59:14","modified_gmt":"2011-12-22T16:59:14","slug":"erdogan-yaptirimlari-acikladi","status":"publish","type":"post","link":"http:\/\/www.korhanyilmaz.com\/?p=44967","title":{"rendered":"Erdo\u011fan yapt\u0131r\u0131mlar\u0131 a\u00e7\u0131klad\u0131"},"content":{"rendered":"<p style=\"text-align: center;\"><a href=\"http:\/\/www.korhanyilmaz.com\/wp-content\/uploads\/2011\/12\/8704.jpg\"  class=\"lightview\"><img loading=\"lazy\" decoding=\"async\" class=\"aligncenter  wp-image-44968\" src=\"http:\/\/www.korhanyilmaz.com\/wp-content\/uploads\/2011\/12\/8704.jpg\" alt=\"\" width=\"344\" height=\"238\" \/><\/a><\/p>\n<p style=\"text-align: justify;\">Fransa Meclisi&#8217;nde Ermeni soyk\u0131r\u0131m\u0131n\u0131n inkar\u0131n\u0131 su\u00e7 sayan yasan\u0131n kabul edilmesini de\u011ferlendiren Ba\u015fbakan Recep Tayyip Erdo\u011fan, &#8220;Ne yaz\u0131k ki, Frans\u0131z ihtilalinin simgeleri ayaklar alt\u0131na al\u0131nm\u0131\u015ft\u0131r&#8221; dedi. Erdo\u011fan daha sonra Fransa&#8217;ya d\u00f6n\u00fck askeri ve ekonomik yapt\u0131r\u0131mlar\u0131n ilk etab\u0131n\u0131 a\u00e7\u0131klad\u0131.<!--more--><\/p>\n<p style=\"text-align: justify;\">Ba\u015fbakan Recep Tayyip Erdo\u011fan, Fransa parlamentosunda kabul edilen 1915 olaylar\u0131yla ilgili Ermeni iddialar\u0131n\u0131n inkar\u0131n\u0131 su\u00e7 sayan d\u00fczenlemeye ili\u015fkin g\u00f6r\u00fc\u015flerini, Ukrayna Cumhurba\u015fkan\u0131 Viktor Yanukovi\u00e7 ile g\u00f6r\u00fc\u015fmesinden sonra ortakla\u015fa yapt\u0131klar\u0131 bas\u0131n toplant\u0131s\u0131nda a\u00e7\u0131klad\u0131.<\/p>\n<p style=\"text-align: justify;\"><strong>&#8220;Ciddiyetten uzak suland\u0131r\u0131lm\u0131\u015f oylama&#8221;\u00a0<\/strong><\/p>\n<p style=\"text-align: justify;\">&#8220;B\u00f6yle bir karar\u0131n Fransa&#8217;da a\u00e7\u0131klanm\u0131\u015f olmas\u0131, al\u0131nm\u0131\u015f olmas\u0131 bizler a\u00e7\u0131s\u0131ndan da ayr\u0131 bir talihsizlik ama Fransa a\u00e7\u0131s\u0131ndan \u00e7ok b\u00fcy\u00fck bir talihsizlik&#8221; diyen Ba\u015fbakan Erdo\u011fan, karar\u0131n insan haklar\u0131na tamamen ters oldu\u011funu s\u00f6yledi. Erdo\u011fan \u015funlar\u0131 s\u00f6yledi:<\/p>\n<p style=\"text-align: justify;\">&#8220;T\u00fcrkiye-Fransa ili\u015fkilerinde \u00e7ok a\u011f\u0131r ve telafisi zor yaralar a\u00e7acakt\u0131r. Burada enteresan bir durum daha var. 1979&#8217;da Fransa&#8217;n\u0131n ba\u015fkenti Paris&#8217;te merhum ticaret ata\u015femiz \u00c7olpan&#8217;\u0131n bir ter\u00f6r sald\u0131r\u0131s\u0131 ile katledilmi\u015f olmas\u0131 ayr\u0131ca anlaml\u0131d\u0131r. \u00c7ok daha enteresan bir durum var. 577 milletvekilinden olu\u015fan Fransa Ulusal Meclisi&#8217;nden b\u00f6yle hassas, bu kadar \u00f6nemli bir oylaman\u0131n onda biri bile bulmayan kat\u0131l\u0131mla ger\u00e7ekle\u015fmi\u015f olmas\u0131 \u00e7ok daha manidar. Bunlar ne kadar ciddiyetten uzak bir yakla\u015f\u0131m tarz\u0131d\u0131r, nas\u0131l bir yakla\u015f\u0131md\u0131r, nas\u0131l suland\u0131r\u0131lm\u0131\u015f bir oylamad\u0131r anlamak m\u00fcmk\u00fcn de\u011fil. Bu giri\u015fim haks\u0131zd\u0131r, isabetsizdir ve bu karar\u0131 T\u00fcrkiye olarak \u015fiddetle k\u0131n\u0131yoruz.&#8221;<\/p>\n<p style=\"text-align: justify;\"><strong>&#8220;Sarkozy se\u00e7im u\u011fruna heba etti&#8221;\u00a0<\/strong><\/p>\n<p style=\"text-align: justify;\">\u0130ki \u00fclke aras\u0131ndaki ili\u015fkilerin 100 y\u0131ldan \u00e7ok daha eskiye dayand\u0131\u011f\u0131n\u0131 dile getiren Ba\u015fbakan Erdo\u011fan, &#8220;As\u0131rlar\u0131 m\u00fctecaviz bir ili\u015fki a\u011f\u0131 olan T\u00fcrkiye &#8211; Fransa \u015fu anda maalesef farkl\u0131 bir y\u00f6netimin sadece siyasi hesaplar i\u00e7erisinde olan, yakla\u015fan se\u00e7imlerin hesab\u0131 i\u00e7erisinde olan say\u0131n Sarkozy&#8217;nin ne yaz\u0131k ki, bu se\u00e7imler i\u00e7in heba etti\u011fi bir s\u00fcre\u00e7tir&#8221; diye konu\u015ftu.<\/p>\n<p style=\"text-align: justify;\"><strong>&#8220;Frans\u0131z ihtilalinin simgeleri ayaklar alt\u0131na al\u0131nd\u0131&#8221;\u00a0<\/strong><\/p>\n<p style=\"text-align: justify;\">&#8220;Bu oylama T\u00fcrkiye&#8217;den ziyade Fransa&#8217;ya, Fransa halk\u0131na, Fransa&#8217;n\u0131n in\u015fa edildi\u011fi ilkelere \u00e7ok b\u00fcy\u00fck bir haks\u0131zl\u0131kt\u0131r&#8221; diyen Erdo\u011fan, \u015funlar\u0131 s\u00f6yledi:<\/p>\n<p style=\"text-align: justify;\">&#8220;\u015eimdi ben \u015fu soruyu soruyorum: Fransa&#8217;da d\u00fc\u015f\u00fcnce \u00f6zg\u00fcrl\u00fc\u011f\u00fc, ifade \u00f6zg\u00fcrl\u00fc\u011f\u00fc var m\u0131? Cevab\u0131n\u0131 da ben veriyorum: Yok! Bizim tarihimizde b\u00f6yle bir soyk\u0131r\u0131m yok, bunu kabullenmiyoruz; kabullenmemiz m\u00fcmk\u00fcn de\u011fil. \u015eu anda bizim \u00fclkemizde resmi, gayri resmi 100 bin civar\u0131nda Ermeni ya\u015famaktad\u0131r. Bunlar\u0131n bir k\u0131sm\u0131 vatanda\u015f\u0131m\u0131zd\u0131r, bir k\u0131sm\u0131 ise vatanda\u015f\u0131m\u0131z olmay\u0131p \u015fu anda \u00fclkemizde bulunanlard\u0131r. Bu \u00f6zg\u00fcr tart\u0131\u015fma ortam\u0131n\u0131 ortadan kald\u0131rm\u0131\u015ft\u0131r. Ne yaz\u0131k ki, Frans\u0131z ihtilalinin simgeleri olarak bilinen \u00f6zg\u00fcrl\u00fck, e\u015fitlik, karde\u015flik bug\u00fcn Fransa taraf\u0131ndan ayaklar alt\u0131na al\u0131nm\u0131\u015ft\u0131r. Her halde bundan sonra Fransa Voltaire&#8217;yi de Montesqueu&#8217;yu da konu\u015fmaz.&#8221;<\/p>\n<p style=\"text-align: justify;\">Erdo\u011fan, bu karar\u0131n bir boyutuna daha de\u011finece\u011fini belirterek, &#8220;Bu oylamada Cumhurba\u015fkanl\u0131\u011f\u0131 se\u00e7imleri \u00f6ncesinde \u0131rk\u00e7\u0131l\u0131k, ayr\u0131mc\u0131l\u0131k, yabanc\u0131 d\u00fc\u015fmanl\u0131\u011f\u0131 \u00fczerinden siyaset yapma vard\u0131r. Fransa&#8217;da s\u0131rf ki\u015fisel ihtiraslar, s\u0131rf se\u00e7im kazanmak u\u011fruna T\u00fcrk, T\u00fcrkiye d\u00fc\u015fmanl\u0131\u011f\u0131 Avrupa ve Avrupa&#8217;n\u0131n savundu\u011fu de\u011ferler u\u011fruna da kayg\u0131 vericidir&#8221; dedi.<\/p>\n<p style=\"text-align: justify;\"><strong>Uygulamaya konan yapt\u0131r\u0131mlar\u00a0<\/strong><\/p>\n<p style=\"text-align: justify;\">Erdo\u011fan \u015f\u00f6yle konu\u015ftu: &#8220;Tabii Fransa ile ili\u015fkilerimizi g\u00f6zden ge\u00e7iriyoruz. Bundan sonraki Fransa&#8217;n\u0131n tavr\u0131na g\u00f6re biz de \u00f6nlemlerimizi, tedbirlerimizi, tedricen etap etap hayata ge\u00e7irece\u011fiz. \u015eu anda isti\u015fareler i\u00e7in Paris B\u00fcy\u00fckel\u00e7imizi Ankara&#8217;ya \u00e7a\u011f\u0131r\u0131yoruz. \u015eu andan itibaren ikili d\u00fczeyde ger\u00e7ekle\u015ftirilmesi \u00f6n g\u00f6r\u00fclen siyasi, askeri, ekonomik mahiyetteki kar\u015f\u0131l\u0131kl\u0131 ziyaretlerle, seminer, e\u011fitim, kurs, personel de\u011fi\u015fimi gibi faaliyetleri iptal ediyoruz. Avrupa Birli\u011fi \u00e7er\u00e7evesindeki e\u015fle\u015ftirme projelerinde Fransa ile art\u0131k i\u015fbirli\u011fine gitmeyece\u011fiz. Fransa ile her t\u00fcrl\u00fc siyasi isti\u015fareyi durduruyoruz. \u0130kili askeri faaliyetler ve ortak tatbikatlar\u0131 \u015fu andan itibaren iptal ediyoruz.<\/p>\n<p style=\"text-align: justify;\">B\u00fct\u00fcn \u00fcst u\u00e7u\u015f ve ini\u015f kalk\u0131\u015f izinlerini iptal ediyor, her u\u00e7u\u015f i\u00e7in ayr\u0131 izin uygulamas\u0131na ge\u00e7iyoruz. Askeri gemilerin liman ziyaretleri i\u00e7in izin ba\u015fvurular\u0131n\u0131 bug\u00fcnden itibaren reddediyoruz. 2012 y\u0131l\u0131 Ocak ay\u0131nda iki \u00fclke Ekonomi Bakanlar\u0131n\u0131n e\u015f ba\u015fkanl\u0131\u011f\u0131nda yap\u0131lmas\u0131 tasarlanan T\u00fcrkiye-Fransa Ekonomik ve Ticari Ortakl\u0131k Komitesi toplant\u0131s\u0131na kat\u0131lm\u0131yor bu toplant\u0131y\u0131 ger\u00e7ekle\u015ftirmiyoruz. Bu ilk etapt\u0131r. Alt\u0131n\u0131 \u00e7izerek ifade ediyorum bu ilk etapt\u0131r. \u0130lk a\u015famad\u0131r.<\/p>\n<p style=\"text-align: justify;\">Yasan\u0131n Fransa&#8217;daki seyrine g\u00f6re yeni tedbirler de g\u00fcndeme gelecek ve taraf\u0131m\u0131zdan hi\u00e7bir teredd\u00fcte mahal b\u0131rakmaks\u0131z\u0131n kararl\u0131l\u0131kla uygulanacakt\u0131r. Bu arada Fransa Ulusal Meclisi&#8217;nde sa\u011fduyulu, sorumlu davranan, teklife kar\u015f\u0131 \u00e7\u0131kan, kar\u015f\u0131 oy kullanan parlamenterlere de te\u015fekk\u00fcr ediyorum. Hatta baz\u0131 h\u00fck\u00fcmet \u00fcyeleri de bu konuda ger\u00e7ekten sa\u011fduyulu bir imtihan vermi\u015ftir.&#8221;<\/p>\n<p style=\"text-align: justify;\"><a href=\"http:\/\/www.cnnturk.com\/2011\/turkiye\/12\/22\/erdogan.yaptirimlari.acikladi\/641620.0\/index.html\" target=\"_blank\">Kaynak : CNN T\u00dcRK<\/a><\/p>\n","protected":false},"excerpt":{"rendered":"<p style=\"text-align: center;\">\n<p style=\"text-align: justify;\">Fransa Meclisi&#8217;nde Ermeni soyk\u0131r\u0131m\u0131n\u0131n inkar\u0131n\u0131 su\u00e7 sayan yasan\u0131n kabul edilmesini de\u011ferlendiren Ba\u015fbakan Recep Tayyip Erdo\u011fan, &#8220;Ne yaz\u0131k ki, Frans\u0131z ihtilalinin simgeleri ayaklar alt\u0131na al\u0131nm\u0131\u015ft\u0131r&#8221; dedi. Erdo\u011fan daha sonra Fransa&#8217;ya d\u00f6n\u00fck askeri ve ekonomik yapt\u0131r\u0131mlar\u0131n ilk etab\u0131n\u0131 a\u00e7\u0131klad\u0131.<\/p>\n","protected":false},"author":1,"featured_media":0,"comment_status":"open","ping_status":"open","sticky":false,"template":"","format":"standard","meta":{"footnotes":""},"categories":[105],"tags":[],"class_list":["post-44967","post","type-post","status-publish","format-standard","hentry","category-gundem","odd"],"_links":{"self":[{"href":"http:\/\/www.korhanyilmaz.com\/index.php?rest_route=\/wp\/v2\/posts\/44967","targetHints":{"allow":["GET"]}}],"collection":[{"href":"http:\/\/www.korhanyilmaz.com\/index.php?rest_route=\/wp\/v2\/posts"}],"about":[{"href":"http:\/\/www.korhanyilmaz.com\/index.php?rest_route=\/wp\/v2\/types\/post"}],"author":[{"embeddable":true,"href":"http:\/\/www.korhanyilmaz.com\/index.php?rest_route=\/wp\/v2\/users\/1"}],"replies":[{"embeddable":true,"href":"http:\/\/www.korhanyilmaz.com\/index.php?rest_route=%2Fwp%2Fv2%2Fcomments&post=44967"}],"version-history":[{"count":0,"href":"http:\/\/www.korhanyilmaz.com\/index.php?rest_route=\/wp\/v2\/posts\/44967\/revisions"}],"wp:attachment":[{"href":"http:\/\/www.korhanyilmaz.com\/index.php?rest_route=%2Fwp%2Fv2%2Fmedia&parent=44967"}],"wp:term":[{"taxonomy":"category","embeddable":true,"href":"http:\/\/www.korhanyilmaz.com\/index.php?rest_route=%2Fwp%2Fv2%2Fcategories&post=44967"},{"taxonomy":"post_tag","embeddable":true,"href":"http:\/\/www.korhanyilmaz.com\/index.php?rest_route=%2Fwp%2Fv2%2Ftags&post=44967"}],"curies":[{"name":"wp","href":"https:\/\/api.w.org\/{rel}","templated":true}]}}