{"id":44952,"date":"2011-12-22T10:58:32","date_gmt":"2011-12-22T08:58:32","guid":{"rendered":"http:\/\/www.korhanyilmaz.com\/?p=44952"},"modified":"2011-12-22T16:18:05","modified_gmt":"2011-12-22T14:18:05","slug":"memura-toplu-sozlesme-meclise-geliyor","status":"publish","type":"post","link":"http:\/\/www.korhanyilmaz.com\/?p=44952","title":{"rendered":"Memura toplu s\u00f6zle\u015fme Meclis&#8217;e geliyor"},"content":{"rendered":"<p style=\"text-align: center;\"><a href=\"http:\/\/www.korhanyilmaz.com\/wp-content\/uploads\/2011\/12\/8703.jpg\"  class=\"lightview\"><img loading=\"lazy\" decoding=\"async\" class=\"aligncenter  wp-image-44953\" src=\"http:\/\/www.korhanyilmaz.com\/wp-content\/uploads\/2011\/12\/8703.jpg\" alt=\"\" width=\"338\" height=\"214\" \/><\/a><\/p>\n<p style=\"text-align: justify;\">\u00c7al\u0131\u015fma ve Sosyal G\u00fcvenlik Bakan\u0131 \u00c7elik, hem i\u015f\u00e7i, hem de memur sendikalar\u0131 ile ilgili yasa tasla\u011f\u0131na bu ak\u015fam nihai \u015feklinin verilece\u011fini s\u00f6yledi.<\/p>\n<p style=\"text-align: justify;\">ANKARA &#8211; \u00c7al\u0131\u015fma ve Sosyal G\u00fcvenlik Bakan\u0131 Faruk \u00c7elik, \u0130\u015eKUR 6. Genel Kurulu \u00f6ncesi gazetecilerin sorular\u0131n\u0131 yan\u0131tlad\u0131.<\/p>\n<p style=\"text-align: justify;\">Bakan \u00c7elik, Kamu G\u00f6revlileri Sendikalar\u0131 Kanun tasla\u011f\u0131n\u0131n halen Bakanlar Kurulunda oldu\u011funun hat\u0131rlat\u0131lmas\u0131 \u00fczerine de &#8221;Bu ak\u015fam h\u00fck\u00fcmet \u00fcyeleriyle nihai bir g\u00f6r\u00fc\u015fme yaparak, 4688 say\u0131l\u0131 Kamu G\u00f6revlileri Sendikalar\u0131 Kanun Tasla\u011f\u0131 ile 2821 say\u0131l\u0131 \u0130\u015f \u0130li\u015fkileri Kanunu Tasla\u011f\u0131&#8217;n\u0131 bu hafta Meclis&#8217;e g\u00f6nderece\u011fiz&#8221; dedi.\u00a0<!--more--><\/p>\n<p style=\"text-align: justify;\">Bakan \u00c7elik, baz\u0131 ila\u00e7lar\u0131n fiyatland\u0131r\u0131lmas\u0131nda s\u0131k\u0131nt\u0131 ya\u015fand\u0131\u011f\u0131n\u0131n belirtilmesi \u00fczerine, SGK&#8217;ya yap\u0131lan m\u00fcracaatlar\u0131n dikkate al\u0131nd\u0131\u011f\u0131n\u0131 ve bu \u00e7er\u00e7evede \u00e7al\u0131\u015fma yap\u0131ld\u0131\u011f\u0131n\u0131 s\u00f6yledi.<\/p>\n<p style=\"text-align: justify;\">S\u0131k\u0131nt\u0131 ya\u015fanan ila\u00e7lar\u0131n an\u0131nda de\u011ferlendirildi\u011fini ifade eden \u00c7elik, herhangi bir s\u0131k\u0131nt\u0131 varsa bunlar\u0131n ele al\u0131narak \u00e7\u00f6z\u00fclece\u011fini dile getirdi. \u015eu anda kendilerine iletilen herhangi bir s\u0131k\u0131nt\u0131 olmad\u0131\u011f\u0131n\u0131 ifade eden Bakan \u00c7elik, &#8221;Baz\u0131 ila\u00e7larda fiyat art\u0131\u015f\u0131na gidilmesinin do\u011fru olaca\u011f\u0131 y\u00f6n\u00fcnde Sa\u011fl\u0131k Bakanl\u0131\u011f\u0131na yaz\u0131 yazd\u0131k ve bunu d\u00fcn bildirdik. Say\u0131n bakanla \u015fifahen de konu\u015ftuk, orada bir s\u0131k\u0131nt\u0131 ya\u015fanmayacak&#8221; dedi.<\/p>\n<p style=\"text-align: justify;\"><a href=\"http:\/\/www.ntvmsnbc.com\/id\/25307800\/\" target=\"_blank\">Kaynak : NTVMSNBC<\/a><\/p>\n","protected":false},"excerpt":{"rendered":"<p style=\"text-align: center;\">\n<p style=\"text-align: justify;\">\u00c7al\u0131\u015fma ve Sosyal G\u00fcvenlik Bakan\u0131 \u00c7elik, hem i\u015f\u00e7i, hem de memur sendikalar\u0131 ile ilgili yasa tasla\u011f\u0131na bu ak\u015fam nihai \u015feklinin verilece\u011fini s\u00f6yledi.<\/p>\n<p style=\"text-align: justify;\">ANKARA &#8211; \u00c7al\u0131\u015fma ve Sosyal G\u00fcvenlik Bakan\u0131 Faruk \u00c7elik, \u0130\u015eKUR 6. Genel Kurulu \u00f6ncesi gazetecilerin sorular\u0131n\u0131 yan\u0131tlad\u0131.<\/p>\n<p style=\"text-align: justify;\">Bakan \u00c7elik, Kamu G\u00f6revlileri Sendikalar\u0131 Kanun tasla\u011f\u0131n\u0131n <\/p>\n","protected":false},"author":1,"featured_media":0,"comment_status":"open","ping_status":"open","sticky":false,"template":"","format":"standard","meta":{"footnotes":""},"categories":[7],"tags":[],"class_list":["post-44952","post","type-post","status-publish","format-standard","hentry","category-ekonomi","odd"],"_links":{"self":[{"href":"http:\/\/www.korhanyilmaz.com\/index.php?rest_route=\/wp\/v2\/posts\/44952","targetHints":{"allow":["GET"]}}],"collection":[{"href":"http:\/\/www.korhanyilmaz.com\/index.php?rest_route=\/wp\/v2\/posts"}],"about":[{"href":"http:\/\/www.korhanyilmaz.com\/index.php?rest_route=\/wp\/v2\/types\/post"}],"author":[{"embeddable":true,"href":"http:\/\/www.korhanyilmaz.com\/index.php?rest_route=\/wp\/v2\/users\/1"}],"replies":[{"embeddable":true,"href":"http:\/\/www.korhanyilmaz.com\/index.php?rest_route=%2Fwp%2Fv2%2Fcomments&post=44952"}],"version-history":[{"count":0,"href":"http:\/\/www.korhanyilmaz.com\/index.php?rest_route=\/wp\/v2\/posts\/44952\/revisions"}],"wp:attachment":[{"href":"http:\/\/www.korhanyilmaz.com\/index.php?rest_route=%2Fwp%2Fv2%2Fmedia&parent=44952"}],"wp:term":[{"taxonomy":"category","embeddable":true,"href":"http:\/\/www.korhanyilmaz.com\/index.php?rest_route=%2Fwp%2Fv2%2Fcategories&post=44952"},{"taxonomy":"post_tag","embeddable":true,"href":"http:\/\/www.korhanyilmaz.com\/index.php?rest_route=%2Fwp%2Fv2%2Ftags&post=44952"}],"curies":[{"name":"wp","href":"https:\/\/api.w.org\/{rel}","templated":true}]}}