{"id":44948,"date":"2011-12-22T09:15:20","date_gmt":"2011-12-22T07:15:20","guid":{"rendered":"http:\/\/www.korhanyilmaz.com\/?p=44948"},"modified":"2011-12-22T16:14:41","modified_gmt":"2011-12-22T14:14:41","slug":"turkiye-fransanin-11-ticaret-ortagi","status":"publish","type":"post","link":"http:\/\/www.korhanyilmaz.com\/?p=44948","title":{"rendered":"T\u00fcrkiye, Fransa&#8217;n\u0131n 11. ticaret orta\u011f\u0131"},"content":{"rendered":"<p style=\"text-align: center;\"><a href=\"http:\/\/www.korhanyilmaz.com\/wp-content\/uploads\/2011\/12\/8702.jpg\"  class=\"lightview\"><img loading=\"lazy\" decoding=\"async\" class=\"aligncenter  wp-image-44949\" src=\"http:\/\/www.korhanyilmaz.com\/wp-content\/uploads\/2011\/12\/8702.jpg\" alt=\"\" width=\"338\" height=\"214\" \/><\/a><\/p>\n<p style=\"text-align: justify;\">T\u00fcrkiye, Fransa&#8217;n\u0131n en fazla ihracat yapt\u0131\u011f\u0131 11. \u00fclke konumunda. Ekonomik alanda, ticaretin yan\u0131 s\u0131ra, T\u00fcrkiye&#8217;nin a\u00e7aca\u011f\u0131 ihaleler de Fransa a\u00e7\u0131s\u0131ndan b\u00fcy\u00fck \u00f6nem ta\u015f\u0131yor.<\/p>\n<p style=\"text-align: justify;\">PAR\u0130S &#8211; 1915 olaylar\u0131yla ilgili Ermeni iddialar\u0131na kar\u015f\u0131 \u00e7\u0131kman\u0131n su\u00e7 say\u0131lmas\u0131n\u0131 \u00f6ng\u00f6ren yasa teklifinin Fransa meclisinden kabul edilmesinin, iki \u00fclke aras\u0131nda son yollarda giderek artan ekonomik ili\u015fkileri de olumsuz y\u00f6nde etkilemesi bekleniyor.\u00a0<!--more--><\/p>\n<p style=\"text-align: justify;\">T\u00fcrkiye&#8217;nin n\u00fckleer enerji santrali kurma projeleri, savunma sanayiindeki ihtiya\u00e7lar\u0131, h\u0131zl\u0131 tren \u00e7al\u0131\u015fmalar\u0131na dair ihalelerin de Fransa a\u00e7\u0131s\u0131ndan olumsuz sonu\u00e7lanabilece\u011fi yorumlar\u0131 yap\u0131l\u0131yor.<\/p>\n<p style=\"text-align: justify;\">T\u00fcrk i\u015fadamlar\u0131ndan olu\u015fan bir heyet de bu konudaki tehlikeye Frans\u0131zlar\u0131n dikkatini \u00e7ekmek i\u00e7in bu \u00fclkeyi ziyaret etti.<\/p>\n<p style=\"text-align: justify;\">Son d\u00f6nemde iki \u00fclke aras\u0131ndaki \u00f6ne \u00e7\u0131kan baz\u0131 ekonomik veriler \u015f\u00f6yle:<\/p>\n<p style=\"text-align: justify;\">2010 y\u0131l\u0131 rakamlar\u0131na g\u00f6re T\u00fcrkiye, Fransa&#8217;n\u0131n en fazla ihracat yapt\u0131\u011f\u0131 \u00fclkeler s\u0131ralamas\u0131nda 6 milyar 264 milyon Euro ile 11. s\u0131rada.<\/p>\n<p style=\"text-align: justify;\">Fransa&#8217;n\u0131n en fazla ithalat yapt\u0131\u011f\u0131 \u00fclkeler s\u0131ralamas\u0131nda T\u00fcrkiye, 5 milyar 402 milyon Euro ile 16. s\u0131rada.<\/p>\n<p style=\"text-align: justify;\">Fransa&#8217;n\u0131n 2011 y\u0131l\u0131n\u0131n ilk 10 ay\u0131 i\u00e7in T\u00fcrkiye&#8217;ye yapt\u0131\u011f\u0131 ihracat 5 milyar 693 milyon Euro.<\/p>\n<p style=\"text-align: justify;\">Fransa&#8217;n\u0131n 2011 y\u0131l\u0131n\u0131n ilk 10 ay\u0131 i\u00e7in T\u00fcrkiye&#8217;den yapt\u0131\u011f\u0131 ithalat ise 4 milyar 929 milyon Euro.<\/p>\n<p style=\"text-align: justify;\">Fransa, 2009 y\u0131l\u0131nda T\u00fcrkiye&#8217;ye 4 milyar 485 milyon Euro ihracat yaparken, yine ayn\u0131 y\u0131l T\u00fcrkiye&#8217;den 5 milyar 78 milyon Euro ithalat yapm\u0131\u015f.<\/p>\n<p style=\"text-align: justify;\"><strong>\u0130HRACAT VE \u0130THALAT MALLARI<\/strong><\/p>\n<p style=\"text-align: justify;\">Fransa&#8217;n\u0131n T\u00fcrkiye&#8217;ye ihracat\u0131nda ilk s\u0131rada otomobil yan sanayi geliyor. 2011 y\u0131l\u0131nda Fransa, T\u00fcrkiye&#8217;ye otomobil yan sanayi alan\u0131nda 761 milyon Euro ihracat yapm\u0131\u015f. Fransa&#8217;n\u0131n T\u00fcrkiye&#8217;ye ihracat\u0131ndaki s\u0131ralamada otomobiller, u\u00e7ak ve u\u00e7ak motorlar\u0131, eczac\u0131l\u0131k \u00fcr\u00fcnleri, plastik hammadde daha sonraki s\u0131ralar\u0131 al\u0131yor.<\/p>\n<p style=\"text-align: justify;\">Fransa&#8217;n\u0131n T\u00fcrkiye&#8217;den ithalat\u0131nda, 1 milyar 862 milyon Euro ile yine otomobiller ilk s\u0131rada. Fransa, T\u00fcrkiye&#8217;den 2011 y\u0131l\u0131nda 412 milyon Euro tutar\u0131nda i\u00e7 giyim \u00fcr\u00fcn\u00fc, 292 milyon Euro tutar\u0131nda beyaz e\u015fya ithal etmi\u015f.<\/p>\n<p style=\"text-align: justify;\">Deri d\u0131\u015f\u0131nda d\u0131\u015f giyim \u00fcr\u00fcnleri, otomotiv yan sanayi, tekstil \u00fcr\u00fcnleri, elektronik cihazlar yine Fransa&#8217;n\u0131n T\u00fcrkiye&#8217;den ithal etti\u011fi \u00f6nemli mallar aras\u0131nda yer al\u0131yor.<\/p>\n<p style=\"text-align: justify;\"><strong>FRANSA&#8217;NIN EKONOM\u0130K TABLOSU<\/strong><\/p>\n<p style=\"text-align: justify;\">Fransa&#8217;n\u0131n 2010 y\u0131l\u0131nda toplam ihracat\u0131 386 milyar Euro, toplam ithalat\u0131 453 milyar Euro olarak ger\u00e7ekle\u015firken, d\u0131\u015f ticarette 53 milyar Euro a\u00e7\u0131k verdi.<\/p>\n<p style=\"text-align: justify;\">2011 y\u0131l\u0131 ilk 10 ay\u0131 rakamlar\u0131na g\u00f6re Fransa&#8217;n\u0131n ihracat\u0131 345 milyar Euro, ithalat\u0131ysa 418 milyar Euro civar\u0131nda. Bu da daha \u015fimdiden d\u0131\u015f ticaret a\u00e7\u0131\u011f\u0131n\u0131n 72 milyar Euroyu buldu\u011funu g\u00f6steriyor.<\/p>\n<p style=\"text-align: justify;\">Toplam n\u00fcfusu 65 milyon olan Fransa&#8217;da i\u015fsizlik oran\u0131 y\u00fczde 9.6.<\/p>\n<p style=\"text-align: justify;\">Aktif n\u00fcfus say\u0131s\u0131 28.3 milyon. \u00dclkede ki\u015fi ba\u015f\u0131na d\u00fc\u015fen gelirin 29 bin 805 Euro oldu\u011fu Fransa&#8217;da gayri safi milli has\u0131lan\u0131n art\u0131\u015f oran\u0131 y\u00fczde 0.09.<\/p>\n<p style=\"text-align: justify;\"><a href=\"http:\/\/www.ntvmsnbc.com\/id\/25308067\/\" target=\"_blank\">Kaynak : NTVMSNBC<\/a><\/p>\n","protected":false},"excerpt":{"rendered":"<p style=\"text-align: center;\">\n<p style=\"text-align: justify;\">T\u00fcrkiye, Fransa&#8217;n\u0131n en fazla ihracat yapt\u0131\u011f\u0131 11. \u00fclke konumunda. Ekonomik alanda, ticaretin yan\u0131 s\u0131ra, T\u00fcrkiye&#8217;nin a\u00e7aca\u011f\u0131 ihaleler de Fransa a\u00e7\u0131s\u0131ndan b\u00fcy\u00fck \u00f6nem ta\u015f\u0131yor.<\/p>\n<p style=\"text-align: justify;\">PAR\u0130S &#8211; 1915 olaylar\u0131yla ilgili Ermeni iddialar\u0131na kar\u015f\u0131 \u00e7\u0131kman\u0131n su\u00e7 say\u0131lmas\u0131n\u0131 \u00f6ng\u00f6ren yasa teklifinin Fransa meclisinden kabul edilmesinin, iki \u00fclke aras\u0131nda son yollarda giderek artan <\/p>\n","protected":false},"author":1,"featured_media":0,"comment_status":"open","ping_status":"open","sticky":false,"template":"","format":"standard","meta":{"footnotes":""},"categories":[7],"tags":[],"class_list":["post-44948","post","type-post","status-publish","format-standard","hentry","category-ekonomi","odd"],"_links":{"self":[{"href":"http:\/\/www.korhanyilmaz.com\/index.php?rest_route=\/wp\/v2\/posts\/44948","targetHints":{"allow":["GET"]}}],"collection":[{"href":"http:\/\/www.korhanyilmaz.com\/index.php?rest_route=\/wp\/v2\/posts"}],"about":[{"href":"http:\/\/www.korhanyilmaz.com\/index.php?rest_route=\/wp\/v2\/types\/post"}],"author":[{"embeddable":true,"href":"http:\/\/www.korhanyilmaz.com\/index.php?rest_route=\/wp\/v2\/users\/1"}],"replies":[{"embeddable":true,"href":"http:\/\/www.korhanyilmaz.com\/index.php?rest_route=%2Fwp%2Fv2%2Fcomments&post=44948"}],"version-history":[{"count":0,"href":"http:\/\/www.korhanyilmaz.com\/index.php?rest_route=\/wp\/v2\/posts\/44948\/revisions"}],"wp:attachment":[{"href":"http:\/\/www.korhanyilmaz.com\/index.php?rest_route=%2Fwp%2Fv2%2Fmedia&parent=44948"}],"wp:term":[{"taxonomy":"category","embeddable":true,"href":"http:\/\/www.korhanyilmaz.com\/index.php?rest_route=%2Fwp%2Fv2%2Fcategories&post=44948"},{"taxonomy":"post_tag","embeddable":true,"href":"http:\/\/www.korhanyilmaz.com\/index.php?rest_route=%2Fwp%2Fv2%2Ftags&post=44948"}],"curies":[{"name":"wp","href":"https:\/\/api.w.org\/{rel}","templated":true}]}}