{"id":44944,"date":"2011-12-22T10:05:20","date_gmt":"2011-12-22T08:05:20","guid":{"rendered":"http:\/\/www.korhanyilmaz.com\/?p=44944"},"modified":"2011-12-22T16:00:06","modified_gmt":"2011-12-22T14:00:06","slug":"maras-olaylarina-mit-bizzat-katki-yapti","status":"publish","type":"post","link":"http:\/\/www.korhanyilmaz.com\/?p=44944","title":{"rendered":"&#8216;Mara\u015f olaylar\u0131na M\u0130T bizzat katk\u0131 yapt\u0131&#8217;"},"content":{"rendered":"<p style=\"text-align: center;\"><a href=\"http:\/\/www.korhanyilmaz.com\/wp-content\/uploads\/2011\/12\/8701.jpg\"  class=\"lightview\"><img loading=\"lazy\" decoding=\"async\" class=\"aligncenter  wp-image-44945\" src=\"http:\/\/www.korhanyilmaz.com\/wp-content\/uploads\/2011\/12\/8701.jpg\" alt=\"\" width=\"333\" height=\"191\" \/><\/a><\/p>\n<p style=\"text-align: justify;\">Mara\u015f olaylar\u0131n\u0131n 33 y\u0131ld\u00f6n\u00fcm\u00fcnde konu\u015fan d\u00f6nemin \u0130\u00e7i\u015fleri Bakan\u0131 Fehmi G\u00fcne\u015f, orduyu ve M\u0130T&#8217;i su\u00e7lad\u0131.<\/p>\n<p style=\"text-align: justify;\">Mara\u015f Katliam\u0131\u2019n\u0131n 33. y\u0131ld\u00f6n\u00fcm\u00fcnde eski \u0130\u00e7i\u015fleri Bakan\u0131 Hasan Fehmi G\u00fcne\u015f, ya\u015fananlar\u0131 \u015f\u00f6yle \u00f6zetledi: \u201cFa\u015fist bir pland\u0131. Engel olmay\u0131 b\u0131rak\u0131n, M\u0130T bizzat katk\u0131 yapt\u0131.\u201d<\/p>\n<p style=\"text-align: justify;\">Mara\u015f olaylar\u0131nda \u0130\u00e7i\u015fleri Bakan\u0131 olan G\u00fcne\u015f, \u201cY\u00f6r\u00fckselim Mahallesi\u2019nde canilerin elinden kurtulan 10 ya\u015f\u0131ndaki bir \u00e7ocuk ka\u00e7arak kom\u015fular\u0131na s\u0131\u011f\u0131n\u0131yor ancak onca y\u0131ll\u0131k kom\u015fular\u0131 onu evine alm\u0131yor. Yine bir ki\u015fiyi a\u011faca \u00e7ivileyip ate\u015f ederek \u00f6ld\u00fcr\u00fcyorlar. En vah\u015fi olaylardan birisi de kocaman bir kazanda kaynar suya at\u0131larak \u00f6ld\u00fcr\u00fclen \u00e7ocuk cesedi bulduk\u201d dedi.\u00a0<!--more--><\/p>\n<p style=\"text-align: justify;\">Olaylar\u0131 \u201cfa\u015fist bir plan\u201d olarak nitelendiren G\u00fcne\u015f, \u00e7arp\u0131c\u0131 a\u00e7\u0131klamalar yapt\u0131. G\u00fcne\u015f, \u201cMara\u015f, katliam\u0131 g\u00f6z g\u00f6re g\u00f6re geldi. Fakat \u00f6n\u00fcne ge\u00e7ilemedi \u00e7\u00fcnk\u00fc istihbarat bize bunlarla ilgili bilgi vermiyordu. Olaylar ba\u015flad\u0131, valiye istihbarat verilmedi, askeri \u00e7a\u011f\u0131rmakta da ge\u00e7 kal\u0131nd\u0131. Gelen asker de yeterli de\u011fildi. Ben istihbarat \u00f6rg\u00fct\u00fcn\u00fcn oradaki cinayetlere, oradaki katliama katk\u0131 yapt\u0131\u011f\u0131n\u0131 d\u00fc\u015f\u00fcn\u00fcyorum. Engel olmay\u0131 b\u0131rak\u0131n, M\u0130T bizzat katk\u0131 yapt\u0131&#8230; Bakanl\u0131k g\u00f6revim boyunca M\u0130T\u2019ten bilgi alamad\u0131m. Ba\u015fbakan\u0131m\u0131z B\u00fclent Ecevit, bana g\u00fcvenirdi, benimle bu konular\u0131 konu\u015furdu. Ben M\u0130T\u2019e y\u00f6nelik \u015fik\u00e2yetlerimi ona s\u00f6yledi\u011fim de o da bana dert yanard\u0131. \u2018Ne yapaca\u011f\u0131z bu M\u0130T\u2019i? La\u011fvedelim o zaman. Yerine yenisini kural\u0131m\u2019 dedim. Say\u0131n Ba\u015fbakan\u0131m\u0131z g\u00fcld\u00fc ve bunu benim gen\u00e7li\u011fime verdi\u201d dedi.<\/p>\n<p style=\"text-align: justify;\">G\u00fcne\u015f, \u201cAs\u0131l istenen T\u00fcrkiye\u2019nin askeri y\u00f6netime devredilmesiydi. Darbe deyin, s\u0131k\u0131y\u00f6netim deyin ne derseniz deyin. Tek istenen bunlar i\u00e7in ortam haz\u0131rlamakt\u0131. Ecevit s\u0131k\u0131y\u00f6netime hep kar\u015f\u0131 \u00e7\u0131kt\u0131. O d\u00f6nem siyaset adamlar\u0131 bile \u2018H\u00fck\u00fcmeti b\u0131rak\u0131n gidin, askere teslim edin\u2019 diye beyanatlar veriyorlard\u0131\u201d dedi.<\/p>\n<p style=\"text-align: justify;\">Kahramanmara\u015f katliam\u0131n\u0131n ard\u0131ndan 13 kentte s\u0131k\u0131y\u00f6netim ilan edildi\u011fini ancak \u201cdarbe isteyenlerin\u201d T\u00fcrkiye genelinde s\u0131k\u0131y\u00f6netim istedi\u011fini ifade eden G\u00fcne\u015f, MGK\u2019de ya\u015fanan tart\u0131\u015fmay\u0131 \u015f\u00f6yle anlatt\u0131:<\/p>\n<p style=\"text-align: justify;\">\u201cBen MGK\u2019de \u0130\u00e7i\u015fleri Bakan\u0131 olarak, \u20182 ilde s\u0131k\u0131y\u00f6netimi kald\u0131ral\u0131m\u2019 diye bir teklif sundum. Cumhurba\u015fkan\u0131 Fahri Korut\u00fcrk ve Ba\u015fbakan B\u00fclent Ecevit de beni destekledi. Sonra askeri kanada s\u00f6z verildi. \u201813 il yeterli de\u011fil, T\u00fcrkiye genelinde s\u0131k\u0131y\u00f6netim ilan edelim\u2019 dediler. Bunun \u00fczerine Cumhurba\u015fkan\u0131 \u2018Ne yapaca\u011f\u0131z \u015fimdi?\u2019 diye sordu. Ben \u2018Oylayal\u0131m\u2019 dedim. Ben \u00f6yle deyince Ba\u015fbakan Ecevit, Cumhurba\u015fkan\u0131\u2019na \u2018Hay\u0131r efendim, biz MGK\u2019de hi\u00e7bir zaman oylama yapm\u0131yoruz. Oybirli\u011fiyle karar al\u0131yoruz. Siz iki taraf\u0131 da dinlediniz, siz karar verin\u2019 dedi. Korut\u00fcrk de \u2018\u00d6yleyse ne artt\u0131ral\u0131m, ne eksiltelim. Oldu\u011fu gibi devam edelim\u2019 dedi.\u2019<\/p>\n<p style=\"text-align: justify;\"><a href=\"http:\/\/www.ntvmsnbc.com\/id\/25308083\/\" target=\"_blank\">Kaynak : NTVMSNBC<\/a><\/p>\n","protected":false},"excerpt":{"rendered":"<p style=\"text-align: center;\">\n<p style=\"text-align: justify;\">Mara\u015f olaylar\u0131n\u0131n 33 y\u0131ld\u00f6n\u00fcm\u00fcnde konu\u015fan d\u00f6nemin \u0130\u00e7i\u015fleri Bakan\u0131 Fehmi G\u00fcne\u015f, orduyu ve M\u0130T&#8217;i su\u00e7lad\u0131.<\/p>\n<p style=\"text-align: justify;\">Mara\u015f Katliam\u0131\u2019n\u0131n 33. y\u0131ld\u00f6n\u00fcm\u00fcnde eski \u0130\u00e7i\u015fleri Bakan\u0131 Hasan Fehmi G\u00fcne\u015f, ya\u015fananlar\u0131 \u015f\u00f6yle \u00f6zetledi: \u201cFa\u015fist bir pland\u0131. Engel olmay\u0131 b\u0131rak\u0131n, M\u0130T bizzat katk\u0131 yapt\u0131.\u201d<\/p>\n<p style=\"text-align: justify;\">Mara\u015f olaylar\u0131nda \u0130\u00e7i\u015fleri Bakan\u0131 olan G\u00fcne\u015f, \u201cY\u00f6r\u00fckselim Mahallesi\u2019nde canilerin <\/p>\n","protected":false},"author":1,"featured_media":0,"comment_status":"open","ping_status":"open","sticky":false,"template":"","format":"standard","meta":{"footnotes":""},"categories":[105],"tags":[],"class_list":["post-44944","post","type-post","status-publish","format-standard","hentry","category-gundem","odd"],"_links":{"self":[{"href":"http:\/\/www.korhanyilmaz.com\/index.php?rest_route=\/wp\/v2\/posts\/44944","targetHints":{"allow":["GET"]}}],"collection":[{"href":"http:\/\/www.korhanyilmaz.com\/index.php?rest_route=\/wp\/v2\/posts"}],"about":[{"href":"http:\/\/www.korhanyilmaz.com\/index.php?rest_route=\/wp\/v2\/types\/post"}],"author":[{"embeddable":true,"href":"http:\/\/www.korhanyilmaz.com\/index.php?rest_route=\/wp\/v2\/users\/1"}],"replies":[{"embeddable":true,"href":"http:\/\/www.korhanyilmaz.com\/index.php?rest_route=%2Fwp%2Fv2%2Fcomments&post=44944"}],"version-history":[{"count":0,"href":"http:\/\/www.korhanyilmaz.com\/index.php?rest_route=\/wp\/v2\/posts\/44944\/revisions"}],"wp:attachment":[{"href":"http:\/\/www.korhanyilmaz.com\/index.php?rest_route=%2Fwp%2Fv2%2Fmedia&parent=44944"}],"wp:term":[{"taxonomy":"category","embeddable":true,"href":"http:\/\/www.korhanyilmaz.com\/index.php?rest_route=%2Fwp%2Fv2%2Fcategories&post=44944"},{"taxonomy":"post_tag","embeddable":true,"href":"http:\/\/www.korhanyilmaz.com\/index.php?rest_route=%2Fwp%2Fv2%2Ftags&post=44944"}],"curies":[{"name":"wp","href":"https:\/\/api.w.org\/{rel}","templated":true}]}}