{"id":44941,"date":"2011-12-22T14:40:03","date_gmt":"2011-12-22T12:40:03","guid":{"rendered":"http:\/\/www.korhanyilmaz.com\/?p=44941"},"modified":"2011-12-22T14:46:37","modified_gmt":"2011-12-22T12:46:37","slug":"fransa-teklifi-kabul-etti","status":"publish","type":"post","link":"http:\/\/www.korhanyilmaz.com\/?p=44941","title":{"rendered":"Fransa teklifi kabul etti!"},"content":{"rendered":"<p style=\"text-align: center;\"><a href=\"http:\/\/www.korhanyilmaz.com\/wp-content\/uploads\/2011\/12\/8700.jpg\"  class=\"lightview\"><img loading=\"lazy\" decoding=\"async\" class=\"aligncenter  wp-image-44942\" src=\"http:\/\/www.korhanyilmaz.com\/wp-content\/uploads\/2011\/12\/8700.jpg\" alt=\"\" width=\"279\" height=\"214\" \/><\/a><\/p>\n<p style=\"text-align: justify;\">Fransa meclisi genel kurulu, 1915 olaylar\u0131n\u0131n &#8216;soyk\u0131r\u0131m&#8217; olmad\u0131\u011f\u0131 y\u00f6n\u00fcndeki ifadelerin su\u00e7 say\u0131lmas\u0131n\u0131 \u00f6ng\u00f6ren yasa teklifini kabul etti.<\/p>\n<p style=\"text-align: justify;\">Fransa meclisi genel kurulu, 1915 olaylar\u0131yla ilgili Ermeni iddialar\u0131n\u0131n reddinin su\u00e7 say\u0131lmas\u0131n\u0131 \u00f6ng\u00f6ren yasa teklifini kabul etti.<\/p>\n<p style=\"text-align: justify;\">Genel kuruldaki oturuma 577 milletvekilinden sadece 70\u2019e yak\u0131n\u0131 kat\u0131ld\u0131. \u0130ki maddeden olu\u015fan teklif, oy \u00e7oklu\u011fuyla (38 oy) kabul edildi.<\/p>\n<p style=\"text-align: justify;\">Teklifin g\u00f6r\u00fc\u015f\u00fclmesi yakla\u015f\u0131k d\u00f6rt saat s\u00fcrd\u00fc.\u00a0<!--more--><\/p>\n<p style=\"text-align: justify;\">Kamuoyunda &#8220;soyk\u0131r\u0131m\u0131 inkar yasas\u0131&#8221; olarak bilinen ve 1915 olaylar\u0131yla ilgili Ermeni iddialar\u0131n\u0131n reddedilmesini su\u00e7 sayan yasa teklifi, Frans\u0131z Ulusal Meclisi\u2019nde kabul edildi. Kritik oturum, 577 milletvekilinden 41&#8217;inin kat\u0131l\u0131m\u0131yla a\u00e7\u0131ld\u0131. Parlamento binas\u0131n\u0131n d\u0131\u015f\u0131nda yakla\u015f\u0131k 5 bin T\u00fcrk g\u00f6steri d\u00fczenledi.<\/p>\n<p style=\"text-align: justify;\">Fransa meclisi genel kurulu, 1915 olaylar\u0131yla ilgili Ermeni iddialar\u0131n\u0131n reddinin su\u00e7 say\u0131lmas\u0131n\u0131 \u00f6ng\u00f6ren yasa teklifini g\u00f6r\u00fc\u015ft\u00fc.<\/p>\n<p style=\"text-align: justify;\">Fransa meclisi genel kurulu, 1915 olaylar\u0131n\u0131n &#8216;soyk\u0131r\u0131m&#8217; olmad\u0131\u011f\u0131 y\u00f6n\u00fcndeki ifadelerin su\u00e7 say\u0131lmas\u0131n\u0131 \u00f6ng\u00f6ren yasa teklifini kabul etti.<\/p>\n<p style=\"text-align: justify;\">Genel kurulda ilk olarak, yasa teklifini kaleme alan, iktidardaki Halk Hareketi Birli\u011fi (UMP) Marsilya milletvekili Valerie Boyer s\u00f6z ald\u0131.<\/p>\n<p style=\"text-align: justify;\">Daha sonra siyasi grup s\u00f6zc\u00fcleri ve h\u00fck\u00fcmet ad\u0131na bir bakan yasa teklifiyle ilgili s\u00f6z alacak. Meclisteki bu konu\u015fmalar\u0131n ard\u0131ndan 12 milletvekili daha konu\u015fma yapt\u0131.<\/p>\n<p style=\"text-align: justify;\">Oturuma kat\u0131l\u0131m\u0131n d\u00fc\u015f\u00fck olmas\u0131 dikkat \u00e7ekti. Yasa teklifine ili\u015fkin 10 de\u011fi\u015fiklik \u00f6nergesi sunuldu. De\u011fi\u015fiklik \u00f6nergelerinden en \u00f6nemlisi \u00fcniversitelerde g\u00f6revli veya bilimsel \u00e7al\u0131\u015fmalar yapanlar\u0131n m\u00fceyyidelerden muaf tutulmas\u0131n\u0131 \u00f6ng\u00f6r\u00fcyor.<\/p>\n<p style=\"text-align: justify;\">Yasa tasar\u0131s\u0131na kar\u015f\u0131 Paris\u2019te T\u00fcrkler g\u00f6steriler yap\u0131yor. Ulusal Meclis \u00f6n\u00fcnde sabah 6\u2019dan itibaren toplanan kalabal\u0131k g\u00f6sterilere ba\u015flad\u0131. T\u00fcrkler Fransa\u2019n\u0131n \u00e7e\u015fitli \u015fehirlerinden otob\u00fcslerle geldi.<\/p>\n<p style=\"text-align: justify;\"><strong>BOYER: T\u00dcRK\u0130YE FRANSA&#8217;YI BOYKOT EDEMEZ\u00a0<\/strong><\/p>\n<p style=\"text-align: justify;\">Genel kurulda ilk olarak, yasa teklifini kaleme alan, iktidardaki Halk Hareketi Birli\u011fi (UMP) Marsilya milletvekili Valerie Boyer s\u00f6z ald\u0131. Boyer konu\u015fmas\u0131nda, &#8220;yasa teklifine tepki olarak T\u00fcrkiye\u2019nin diplomatik tehditlerinin kabul edilemez oldu\u011funu&#8221; s\u00f6yledi. Frans\u0131z milletvekili, T\u00fcrkiye\u2019nin ekonomik yapt\u0131r\u0131m tehditlerinin D\u00fcnya Ticaret \u00d6rg\u00fct\u00fc ve AB kurallar\u0131na ayk\u0131r\u0131 oldu\u011funu iddia etti.<\/p>\n<p style=\"text-align: justify;\">&#8220;Frans\u0131z i\u015f adamlar\u0131, T\u00fcrkiye\u2019nin tehditlerine boyun e\u011fmesin&#8221; diyen Boyer, yasa teklifinin T\u00fcrkiye\u2019yi hedef almad\u0131\u011f\u0131n\u0131 ve AB uyum yasalar\u0131 gere\u011fiyle de gerekli oldu\u011funu iddia etti.<\/p>\n<p style=\"text-align: justify;\">Fransa meclisi genel kurulu, 1915 olaylar\u0131n\u0131n &#8216;soyk\u0131r\u0131m&#8217; olmad\u0131\u011f\u0131 y\u00f6n\u00fcndeki ifadelerin su\u00e7 say\u0131lmas\u0131n\u0131 \u00f6ng\u00f6ren yasa teklifini g\u00f6r\u00fc\u015fmeye ba\u015flad\u0131. Tasla\u011f\u0131 haz\u0131rlayan milletvekili, T\u00fcrkiye&#8217;nin boykot tehdidinin ciddiye al\u0131nmamas\u0131 \u00e7a\u011fr\u0131s\u0131nda bulundu.<\/p>\n<p style=\"text-align: justify;\">Ermeni tehcirinin &#8216;soyk\u0131r\u0131m&#8217; oldu\u011funu daha \u00f6nce kabul eden Fransa, bu kez iddialar\u0131 inkar edenlere ceza verilmesini \u00f6ng\u00f6ren yasay\u0131 oyluyor.<\/p>\n<p style=\"text-align: justify;\">E\u011fer yasa y\u00fcr\u00fcrl\u00fc\u011fe girerse bundan sonra \u0130svi\u00e7re ve Slovakya \u00f6rne\u011finde oldu\u011fu gibi &#8216;Ermeni soyk\u0131r\u0131m\u0131 yoktur&#8217; diyenler cezaland\u0131r\u0131lacak. Ankara ile Paris aras\u0131nda gerilime neden olan yasa tasla\u011f\u0131 Fransa Ulusal Meclisi&#8217;nde g\u00f6r\u00fc\u015f\u00fclmeye ba\u015fland\u0131. &#8216;<\/p>\n<p style=\"text-align: justify;\"><strong>KAYNAK AB YASALARI&#8217;\u00a0<\/strong><\/p>\n<p style=\"text-align: justify;\">Genel kurulda ilk olarak, yasa teklifini kaleme alan iktidardaki Halk Hareketi Birli\u011fi (UMP) Marsilya milletvekili Valerie Boyer s\u00f6z ald\u0131. Boyer, soyk\u0131r\u0131m\u0131n inkar\u0131n\u0131n su\u00e7 say\u0131lmas\u0131 yasa teklifinin AB yasalar\u0131ndan al\u0131narak Fransa yasalar\u0131na uyarland\u0131\u011f\u0131n\u0131 s\u00f6yledi. Yasa teklifiyle T\u00fcrkiye&#8217;nin hedef al\u0131nmad\u0131\u011f\u0131n\u0131 iddia eden Boyer, bu yasan\u0131n T\u00fcrk-Frans\u0131z ili\u015fkilerini zedelememesini diledi\u011fini belirtti: &#8220;Amac\u0131m\u0131z ili\u015fkileri zedelemek de\u011fil. Ticari ili\u015fkilerin zedenelece\u011fini d\u00fc\u015f\u00fcnm\u00fcyorum. Ambargo gibi tehditlerin hayata ge\u00e7ece\u011fini sanm\u0131yorum. T\u00fcrkleri ger\u00e7eklerle y\u00fczle\u015fmeye davet ediyorum. Bizi ho\u015fg\u00f6r\u00fc ile kar\u015f\u0131layacaklar\u0131n\u0131 d\u00fc\u015f\u00fcn\u00fcyorum.&#8221; Valerie Boyer, milletvekillerine &#8216;T\u00fcrkiye&#8217;nin tehditlerini ciddiye almay\u0131n&#8217; \u00e7a\u011fr\u0131s\u0131nda bulundu: &#8220;T\u00fcrkiye, Fransa gibi D\u00fcnya Ticaret \u00d6rg\u00fct\u00fc \u00fcyesi, bizi boykot edemez.&#8221;<\/p>\n<p style=\"text-align: justify;\"><strong>&#8216;SARKOZY ERMEN\u0130STAN&#8217;I KARDE\u015e \u00dcLKE \u0130LAN ETT\u0130&#8217;\u00a0<\/strong><\/p>\n<p style=\"text-align: justify;\">Sarkozy&#8217;nin Ermenistan&#8217;\u0131 karde\u015f \u00fclke ilan etti\u011fini hat\u0131rlatan Boyer, &#8220;Dostlu\u011fun \u00f6tesinde ili\u015fkilerimiz var. Ermeniler, Fransa&#8217;da yani kendi \u00fclkelerinde huzur i\u00e7inde ya\u015famak istiyorlar&#8221; diye konu\u015ftu.<\/p>\n<p style=\"text-align: justify;\"><strong>BABASI CEZAY\u0130RL\u0130\u00a0<\/strong><\/p>\n<p style=\"text-align: justify;\">Meclise 2007 y\u0131l\u0131nda giren Valerie Boyer&#8217;in babas\u0131 Cezayir, annesi Tunus do\u011fumlu. 1962 y\u0131l\u0131nda Fransa&#8217;da d\u00fcnyaya gelen Boyer, daha \u00f6nce H\u00fcrriyet Daily News gazetesine verdi\u011fi deme\u00e7te \u201cAile k\u00f6kenlerim Cezayirli. Ancak Cezayir\u2019de hi\u00e7bir \u015fekilde soyk\u0131r\u0131m ya\u015fanmad\u0131\u201d demi\u015fti. Boyer, Sarkozy\u2019nin yak\u0131n \u00e7al\u0131\u015fma arkada\u015flar\u0131ndan biri olarak tan\u0131n\u0131yor.<\/p>\n<p style=\"text-align: justify;\"><strong>FRANSIZ BAKANDAN \u0130LG\u0130N\u00c7 \u00d6Z\u00dcR\u00a0<\/strong><\/p>\n<p style=\"text-align: justify;\">Yasa teklifini sunan Boyer\u2019den sonra Fransa h\u00fck\u00fcmeti ad\u0131na parlamento ile ili\u015fkilerden sorumlu bakan Patrick Ollier konu\u015ftu. Frans\u0131z bakandan ilgin\u00e7 de bir \u00f6z\u00fcr geldi. Parlamentoyla ili\u015fkilerden sorumlu Frans\u0131z bakan, Adalet Bakan\u0131n\u0131n g\u00f6r\u00fc\u015fmelerde olmay\u0131\u015f\u0131ndan dolay\u0131 \u00f6z\u00fcr dileyerek, &#8220;\u00c7\u00fcnk\u00fc kendisi \u015fuanda Cumhurba\u015fkan\u0131 ile birlikte bir uyu\u015fturucu ile m\u00fccadele ba\u015fl\u0131kl\u0131 bir toplant\u0131da&#8221; \u015feklinde konu\u015ftu.<\/p>\n<p style=\"text-align: justify;\">\u0130ktidar partisi Halk Harekat Birli\u011fi (UMP)\u2019nin milletvekili Valeri Boyer\u2019in ard\u0131ndan s\u00f6z alan Parlamentoyla ili\u015fkilerden sorumlu bakan, &#8220;Adalet Bakan\u0131n\u0131n burada olmay\u0131\u015f\u0131ndan dolay\u0131 sizlerden \u00f6z\u00fcr diliyorum. \u00c7\u00fcnk\u00fc kendisi \u015fuanda Cumhurba\u015fkan\u0131 ile birlikte bir uyu\u015fturucu ile m\u00fccadele ba\u015fl\u0131kl\u0131 bir toplant\u0131da&#8221; dedi.<\/p>\n<p style=\"text-align: justify;\">Bakan \u015funlar\u0131 kaydetti: &#8220;Bug\u00fcn sizlerin oylamas\u0131n\u0131 istedi\u011fimiz \u00f6n\u00fcn\u00fczdeki konu asl\u0131nda yeni bir konu de\u011fil \u00e7ok daha \u00f6nce son \u00fc\u00e7 yasama y\u0131l\u0131nda \u00e7e\u015fitli yasama teklifleriyle dikkatinize getirilmi\u015fti. Zaten say\u0131n raport\u00f6r Valeri Boyer de bunu sizin dikkatinize getirdi. Burada kanun taraf\u0131ndan soyk\u0131r\u0131m olarak tan\u0131nan olaylar\u0131n a\u015fa\u011f\u0131 derecede a\u015fa\u011f\u0131lanmas\u0131n\u0131n cezaland\u0131r\u0131lmas\u0131n\u0131 \u00f6n g\u00f6ren bir kanundur.&#8221;<\/p>\n<p style=\"text-align: justify;\"><strong>DIEFENBACHER: &#8220;HAYIR OYU VERECE\u011e\u0130M&#8221;\u00a0<\/strong><\/p>\n<p style=\"text-align: justify;\">Genel kurulda s\u00f6z alan Fransa-T\u00fcrk Parlamenter Dostluk Grubu Ba\u015fkan\u0131 Michel Diefenbacher, &#8220;parlamenterlerin rol\u00fcn\u00fcn tarih yazmak olmad\u0131\u011f\u0131n\u0131&#8221; belirterek, &#8220;teklife hay\u0131r oyu verece\u011fini&#8221; s\u00f6yledi.<\/p>\n<p style=\"text-align: justify;\">\u0130ktidardaki Halk Hareketi Birli\u011fi (UMP) \u00fcyesi Frans\u0131z milletvekili, &#8220;yasa teklifinin Frans\u0131z anayasas\u0131na ayk\u0131r\u0131 oldu\u011fu&#8221; g\u00f6r\u00fc\u015f\u00fcn\u00fc dile getirdi.<\/p>\n<p style=\"text-align: justify;\">Michel Diefenbacher, bu teklifin yasala\u015fmas\u0131 ve daha sonra yap\u0131lacak itirazla konunun anayasa mahkemesine gelmesi halinde, 2001 y\u0131l\u0131nda kabul edilen yasan\u0131n da iptalinin g\u00fcndeme gelebilece\u011fi uyar\u0131s\u0131nda bulunarak, &#8220;Bu yasa teklifi Ermenilere de zarar verecek&#8221; diye konu\u015ftu.<\/p>\n<p style=\"text-align: justify;\"><strong>DI\u015e\u0130\u015eLER\u0130 BAKANI JUPPE MECL\u0130STE YOK\u00a0<\/strong><\/p>\n<p style=\"text-align: justify;\">Fransa h\u00fck\u00fcmetinin yasa teklifi g\u00f6r\u00fc\u015fmelerine d\u00fc\u015f\u00fck profille kat\u0131lmas\u0131 dikkat \u00e7ekti. \u00d6zellikle Fransa D\u0131\u015fi\u015fleri Bakan\u0131 Alain Juppe&#8217;nin meclise gelmeyerek, yasaya destek vermemesinin \u00f6nemli oldu\u011fu belirtildi. Juppe, Davuto\u011flu&#8217;yla yapt\u0131\u011f\u0131 g\u00f6r\u00fc\u015fmede de &#8220;Biz yapt\u0131k, siz yapmay\u0131n&#8221; diyerek yasa teklifini desteklemedi\u011fini a\u00e7\u0131klam\u0131\u015ft\u0131.<\/p>\n<p style=\"text-align: justify;\"><strong>17 M\u0130LLETVEK\u0130L\u0130 KONU\u015eTU\u00a0<\/strong><\/p>\n<p style=\"text-align: justify;\">Oturumda toplam 17 milletvekili s\u00f6z ald\u0131. Konu\u015fma yapan vekillerden Fransa-T\u00fcrk Parlamenter Dostluk Grubu Ba\u015fkan\u0131 Michel Diefenbacher ve merkez sa\u011f\u0131n cumhurba\u015fkan\u0131 aday\u0131 Francois Bayrou, tasar\u0131 aleyhinde g\u00f6r\u00fc\u015f bildirdi.<\/p>\n<p style=\"text-align: justify;\">Bayrou, &#8220;Evet Ruanda&#8217;da, Kambo\u00e7ya&#8217;da, Vendee&#8217;de katliam oldu. Bunlar da m\u0131 gelecek? Bence tehlikeli bir ola giriyorsunuz&#8221; diye konu\u015ftu.<\/p>\n<p style=\"text-align: justify;\">Yap\u0131lan konu\u015fmalar\u0131n ard\u0131ndan de\u011fi\u015fiklik \u00f6nergelerinin g\u00f6r\u00fc\u015f\u00fcl\u00fcp oylanmas\u0131na ge\u00e7ildi.<\/p>\n<p style=\"text-align: justify;\"><strong>MADDELER TEK TEK OYLANDI\u00a0<\/strong><\/p>\n<p style=\"text-align: justify;\">De\u011fi\u015fiklik \u00f6nergeleri i\u00e7inde yer alan ve \u201cifade \u00f6zg\u00fcrl\u00fc\u011f\u00fcn\u00fcn ihlal edildi\u011fi\u201d gerek\u00e7esiyle, yasa teklifinin, \u201cFrans\u0131z kanunlar\u0131 taraf\u0131ndan tan\u0131nan soyk\u0131r\u0131mlar\u0131n inkar\u0131n\u0131n cezaland\u0131r\u0131lmas\u0131n\u0131\u201d \u00f6ng\u00f6ren birinci maddesinin iptal edilmesine ili\u015fkin sunulan de\u011fi\u015fiklik \u00f6nergesi kabul edilmedi. B\u00f6ylece tasar\u0131n\u0131n birinci maddesi ge\u00e7ti. Ard\u0131ndan ikinci madde de oyland\u0131.<\/p>\n<p style=\"text-align: justify;\">Yasa teklifinin t\u00fcm maddelerinin tek tek oylanmas\u0131ndan sonra tasar\u0131 genel oylamaya sunuldu.<\/p>\n<p style=\"text-align: justify;\">\u201cYasalarca kabul edilmi\u015f soyk\u0131r\u0131mlar\u0131n ink\u00e2r\u0131n\u0131\u201d yasaklayan ve bu su\u00e7u i\u015fleyenlerin 1 y\u0131l hapis ve 45 bin euroya kadar para cezas\u0131na \u00e7arpt\u0131r\u0131lmas\u0131n\u0131 \u00f6ng\u00f6ren yasa tasar\u0131s\u0131 i\u00e7in genel kurulda salt \u00e7o\u011funluk arand\u0131.<\/p>\n<p style=\"text-align: justify;\">Fransa meclisi, 1915 olaylar\u0131yla ilgili Ermeni iddialar\u0131n\u0131n inkar\u0131n\u0131n su\u00e7 say\u0131lmas\u0131n\u0131 \u00f6ng\u00f6ren bir yasa teklifini 2006 y\u0131l\u0131nda onaylam\u0131\u015ft\u0131. Ancak Cumhurba\u015fkan\u0131 Nicolas Sarkozy, bu teklifin senatoya gelmesini engelledi\u011fi i\u00e7in teklif yasala\u015fmam\u0131\u015ft\u0131. Fransa, s\u00f6zde &#8220;Ermeni soyk\u0131r\u0131m\u0131&#8221;n\u0131 2001 y\u0131l\u0131nda resmen kabul etmi\u015fti.<\/p>\n<p style=\"text-align: justify;\"><strong>SOSYAL\u0130STLER KAR\u015eI, UMP&#8217;DEN TEPK\u0130\u00a0<\/strong><\/p>\n<p style=\"text-align: justify;\">Sosyalist Parti ve Kom\u00fcnist Parti milletvekillerinin \u00e7o\u011funlu\u011fu, tart\u0131\u015fmal\u0131 yasa teklifini \u201cprensip olarak\u201d desteklemeyeceklerini a\u00e7\u0131klad\u0131. Tasar\u0131ya Fransa Cumhurba\u015fkan\u0131 Nicolas Sarkozy\u2019nin iktidar partisi UMP i\u00e7inden de tepkiler var.<\/p>\n<p style=\"text-align: justify;\">Yasa teklifini sunan Boyer&#8217;den sonra Fransa h\u00fck\u00fcmeti ad\u0131na parlamento ile ili\u015fkilerden sorumlu bakan Patrick Ollier s\u00f6z ald\u0131.<\/p>\n<p style=\"text-align: justify;\">Frans\u0131z bakan, konu\u015fmas\u0131nda yasa teklifine kar\u015f\u0131 \u00e7\u0131kmad\u0131 ve oylama sonucunu milletvekillerinin iradesine b\u0131rakt\u0131. T\u00fcrkiye ve Fransa aras\u0131ndaki ili\u015fkilere \u00f6vg\u00fcler ya\u011fd\u0131ran Ollier de yasa teklifinin T\u00fcrkiye&#8217;yi hedef almad\u0131\u011f\u0131n\u0131 s\u00f6yledi.<\/p>\n<p style=\"text-align: justify;\">Ollier, Adalet Bakan\u0131&#8217;n\u0131n g\u00f6r\u00fc\u015fmelerde olmay\u0131\u015f\u0131ndan dolay\u0131 \u00f6z\u00fcr dileyerek, &#8220;\u00c7\u00fcnk\u00fc kendisi \u015fu anda Cumhurba\u015fkan\u0131 ile birlikte bir uyu\u015fturucu ile m\u00fccadele ba\u015fl\u0131kl\u0131 bir toplant\u0131da\u201d \u015feklinde konu\u015ftu.<\/p>\n<p style=\"text-align: justify;\"><strong>FRANSA&#8217;DA T\u00dcRKLER G\u00d6STER\u0130 YAPTI\u00a0<\/strong><\/p>\n<p style=\"text-align: justify;\">Tasar\u0131y\u0131 protesto eden T\u00fcrkler, yerel saatle 06.00\u2019dan bu yana Frans\u0131z meclisi \u00f6n\u00fcnde g\u00f6steri d\u00fczenledi.<\/p>\n<p style=\"text-align: justify;\">Paris d\u0131\u015f\u0131nda Lyon, Strasbourg, Nantes ve Ruan kentlerinden otob\u00fcslerle gelen yakla\u015f\u0131k 5 bin ki\u015fi ellerinde T\u00fcrk, Azeri ve Frans\u0131z bayraklar\u0131 ve yasa teklifine kar\u015f\u0131 \u00e7\u0131kan pankartlarla tepkilerini dile getirdi.<\/p>\n<p style=\"text-align: justify;\">Yasa aleyhine sloganlar\u0131n at\u0131ld\u0131\u011f\u0131 g\u00f6steride, polisin s\u0131k\u0131 g\u00fcvenlik \u00f6nlemleri ald\u0131\u011f\u0131 g\u00f6r\u00fcld\u00fc.<\/p>\n<p style=\"text-align: justify;\"><strong>ERDO\u011eAN A\u00c7IKLAMA YAPACAK\u00a0<\/strong><\/p>\n<p style=\"text-align: justify;\">T\u00fcrkiye planlar\u0131n\u0131 teklifin ge\u00e7ece\u011fi \u00f6ng\u00f6r\u00fcs\u00fcyle yap\u0131yor ve yapt\u0131r\u0131mlara y\u00f6nelmeye haz\u0131rlan\u0131yor. Ba\u015fbakan Recep Tayyip Erdo\u011fan bug\u00fcn ilk etapta al\u0131nacak \u00f6nlemleri a\u00e7\u0131klamaya haz\u0131rlan\u0131yor.<\/p>\n<p style=\"text-align: justify;\">Erdo\u011fan &#8220;2. etap, 3. etapta ne gibi yapt\u0131r\u0131mlar\u0131m\u0131z olacak onlar\u0131 da a\u00e7\u0131klayaca\u011f\u0131z&#8217; dedi.<\/p>\n<p style=\"text-align: justify;\">Bu ad\u0131mlar aras\u0131nda b\u00fcy\u00fckel\u00e7ilerin geri \u00e7a\u011fr\u0131lmas\u0131n\u0131n ve Frans\u0131z \u015firketlerinin baz\u0131 kamu ihalelerinden d\u0131\u015flanmas\u0131n\u0131n yer alabilece\u011fi bildiriliyor.<\/p>\n<p style=\"text-align: justify;\">Erdo\u011fan, Cumhurba\u015fkan\u0131 Nicolas Sarkozy&#8217;nin deste\u011fine sahip olan giri\u015fim i\u00e7in, &#8220;Sarkozy&#8217;nin oy hesaplar\u0131 \u00fczerinde akla ziyan bu ad\u0131mlar\u0131, Fransa-T\u00fcrkiye ili\u015fkilerine zarar verecektir&#8217; dedi. Ba\u015fbakan, &#8220;Temennim odur ki&#8230; bu yanl\u0131\u015f\u0131 Senato bundan \u00f6nce oldu\u011fu gibi d\u00fczeltir ve T\u00fcrkiye-Fransa ili\u015fkileri yine ayn\u0131 minval \u00fczere devam eder. Aksi takdirde bug\u00fcn Fransa&#8217;da 500 bin Ermeni varsa 550 bin de bizim T\u00fcrk vatanda\u015f\u0131m\u0131z var.&#8221; diye konu\u015ftu.<\/p>\n<p style=\"text-align: justify;\">Giri\u015fimi \u00fclkede yakla\u015fan se\u00e7im kampanyas\u0131n\u0131n faydac\u0131 bir uzant\u0131s\u0131 olarak niteleyen T\u00fcrkiye, daha \u00f6nce, \u00fclkedeki b\u00fcy\u00fckel\u00e7isini geri \u00e7ekme tehdidinde bulunmu\u015f, Ba\u015fbakan Erdo\u011fan ise Paris&#8217;in \u00f6nce Cezayir ve Ruanda&#8217;daki ihlalleri incelemesi gerekti\u011fini savunmu\u015ftu.<\/p>\n<p style=\"text-align: justify;\">Giri\u015fime en ba\u015ftan bu yana b\u00fcy\u00fck destek veren Cumhurba\u015fkan\u0131 Nicolas Sarkozy&#8217;nin ise son g\u00fcnlerde Cumhurba\u015fkan\u0131 Abdullah G\u00fcl&#8217;\u00fcn telefonlar\u0131na \u00e7\u0131kmad\u0131\u011f\u0131 ortaya \u00e7\u0131km\u0131\u015ft\u0131.<\/p>\n<p style=\"text-align: justify;\">Fransa meclisi, 2001 y\u0131l\u0131nda &#8216;Fransa, 1915 y\u0131l\u0131ndaki Ermeni soyk\u0131r\u0131m\u0131n\u0131 tan\u0131r&#8217; ifadesiyle kaleme al\u0131nan bir yasay\u0131 onaylam\u0131\u015ft\u0131.<\/p>\n<p style=\"text-align: justify;\">Sarkozy de daha \u00f6nceki a\u00e7\u0131klamalar\u0131nda T\u00fcrkiye&#8217;nin tavr\u0131n\u0131 &#8216;kolektif \u015fekilde ink\u00e2r&#8217; olarak nitelerken bunun kabul edilemez oldu\u011funu s\u00f6ylemi\u015f,&#8221;T\u00fcrkiye tarih ile y\u00fczle\u015fmeli&#8221; diye konu\u015fmu\u015ftu.<\/p>\n<p style=\"text-align: justify;\">Fransa&#8217;n\u0131n T\u00fcrkiye&#8217;nin AB s\u00fcrecine en ele\u015ftirel yakla\u015fan \u00fclkelerin ba\u015f\u0131n\u0131 \u00e7ekmesine ra\u011fmen, iki \u00fclkenin yak\u0131n ekonomik ili\u015fkileri bulunuyor.<\/p>\n<p style=\"text-align: justify;\"><strong>SENATOYA G\u0130DECEK\u00a0<\/strong><\/p>\n<p style=\"text-align: justify;\">Yasa tasar\u0131s\u0131, meclisten ge\u00e7ti, \u015fimdi senatoya gidecek. Tasar\u0131 senatoya geldi\u011finde \u2018de\u011fi\u015fiklik \u00f6nergesi verilmeden\u2019 ge\u00e7erse yasala\u015fabilecek. De\u011fi\u015fiklik \u00f6nergesi verilirse yeniden ulusal mecliste ele al\u0131nacak. Parlamento, yasay\u0131 g\u00f6r\u00fc\u015ft\u00fc\u011f\u00fc ak\u015fam, 9 Ocak\u2019a kadar s\u00fcrecek Noel tatiline girecek. Bu tarihte parlamentodan ge\u00e7en yasa senatoya sevk edilecek.<\/p>\n<p style=\"text-align: justify;\">Cumhurba\u015fkanl\u0131\u011f\u0131 se\u00e7imleri nedeniyle her iki meclis de 22 \u015eubat\u2019ta yeniden tatile girecek. Yasa bu tarihe kadar yeti\u015fmezse kad\u00fck (ge\u00e7ersiz) kalacak.<\/p>\n<p style=\"text-align: justify;\">Sosyalist Parti ve Kom\u00fcnist Parti milletvekillerinin \u00e7o\u011funlu\u011fu, tart\u0131\u015fmal\u0131 yasa teklifini \u201cprensip olarak\u201d desteklemeyeceklerini a\u00e7\u0131klad\u0131. Tasar\u0131ya Fransa Cumhurba\u015fkan\u0131 Nicolas Sarkozy\u2019nin iktidar partisi UMP i\u00e7inden de tepkiler var. Buna kar\u015f\u0131n yasa tasar\u0131s\u0131n\u0131n, parlamentodan ge\u00e7mesine kesin g\u00f6z\u00fcyle bak\u0131l\u0131yor.<\/p>\n<p style=\"text-align: justify;\">Fransa meclisi, 1915 olaylar\u0131yla ilgili Ermeni iddialar\u0131n\u0131n inkar\u0131n\u0131n su\u00e7 say\u0131lmas\u0131n\u0131 \u00f6ng\u00f6ren bir yasa teklifini 2006 y\u0131l\u0131nda onaylam\u0131\u015ft\u0131. Ancak Cumhurba\u015fkan\u0131 Nicolas Sarkozy, bu teklifin senatoya gelmesini engelledi\u011fi i\u00e7in teklif yasala\u015fmam\u0131\u015ft\u0131. Fransa, s\u00f6zde &#8220;Ermeni soyk\u0131r\u0131m\u0131&#8221;n\u0131 2001 y\u0131l\u0131nda resmen kabul etmi\u015fti.<\/p>\n<p style=\"text-align: justify;\"><strong>B\u00dcY\u00dcKEL\u00c7\u0130 D\u00d6NECEK\u00a0<\/strong><\/p>\n<p style=\"text-align: justify;\">Yasa teklifi kabul edildi. T\u00fcrkiye, Paris B\u00fcy\u00fckel\u00e7isi Tahsin Burcuo\u011flu&#8217;nu Ankara&#8217;ya geri \u00e7ekecek. Fransa&#8217;n\u0131n da diplomatik team\u00fcl gere\u011fi, Ankara&#8217;daki B\u00fcy\u00fckel\u00e7isini Paris&#8217;e geri \u00e7a\u011f\u0131rmas\u0131 bekleniyor.<\/p>\n<p style=\"text-align: justify;\">Teklifin kabul edilmesi halinde, bakan ve milletvekili ve di\u011fer \u00fcst d\u00fczeyde b\u00fcrokratlar\u0131n Fransa&#8217;ya yapaca\u011f\u0131 ziyaretlerin ask\u0131ya al\u0131nmas\u0131 bekleniyor.<\/p>\n<p style=\"text-align: justify;\">2001 y\u0131l\u0131nda kabul edilen yasan\u0131n ard\u0131ndan T\u00fcrkiye eski Paris B\u00fcy\u00fckel\u00e7isi S\u00f6nmez K\u00f6ksal&#8217;\u0131 Ankara&#8217;ya geri \u00e7ekerken, Fransa&#8217;ya yap\u0131lan b\u00fct\u00fcn resmi ve \u00f6zel ziyaretler ask\u0131ya al\u0131nm\u0131\u015ft\u0131.<\/p>\n<p style=\"text-align: justify;\"><a href=\"http:\/\/haber.gazetevatan.com\/fransa-teklifi-kabul-etti\/419337\/1\/Gundem\" target=\"_blank\">Kaynak : Vatan Gazetesi<\/a><\/p>\n","protected":false},"excerpt":{"rendered":"<p style=\"text-align: center;\">\n<p style=\"text-align: justify;\">Fransa meclisi genel kurulu, 1915 olaylar\u0131n\u0131n &#8216;soyk\u0131r\u0131m&#8217; olmad\u0131\u011f\u0131 y\u00f6n\u00fcndeki ifadelerin su\u00e7 say\u0131lmas\u0131n\u0131 \u00f6ng\u00f6ren yasa teklifini kabul etti.<\/p>\n<p style=\"text-align: justify;\">Fransa meclisi genel kurulu, 1915 olaylar\u0131yla ilgili Ermeni iddialar\u0131n\u0131n reddinin su\u00e7 say\u0131lmas\u0131n\u0131 \u00f6ng\u00f6ren yasa teklifini kabul etti.<\/p>\n<p style=\"text-align: justify;\">Genel kuruldaki oturuma 577 milletvekilinden sadece 70\u2019e yak\u0131n\u0131 kat\u0131ld\u0131. \u0130ki maddeden olu\u015fan <\/p>\n","protected":false},"author":1,"featured_media":0,"comment_status":"open","ping_status":"open","sticky":false,"template":"","format":"standard","meta":{"footnotes":""},"categories":[105],"tags":[],"class_list":["post-44941","post","type-post","status-publish","format-standard","hentry","category-gundem","odd"],"_links":{"self":[{"href":"http:\/\/www.korhanyilmaz.com\/index.php?rest_route=\/wp\/v2\/posts\/44941","targetHints":{"allow":["GET"]}}],"collection":[{"href":"http:\/\/www.korhanyilmaz.com\/index.php?rest_route=\/wp\/v2\/posts"}],"about":[{"href":"http:\/\/www.korhanyilmaz.com\/index.php?rest_route=\/wp\/v2\/types\/post"}],"author":[{"embeddable":true,"href":"http:\/\/www.korhanyilmaz.com\/index.php?rest_route=\/wp\/v2\/users\/1"}],"replies":[{"embeddable":true,"href":"http:\/\/www.korhanyilmaz.com\/index.php?rest_route=%2Fwp%2Fv2%2Fcomments&post=44941"}],"version-history":[{"count":0,"href":"http:\/\/www.korhanyilmaz.com\/index.php?rest_route=\/wp\/v2\/posts\/44941\/revisions"}],"wp:attachment":[{"href":"http:\/\/www.korhanyilmaz.com\/index.php?rest_route=%2Fwp%2Fv2%2Fmedia&parent=44941"}],"wp:term":[{"taxonomy":"category","embeddable":true,"href":"http:\/\/www.korhanyilmaz.com\/index.php?rest_route=%2Fwp%2Fv2%2Fcategories&post=44941"},{"taxonomy":"post_tag","embeddable":true,"href":"http:\/\/www.korhanyilmaz.com\/index.php?rest_route=%2Fwp%2Fv2%2Ftags&post=44941"}],"curies":[{"name":"wp","href":"https:\/\/api.w.org\/{rel}","templated":true}]}}