{"id":4494,"date":"2009-03-03T10:00:05","date_gmt":"2009-03-03T08:00:05","guid":{"rendered":"http:\/\/www.korhanyilmaz.com\/?p=4494"},"modified":"2009-03-03T10:00:05","modified_gmt":"2009-03-03T08:00:05","slug":"zirve-katliami-icin-inanilmaz-rapor","status":"publish","type":"post","link":"http:\/\/www.korhanyilmaz.com\/?p=4494","title":{"rendered":"Zirve katliam\u0131 i\u00e7in inan\u0131lmaz rapor"},"content":{"rendered":"<p style=\"text-align: center;\"><img loading=\"lazy\" decoding=\"async\" class=\"aligncenter size-full wp-image-4495\" title=\"Zirve katliam\u0131 i\u00e7in inan\u0131lmaz rapor\" src=\"http:\/\/www.korhanyilmaz.com\/wp-content\/uploads\/2009\/03\/fft5_mf129574.jpeg\" alt=\"Zirve katliam\u0131 i\u00e7in inan\u0131lmaz rapor\" width=\"364\" height=\"238\" \/><\/p>\n<p style=\"text-align: justify;\">\n<p style=\"text-align: justify;\"><strong>Malatya \u0130l \u0130nsan Haklar\u0131 Kurulu, Zirve Yay\u0131nevi cinayeti raporunda &#8220;san\u0131klar\u0131n beyin kontrol\u00fc y\u00f6ntemiyle y\u00f6nlendirilmi\u015f olabileceklerini&#8221; belirtti. Tespit, s\u00fcreci san\u0131klar lehine i\u015fletiyor.<\/strong><\/p>\n<p style=\"text-align: justify;\">\nMalatya \u0130l \u0130nsan Haklar\u0131 Kurulu, Zirve Yay\u0131nevi cinayetiyle ilgili garip bir rapor haz\u0131rlad\u0131. Elektronik posta yoluyla elde edilen g\u00f6r\u00fc\u015flerin yans\u0131t\u0131ld\u0131\u011f\u0131 raporda, olay\u0131n san\u0131klar\u0131 i\u00e7in &#8220;beyinleri kontrol edilmi\u015f olabilir&#8221; denildi ve psikofarmakolojik etkenlerin ara\u015ft\u0131r\u0131lmas\u0131 \u00f6nerildi. Yay\u0131nevinin de olaylar\u0131 k\u0131\u015fk\u0131rtt\u0131\u011f\u0131na y\u00f6nelik dolayl\u0131 ifadeler kullan\u0131ld\u0131.<\/p>\n<p><strong>E-MA\u0130L \u0130LE G\u00d6R\u00dc\u015e ALINDI <\/strong><\/p>\n<p style=\"text-align: justify;\">\nMalatya&#8217;da 18 Nisan 2007&#8217;de, misyonerlik faaliyeti y\u00fcr\u00fcten biri Alman uyruklu \u00fc\u00e7 ki\u015finin bo\u011fazlar\u0131n\u0131n kesilerek \u00f6ld\u00fcr\u00fcld\u00fc\u011f\u00fc cinayetle ilgili dava devam ederken Malatya \u0130l \u0130nsan Haklar\u0131 Kurulu, san\u0131k avukatlar\u0131n\u0131n giri\u015fimleri sonras\u0131nda haz\u0131rlad\u0131\u011f\u0131 raporunu Ba\u015fbakanl\u0131k \u0130nsan Haklar\u0131 Kurulu Ba\u015fkanl\u0131\u011f\u0131&#8217;na g\u00f6nderdi. <!--more--><br \/>\nSan\u0131klar\u0131 aklamaya y\u00f6nelik iddialar\u0131n aktar\u0131ld\u0131\u011f\u0131 raporda zanl\u0131lar ile ilgili iddialar&#8221;a yer verilirken davan\u0131n bir numaral\u0131 san\u0131\u011f\u0131 Emre G\u00fcnayd\u0131n&#8217;\u0131n yak\u0131n \u00e7evresiyle g\u00f6r\u00fc\u015f\u00fcld\u00fc. Akrabalar\u0131 ve arkada\u015flar\u0131, raporu haz\u0131rlayan kurul \u00fcyelerine, &#8220;G\u00fcnayd\u0131n&#8217;\u0131 kan tuttu\u011funu, kurban kesilirken bile s\u0131rt\u0131n\u0131 d\u00f6nd\u00fc\u011f\u00fcn\u00fc hatta kurban eti bile yemedi\u011fini&#8221; anlatt\u0131lar. Kurul \u00fcyeleri de bu anlat\u0131mlar\u0131 elektronik posta yoluyla psikofarmakoloji uzman\u0131 Prof. Dr. Nevzat Tarhan&#8217;a iletti.<br \/>\nTarhan da yine elektronik posta yoluyla verdi\u011fi yan\u0131tta, &#8220;Bu anlat\u0131mlara g\u00f6re, olayda psikofarmakolojik ter\u00f6r \u015f\u00fcphesi \u00e7ekecek \u00f6n bilgiler bulundu\u011funu&#8221; belirtti. Raporda, san\u0131klar\u0131n ila\u00e7 ve psikolojik metotlar kullan\u0131larak ve beyin kontrol\u00fcyle i\u015fletilmi\u015f olabilece\u011fi y\u00f6n\u00fcndeki iddialar\u0131n ara\u015ft\u0131r\u0131lmas\u0131 gerekti\u011fi kaydedildi. Ancak bu y\u00f6ndeki iddialar\u0131n gazete haberlerinden ileri gitmedi\u011fi anla\u015f\u0131ld\u0131. Malatya Vali Yard\u0131mc\u0131s\u0131 ve \u0130l \u0130nsan Haklar\u0131 Kurulu Ba\u015fkan\u0131 Erdin\u00e7 Filiz raporda, &#8220;Olay\u0131n tarihi, sosyolojik ve psikolojik etkilerinin bulundu\u011fu ilgili alanlardaki bilim adamlar\u0131 taraf\u0131ndan incelenmesi gerekti\u011fi&#8221; tavsiyesinde bulunduklar\u0131n\u0131 kaydetti. Raporda &#8216;yay\u0131nevinin fi\u015fledi\u011fi&#8217; iddias\u0131 da yer ald\u0131.\n<\/p>\n<p style=\"text-align: justify;\"><span style=\"color: #888888;\">Sabah<\/span><\/p>\n","protected":false},"excerpt":{"rendered":"<p style=\"text-align: center;\">\n<p style=\"text-align: justify;\">\n<p style=\"text-align: justify;\">Malatya \u0130l \u0130nsan Haklar\u0131 Kurulu, Zirve Yay\u0131nevi cinayeti raporunda &#8220;san\u0131klar\u0131n beyin kontrol\u00fc y\u00f6ntemiyle y\u00f6nlendirilmi\u015f olabileceklerini&#8221; belirtti. Tespit, s\u00fcreci san\u0131klar lehine i\u015fletiyor.<\/p>\n<p style=\"text-align: justify;\"> Malatya \u0130l \u0130nsan Haklar\u0131 Kurulu, Zirve Yay\u0131nevi cinayetiyle ilgili garip bir rapor haz\u0131rlad\u0131. Elektronik posta yoluyla elde edilen g\u00f6r\u00fc\u015flerin yans\u0131t\u0131ld\u0131\u011f\u0131 raporda, olay\u0131n san\u0131klar\u0131 <\/p>\n","protected":false},"author":1,"featured_media":0,"comment_status":"open","ping_status":"closed","sticky":false,"template":"","format":"standard","meta":{"footnotes":""},"categories":[105],"tags":[],"class_list":["post-4494","post","type-post","status-publish","format-standard","hentry","category-gundem","odd"],"_links":{"self":[{"href":"http:\/\/www.korhanyilmaz.com\/index.php?rest_route=\/wp\/v2\/posts\/4494","targetHints":{"allow":["GET"]}}],"collection":[{"href":"http:\/\/www.korhanyilmaz.com\/index.php?rest_route=\/wp\/v2\/posts"}],"about":[{"href":"http:\/\/www.korhanyilmaz.com\/index.php?rest_route=\/wp\/v2\/types\/post"}],"author":[{"embeddable":true,"href":"http:\/\/www.korhanyilmaz.com\/index.php?rest_route=\/wp\/v2\/users\/1"}],"replies":[{"embeddable":true,"href":"http:\/\/www.korhanyilmaz.com\/index.php?rest_route=%2Fwp%2Fv2%2Fcomments&post=4494"}],"version-history":[{"count":0,"href":"http:\/\/www.korhanyilmaz.com\/index.php?rest_route=\/wp\/v2\/posts\/4494\/revisions"}],"wp:attachment":[{"href":"http:\/\/www.korhanyilmaz.com\/index.php?rest_route=%2Fwp%2Fv2%2Fmedia&parent=4494"}],"wp:term":[{"taxonomy":"category","embeddable":true,"href":"http:\/\/www.korhanyilmaz.com\/index.php?rest_route=%2Fwp%2Fv2%2Fcategories&post=4494"},{"taxonomy":"post_tag","embeddable":true,"href":"http:\/\/www.korhanyilmaz.com\/index.php?rest_route=%2Fwp%2Fv2%2Ftags&post=4494"}],"curies":[{"name":"wp","href":"https:\/\/api.w.org\/{rel}","templated":true}]}}