{"id":44937,"date":"2011-12-22T14:31:40","date_gmt":"2011-12-22T12:31:40","guid":{"rendered":"http:\/\/www.korhanyilmaz.com\/?p=44937"},"modified":"2011-12-22T14:36:15","modified_gmt":"2011-12-22T12:36:15","slug":"haberal-icin-yontem-araniyor","status":"publish","type":"post","link":"http:\/\/www.korhanyilmaz.com\/?p=44937","title":{"rendered":"Haberal i\u00e7in y\u00f6ntem aran\u0131yor"},"content":{"rendered":"<p style=\"text-align: justify;\"><a href=\"http:\/\/www.korhanyilmaz.com\/wp-content\/uploads\/2011\/12\/8699.jpg\"  class=\"lightview\"><img loading=\"lazy\" decoding=\"async\" class=\"aligncenter size-full wp-image-44938\" title=\"\" src=\"http:\/\/www.korhanyilmaz.com\/wp-content\/uploads\/2011\/12\/8699.jpg\" alt=\"\" width=\"292\" height=\"222\" \/><\/a><\/p>\n<p style=\"text-align: justify;\">Mehmet Haberal&#8217;\u0131n annesini g\u00f6rebilmesi i\u00e7in Deniz Baykal&#8217;\u0131n ricas\u0131 \u00fczerine Ba\u015fbakan Erdo\u011fan talimat vermi\u015fti. Bu talimat\u0131n muhatab\u0131 Adalet Bakan\u0131 Ergin, yasalarda tutuklular\u0131n hasta yak\u0131nlar\u0131n\u0131 ziyaret i\u00e7in bir d\u00fczenleme olmad\u0131\u011f\u0131n\u0131 belirterek, mevzuat de\u011fi\u015fikli\u011fi d\u0131\u015f\u0131nda y\u00f6ntemler ara\u015ft\u0131rd\u0131klar\u0131n\u0131 s\u00f6yledi.\u00a0<!--more--><\/p>\n<p style=\"text-align: justify;\">Adalet Bakan\u0131 Sadullah Ergin, \u015fu anda Ceza \u0130nfaz Yasas\u0131ndaki d\u00fczenlemeye g\u00f6re, tutuklu ve h\u00fck\u00fcml\u00fclerin hasta yak\u0131nlar\u0131n\u0131 ziyaret etmesini, d\u00fczenleyen bir d\u00fczenlemenin bulunmad\u0131\u011f\u0131n\u0131 belirterek, &#8220;Mevzuat de\u011fi\u015fikli\u011fi d\u0131\u015f\u0131nda y\u00f6ntemler var m\u0131d\u0131r bunun \u00fczerinde \u00e7al\u0131\u015f\u0131yoruz&#8221; dedi.<\/p>\n<p style=\"text-align: justify;\">Ergin, TOBB Ticaret ve Sanayi Odalar\u0131 Konseyi Toplant\u0131s\u0131&#8217;na geli\u015finde, gazetecilerin tutuklu milletvekili Mehmet Haberal&#8217;\u0131n annesini ziyaret etmesiyle ilgili sorusu \u00fczerine, Ba\u015fbakan Recep Tayyip Erdo\u011fan&#8217;\u0131n bu y\u00f6nde kendisine \u00e7al\u0131\u015f\u0131lmas\u0131 konusunda talimat verdi\u011fini ve yard\u0131mc\u0131 olunabilecek hususlar\u0131n olup olmad\u0131\u011f\u0131n\u0131 sordu\u011funu ifade etti.<\/p>\n<p style=\"text-align: justify;\">Bakan Ergin, &#8220;\u015eu anda ceza infaz yasam\u0131zdaki d\u00fczenlemeye g\u00f6re, tutuklu ve h\u00fck\u00fcml\u00fclerin hasta yak\u0131nlar\u0131na ziyaret etmesini d\u00fczenleyen bir d\u00fczenlememiz maalesef yok. onun d\u0131\u015f\u0131nda hasta ile tutuklu \u015fu anda farkl\u0131 illerde bulunuyor. Bu sorunu a\u015fabilmenin yolu var m\u0131d\u0131r diye \u015fu anda \u00e7al\u0131\u015fmalar yap\u0131l\u0131yor. Mevzuat de\u011fi\u015fikli\u011fi d\u0131\u015f\u0131nda y\u00f6ntemler var m\u0131d\u0131r bunun \u00fczerinde \u00e7al\u0131\u015f\u0131yoruz&#8221; diye konu\u015ftu.<\/p>\n<p style=\"text-align: justify;\"><a href=\"http:\/\/www.cnnturk.com\/2011\/turkiye\/12\/22\/haberal.icin.yontem.araniyor\/641561.0\/index.html\" target=\"_blank\">Kaynak : CNN T\u00dcRK<\/a><\/p>\n","protected":false},"excerpt":{"rendered":"<p style=\"text-align: justify;\">\n<p style=\"text-align: justify;\">Mehmet Haberal&#8217;\u0131n annesini g\u00f6rebilmesi i\u00e7in Deniz Baykal&#8217;\u0131n ricas\u0131 \u00fczerine Ba\u015fbakan Erdo\u011fan talimat vermi\u015fti. Bu talimat\u0131n muhatab\u0131 Adalet Bakan\u0131 Ergin, yasalarda tutuklular\u0131n hasta yak\u0131nlar\u0131n\u0131 ziyaret i\u00e7in bir d\u00fczenleme olmad\u0131\u011f\u0131n\u0131 belirterek, mevzuat de\u011fi\u015fikli\u011fi d\u0131\u015f\u0131nda y\u00f6ntemler ara\u015ft\u0131rd\u0131klar\u0131n\u0131 s\u00f6yledi. <\/p>\n","protected":false},"author":1,"featured_media":0,"comment_status":"open","ping_status":"open","sticky":false,"template":"","format":"standard","meta":{"footnotes":""},"categories":[105],"tags":[],"class_list":["post-44937","post","type-post","status-publish","format-standard","hentry","category-gundem","odd"],"_links":{"self":[{"href":"http:\/\/www.korhanyilmaz.com\/index.php?rest_route=\/wp\/v2\/posts\/44937","targetHints":{"allow":["GET"]}}],"collection":[{"href":"http:\/\/www.korhanyilmaz.com\/index.php?rest_route=\/wp\/v2\/posts"}],"about":[{"href":"http:\/\/www.korhanyilmaz.com\/index.php?rest_route=\/wp\/v2\/types\/post"}],"author":[{"embeddable":true,"href":"http:\/\/www.korhanyilmaz.com\/index.php?rest_route=\/wp\/v2\/users\/1"}],"replies":[{"embeddable":true,"href":"http:\/\/www.korhanyilmaz.com\/index.php?rest_route=%2Fwp%2Fv2%2Fcomments&post=44937"}],"version-history":[{"count":0,"href":"http:\/\/www.korhanyilmaz.com\/index.php?rest_route=\/wp\/v2\/posts\/44937\/revisions"}],"wp:attachment":[{"href":"http:\/\/www.korhanyilmaz.com\/index.php?rest_route=%2Fwp%2Fv2%2Fmedia&parent=44937"}],"wp:term":[{"taxonomy":"category","embeddable":true,"href":"http:\/\/www.korhanyilmaz.com\/index.php?rest_route=%2Fwp%2Fv2%2Fcategories&post=44937"},{"taxonomy":"post_tag","embeddable":true,"href":"http:\/\/www.korhanyilmaz.com\/index.php?rest_route=%2Fwp%2Fv2%2Ftags&post=44937"}],"curies":[{"name":"wp","href":"https:\/\/api.w.org\/{rel}","templated":true}]}}