{"id":4490,"date":"2009-03-02T17:17:28","date_gmt":"2009-03-02T15:17:28","guid":{"rendered":"http:\/\/www.korhanyilmaz.com\/?p=4490"},"modified":"2009-03-02T17:17:28","modified_gmt":"2009-03-02T15:17:28","slug":"akdeniz-universitesinde-halimem-sorusturmasi","status":"publish","type":"post","link":"http:\/\/www.korhanyilmaz.com\/?p=4490","title":{"rendered":"Akdeniz \u00dcniversitesi&#039;nde &#039;Halimem&#039; soru\u015fturmas\u0131"},"content":{"rendered":"<p style=\"text-align: justify;\"><img loading=\"lazy\" decoding=\"async\" class=\"aligncenter size-full wp-image-4491\" title=\"Akdeniz \u00dcniversitesi'nde 'Halimem' soru\u015fturmas\u0131\" src=\"http:\/\/www.korhanyilmaz.com\/wp-content\/uploads\/2009\/03\/fft5_mf129000.jpeg\" alt=\"Akdeniz \u00dcniversitesi'nde 'Halimem' soru\u015fturmas\u0131\" width=\"360\" height=\"240\" \/><\/p>\n<p style=\"text-align: justify;\"><strong>Akdeniz \u00dcniversitesi&#8217;nde &#8216;Halimem&#8217; soru\u015fturmas\u0131.<\/strong><\/p>\n<p style=\"text-align: justify;\">Akdeniz \u00dcniversitesi \u0130ktisadi ve \u0130dari Bilimler Fak\u00fcltesi (\u0130\u0130BF) \u00d6\u011fretim \u00dcyesi Prof.Dr. Orhan Kuru\u00fcz\u00fcm hakk\u0131nda, koridorda elinde \u00e7ay barda\u011f\u0131 ile y\u00fcr\u00fcrken me\u015fhur Bolu- Mengen t\u00fcrk\u00fcs\u00fc &#8216;Halimem&#8217;in &#8216;Al\u00e7aklara kar ya\u011f\u0131yor \u00fc\u015f\u00fcmedin mi. Sen bu i\u015fin sonunu d\u00fc\u015f\u00fcnmedin mi&#8217; melodisini \u0131sl\u0131kla \u00e7ald\u0131\u011f\u0131 gerek\u00e7esiyle soru\u015fturma a\u00e7\u0131ld\u0131. <!--more--><br \/>\n\u0130\u0130BF&#8217;de yakla\u015f\u0131k 15 y\u0131ld\u0131r g\u00f6rev yapan Prof. Dr. Orhan Kuru\u00fcz\u00fcm hakk\u0131nda yeni rekt\u00f6r d\u00f6neminde a\u00e7\u0131lan soru\u015fturma say\u0131s\u0131, son a\u00e7\u0131lanla birlikte d\u00f6rde y\u00fckseldi. Prof. Kuru\u00fcz\u00fcm hakk\u0131nda iki kez fak\u00fcltenin \u00fcye se\u00e7im toplant\u0131lar\u0131na kat\u0131lmad\u0131\u011f\u0131 gerek\u00e7esiyle, bir kez de fak\u00fcltenin dekan\u0131 Prof. Dr. \u015eafak Aksoy hakk\u0131nda &#8216;para\u015f\u00fctle inmi\u015f dekan&#8217;, &#8216;\u00e7aps\u0131z&#8217; ve &#8216;dekan m\u00fcsveddesi&#8217; dedi\u011fi iddias\u0131yla soru\u015fturma a\u00e7\u0131lm\u0131\u015ft\u0131.<br \/>\n\u0130ki kez k\u0131nama, bir kez de maa\u015ftan kesinti cezas\u0131 verilen Prof. Dr. Kuru\u00fcz\u00fcm&#8217;e, bu kez de koridorda elinde \u00e7ay barda\u011f\u0131 ile \u0131sl\u0131k \u00e7ald\u0131\u011f\u0131 gerek\u00e7esiyle rekt\u00f6rl\u00fck taraf\u0131ndan soru\u015fturma a\u00e7\u0131ld\u0131. Prof. Dr. Orhan Kuru\u00fcz\u00fcm&#8217;den, &#8216;\u00e7ay barda\u011f\u0131 ile koridorda y\u00fcr\u00fcrken \u0131sl\u0131k \u00e7alma&#8217;, &#8216;\u0131sl\u0131k \u00e7almaya devam ederek odas\u0131na girme&#8217; su\u00e7lamalar\u0131 ile soru\u015fturma a\u00e7\u0131larak savunmas\u0131 istendi.\n<\/p>\n<p style=\"text-align: justify;\">Prof. Dr. Kuru\u00fcz\u00fcm&#8217;\u00fcn, soru\u015fturmaya neden olan \u0131sl\u0131kla me\u015fhur Bolu t\u00fcrk\u00fcs\u00fc &#8216;Kiraz Ald\u0131m Dikmeden Halimem&#8217;in, &#8216;Al\u00e7aklara kar ya\u011f\u0131yor \u00fc\u015f\u00fcmedin mi. Sen bu i\u015fin sonunu d\u00fc\u015f\u00fcnmedin mi&#8217; nakarat\u0131n\u0131 s\u00f6yledi\u011fi belirtildi. Prof. Dr. Kuru\u00fcz\u00fcm&#8217;e bu soru\u015fturma kapsam\u0131nda ayr\u0131ca, &#8216;fak\u00fclte i\u00e7inde ve resmi toplant\u0131larda olumsuz davran\u0131\u015flarda bulunma&#8217;, &#8216;meydan okuma&#8217; ve &#8216;dekan vekilinin hitaplar\u0131na cevap vermeme&#8217; gibi su\u00e7lamalar da y\u00f6neltildi.<\/p>\n<p style=\"text-align: justify;\"><span style=\"color: #888888;\">DHA<\/span><\/p>\n","protected":false},"excerpt":{"rendered":"<p style=\"text-align: justify;\">\n<p style=\"text-align: justify;\">Akdeniz \u00dcniversitesi&#8217;nde &#8216;Halimem&#8217; soru\u015fturmas\u0131.<\/p>\n<p style=\"text-align: justify;\">Akdeniz \u00dcniversitesi \u0130ktisadi ve \u0130dari Bilimler Fak\u00fcltesi (\u0130\u0130BF) \u00d6\u011fretim \u00dcyesi Prof.Dr. Orhan Kuru\u00fcz\u00fcm hakk\u0131nda, koridorda elinde \u00e7ay barda\u011f\u0131 ile y\u00fcr\u00fcrken me\u015fhur Bolu- Mengen t\u00fcrk\u00fcs\u00fc &#8216;Halimem&#8217;in &#8216;Al\u00e7aklara kar ya\u011f\u0131yor \u00fc\u015f\u00fcmedin mi. Sen bu i\u015fin sonunu d\u00fc\u015f\u00fcnmedin mi&#8217; melodisini \u0131sl\u0131kla \u00e7ald\u0131\u011f\u0131 gerek\u00e7esiyle soru\u015fturma a\u00e7\u0131ld\u0131. <\/p>\n","protected":false},"author":1,"featured_media":0,"comment_status":"open","ping_status":"closed","sticky":false,"template":"","format":"standard","meta":{"footnotes":""},"categories":[105],"tags":[],"class_list":["post-4490","post","type-post","status-publish","format-standard","hentry","category-gundem","odd"],"_links":{"self":[{"href":"http:\/\/www.korhanyilmaz.com\/index.php?rest_route=\/wp\/v2\/posts\/4490","targetHints":{"allow":["GET"]}}],"collection":[{"href":"http:\/\/www.korhanyilmaz.com\/index.php?rest_route=\/wp\/v2\/posts"}],"about":[{"href":"http:\/\/www.korhanyilmaz.com\/index.php?rest_route=\/wp\/v2\/types\/post"}],"author":[{"embeddable":true,"href":"http:\/\/www.korhanyilmaz.com\/index.php?rest_route=\/wp\/v2\/users\/1"}],"replies":[{"embeddable":true,"href":"http:\/\/www.korhanyilmaz.com\/index.php?rest_route=%2Fwp%2Fv2%2Fcomments&post=4490"}],"version-history":[{"count":0,"href":"http:\/\/www.korhanyilmaz.com\/index.php?rest_route=\/wp\/v2\/posts\/4490\/revisions"}],"wp:attachment":[{"href":"http:\/\/www.korhanyilmaz.com\/index.php?rest_route=%2Fwp%2Fv2%2Fmedia&parent=4490"}],"wp:term":[{"taxonomy":"category","embeddable":true,"href":"http:\/\/www.korhanyilmaz.com\/index.php?rest_route=%2Fwp%2Fv2%2Fcategories&post=4490"},{"taxonomy":"post_tag","embeddable":true,"href":"http:\/\/www.korhanyilmaz.com\/index.php?rest_route=%2Fwp%2Fv2%2Ftags&post=4490"}],"curies":[{"name":"wp","href":"https:\/\/api.w.org\/{rel}","templated":true}]}}