{"id":4479,"date":"2009-03-02T12:45:44","date_gmt":"2009-03-02T10:45:44","guid":{"rendered":"http:\/\/www.korhanyilmaz.com\/?p=4479"},"modified":"2009-03-02T12:45:44","modified_gmt":"2009-03-02T10:45:44","slug":"yargida-yangin-var","status":"publish","type":"post","link":"http:\/\/www.korhanyilmaz.com\/?p=4479","title":{"rendered":"&#039;Yarg\u0131da yang\u0131n var!&#039;"},"content":{"rendered":"<p style=\"text-align: center;\"><img loading=\"lazy\" decoding=\"async\" class=\"aligncenter size-full wp-image-4480\" title=\"Yarg\u0131tay Ba\u015fkan\u0131 Hasan Ger\u00e7eker\" src=\"http:\/\/www.korhanyilmaz.com\/wp-content\/uploads\/2009\/03\/13838.jpg\" alt=\"Yarg\u0131tay Ba\u015fkan\u0131 Hasan Ger\u00e7eker\" width=\"316\" height=\"240\" \/><\/p>\n<p style=\"text-align: justify;\"><strong>Yarg\u0131tay Ba\u015fkan\u0131 Hasan Ger\u00e7eker ilk kez bir TV kanal\u0131nda&#8230;<\/strong><\/p>\n<p style=\"text-align: justify;\">ANKARA &#8211; CNN T\u00fcrk&#8217;\u00fcn sorular\u0131n\u0131 yan\u0131tlayan Yarg\u0131tay Ba\u015fkan\u0131 Hasan Ger\u00e7eker, yarg\u0131n\u0131n i\u015f y\u00fck\u00fcnden \u015fikayet ederek, &#8220;H\u00fck\u00fcmet buna acil \u00e7\u00f6z\u00fcm bulmal\u0131&#8221; dedi. Gere\u00e7eker&#8217;in a\u00e7\u0131klamalar\u0131 \u015f\u00f6yle:<\/p>\n<p style=\"text-align: justify;\"><strong>\u00c7ARE ARAYALIM:<\/strong> Yarg\u0131n\u0131n \u015fu an g\u00f6r\u00fcnen en b\u00fcy\u00fck sorunu i\u015f yo\u011funlu\u011fu. Abartma olmas\u0131n ama bir yang\u0131n var diyebilirim. Bu yang\u0131n\u0131 nas\u0131l s\u00f6nd\u00fcrebiliriz, onun \u00e7arelerini aramak zorunday\u0131z. Hi\u00e7bir \u015fekilde bunu vatanda\u015fa mazeret olarak ileri s\u00fcremezsiniz, \u00e7\u00fcnk\u00fc o adaleti ar\u0131yor. <!--more--><\/p>\n<p style=\"text-align: justify;\"><strong>AR\u015e\u0130VLER DOSYA ALMIYOR:<\/strong> Binam\u0131z yetersiz. Yarg\u0131tay \u015fu anda 3 ayr\u0131 binada g\u00f6rev yap\u0131yor, 4. binay\u0131 ar\u0131yoruz. Fiziki altyap\u0131 yok, ar\u015fivler dosya alm\u0131yor. 2009 y\u0131l\u0131na 700 bin k\u00fcs\u00fcr dosya devredildi. Sosyo ekonomik bunal\u0131m su\u00e7u art\u0131r\u0131yor. Dosyalar 5-10 y\u0131lda bitirilemeyecek durumda. \u0130\u015fte bu noktada insan fakt\u00f6r\u00fc \u00f6nem kazan\u0131yor; ama personel alam\u0131yoruz.<\/p>\n<p style=\"text-align: justify;\"><strong>ANAYASA DE\u011e\u0130\u015e\u0130KL\u0130KLER\u0130:<\/strong> Anayasam\u0131z\u0131n temel ilkelerinden olan kuvvetler ayr\u0131l\u0131\u011f\u0131 ile yarg\u0131 ba\u011f\u0131ms\u0131zl\u0131\u011f\u0131 ilkesi do\u011frultusunda yap\u0131lmas\u0131 gereken Anayasa de\u011fi\u015fiklikleri var. Biz buna kar\u015f\u0131 de\u011filiz ama mutlaka bu ilkelere uygun yap\u0131lmas\u0131 gerekir. Anayasa de\u011fi\u015fikliklerinden beklentimiz yarg\u0131 ba\u011f\u0131ms\u0131zl\u0131\u011f\u0131n\u0131n daha g\u00fc\u00e7lendirilmesidir.<\/p>\n<p style=\"text-align: justify;\"><strong>\u00d6NER\u0130LER\u0130M\u0130Z VAR:<\/strong> Anayasa tasla\u011f\u0131yla ilgili \u00f6nerilerimiz var. Mesela HSYK&#8217;n\u0131n yap\u0131s\u0131n\u0131n de\u011fi\u015ftirilmesi, Adalet Akademisi&#8217;nin ve Adli T\u0131p&#8217;\u0131n \u00f6zerkle\u015ftirilmesi, hakim ve savc\u0131lar\u0131n Adalet Bakanl\u0131\u011f\u0131&#8217;n\u0131n vesayeti alt\u0131nda olmaktan kurtar\u0131lmas\u0131, Tefti\u015f Kurulu&#8217;nun HSYK&#8217;ya ba\u011flanmas\u0131 temel isteklerimiz. HSYK \u00fcyelerini do\u011frudan Yarg\u0131tay&#8217;\u0131n se\u00e7mesini istiyoruz. Bu yarg\u0131 ba\u011f\u0131ms\u0131zl\u0131\u011f\u0131na en uygun sistemdir. Bakan ile m\u00fcste\u015far\u0131n bu konuda s\u00f6z sahibi olmas\u0131, yarg\u0131ya m\u00fcdahale etmeseler bile bi\u00e7imsel olarak uygun de\u011fildir. B\u00f6ylece kendileri de ele\u015ftirilerden uzak kal\u0131rlar.<\/p>\n<p style=\"text-align: justify;\"><span style=\"color: #888888;\">Kaynak : Vatan Gazetesi<\/span><\/p>\n","protected":false},"excerpt":{"rendered":"<p style=\"text-align: center;\">\n<p style=\"text-align: justify;\">Yarg\u0131tay Ba\u015fkan\u0131 Hasan Ger\u00e7eker ilk kez bir TV kanal\u0131nda&#8230;<\/p>\n<p style=\"text-align: justify;\">ANKARA &#8211; CNN T\u00fcrk&#8217;\u00fcn sorular\u0131n\u0131 yan\u0131tlayan Yarg\u0131tay Ba\u015fkan\u0131 Hasan Ger\u00e7eker, yarg\u0131n\u0131n i\u015f y\u00fck\u00fcnden \u015fikayet ederek, &#8220;H\u00fck\u00fcmet buna acil \u00e7\u00f6z\u00fcm bulmal\u0131&#8221; dedi. Gere\u00e7eker&#8217;in a\u00e7\u0131klamalar\u0131 \u015f\u00f6yle:<\/p>\n<p style=\"text-align: justify;\">\u00c7ARE ARAYALIM: Yarg\u0131n\u0131n \u015fu an g\u00f6r\u00fcnen en b\u00fcy\u00fck sorunu i\u015f yo\u011funlu\u011fu. Abartma olmas\u0131n <\/p>\n","protected":false},"author":1,"featured_media":0,"comment_status":"open","ping_status":"closed","sticky":false,"template":"","format":"standard","meta":{"footnotes":""},"categories":[105],"tags":[],"class_list":["post-4479","post","type-post","status-publish","format-standard","hentry","category-gundem","odd"],"_links":{"self":[{"href":"http:\/\/www.korhanyilmaz.com\/index.php?rest_route=\/wp\/v2\/posts\/4479","targetHints":{"allow":["GET"]}}],"collection":[{"href":"http:\/\/www.korhanyilmaz.com\/index.php?rest_route=\/wp\/v2\/posts"}],"about":[{"href":"http:\/\/www.korhanyilmaz.com\/index.php?rest_route=\/wp\/v2\/types\/post"}],"author":[{"embeddable":true,"href":"http:\/\/www.korhanyilmaz.com\/index.php?rest_route=\/wp\/v2\/users\/1"}],"replies":[{"embeddable":true,"href":"http:\/\/www.korhanyilmaz.com\/index.php?rest_route=%2Fwp%2Fv2%2Fcomments&post=4479"}],"version-history":[{"count":0,"href":"http:\/\/www.korhanyilmaz.com\/index.php?rest_route=\/wp\/v2\/posts\/4479\/revisions"}],"wp:attachment":[{"href":"http:\/\/www.korhanyilmaz.com\/index.php?rest_route=%2Fwp%2Fv2%2Fmedia&parent=4479"}],"wp:term":[{"taxonomy":"category","embeddable":true,"href":"http:\/\/www.korhanyilmaz.com\/index.php?rest_route=%2Fwp%2Fv2%2Fcategories&post=4479"},{"taxonomy":"post_tag","embeddable":true,"href":"http:\/\/www.korhanyilmaz.com\/index.php?rest_route=%2Fwp%2Fv2%2Ftags&post=4479"}],"curies":[{"name":"wp","href":"https:\/\/api.w.org\/{rel}","templated":true}]}}