{"id":4474,"date":"2009-03-03T09:15:02","date_gmt":"2009-03-03T07:15:02","guid":{"rendered":"http:\/\/www.korhanyilmaz.com\/?p=4474"},"modified":"2009-03-03T09:15:02","modified_gmt":"2009-03-03T07:15:02","slug":"tsknin-zirvesine-iki-kadin-aday","status":"publish","type":"post","link":"http:\/\/www.korhanyilmaz.com\/?p=4474","title":{"rendered":"TSK&#039;n\u0131n zirvesine iki kad\u0131n aday"},"content":{"rendered":"<p><img loading=\"lazy\" decoding=\"async\" class=\"aligncenter size-full wp-image-4475\" title=\"TSK'n\u0131n zirvesine iki kad\u0131n aday \" src=\"http:\/\/www.korhanyilmaz.com\/wp-content\/uploads\/2009\/03\/030320090912110636684.jpg\" alt=\"TSK'n\u0131n zirvesine iki kad\u0131n aday \" width=\"320\" height=\"100\" \/><\/p>\n<p style=\"text-align: justify;\"><strong>T\u00fcrkiye&#8217;nin ilk kad\u0131n Genelkurmay ba\u015fkan adaylar\u0131 belirlendi<\/strong><\/p>\n<p style=\"text-align: justify;\">Kara Harp Akademisi&#8217;nin s\u0131navlar\u0131n\u0131 kazanan Y\u00fczba\u015f\u0131 Yasemin ve \u00dcste\u011fmen Nil\u00fcfer akademiden kurmay olarak mezun olup zirveye kadar \u00e7\u0131kabilecekler.<\/p>\n<p style=\"text-align: justify;\">Deniz ve Hava Kuvvetleri Komutanl\u0131klar\u0131&#8217;n\u0131n ard\u0131ndan, Kara Kuvvetleri Komutanl\u0131\u011f\u0131&#8217;ndan da iki kad\u0131n subay, Harp Akademileri&#8217;nin aral\u0131k ay\u0131ndaki kurmayl\u0131k s\u0131nav\u0131n\u0131 kazand\u0131. Kurmayl\u0131k s\u0131nav\u0131na, Kara Kuvvetleri mensubu olarak kat\u0131lan \u0130stihbarat Y\u00fczba\u015f\u0131 Yasemin Karap\u0131nar ile \u0130kmal \u00dcste\u011fmen Nil\u00fcfer Karabulut, Kara Harp Akademisi&#8217;ne girmeyi ba\u015faran ilk kad\u0131n subaylar oldu. <!--more--><\/p>\n<p style=\"text-align: justify;\">TSK team\u00fcllerine g\u00f6re, Genelkurmay Ba\u015fkanl\u0131\u011f\u0131 g\u00f6revini karac\u0131lar\u0131n y\u00fcr\u00fctmesi nedeniyle Karap\u0131nar ve Karabulut ayn\u0131 zamanda T\u00fcrkiye&#8217;nin ilk kad\u0131n Genelkurmay ba\u015fkan adaylar\u0131 olarak e\u011fitime ba\u015flayacak. Her y\u00fcz subaydan sadece birinin kad\u0131n oldu\u011fu g\u00f6z \u00f6n\u00fcnde bulunduruldu\u011funda iki kad\u0131n aday\u0131n s\u0131nav\u0131 kazanmas\u0131 ba\u015far\u0131lar\u0131n\u0131n \u00f6nemini bir kat daha art\u0131r\u0131yor.<\/p>\n<p style=\"text-align: justify;\">Kad\u0131n subaylar, bu ay i\u00e7inde Akademi&#8217;deki e\u011fitimlerine ba\u015flayacak. Alt\u0131 ay boyunca, \u0130stanbul Tuzla&#8217;daki Piyade Okulu ve Polatl\u0131&#8217;daki Top\u00e7u Okulu gibi s\u0131n\u0131f okullar\u0131nda e\u011fitim g\u00f6recek olan subaylara, Akademi&#8217;ye intibak dersleri de verilecek. \u0130ki y\u0131ll\u0131k \u00f6\u011frenimlerinin ard\u0131ndan 2011 y\u0131l\u0131nda Akademi&#8217;den kurmay subay olarak mezun olacaklar.<\/p>\n<p style=\"text-align: justify;\"><strong>2024&#8217;TE YA\u015e&#8217;TA <\/strong><\/p>\n<p style=\"text-align: justify;\">Y\u00fczba\u015f\u0131 Yasemin Karap\u0131nar, 2011&#8217;de kurmay binba\u015f\u0131 r\u00fctbesine y\u00fckselecek. 2016&#8217;da kurmay yarbay, 2019&#8217;da kurmay albayl\u0131\u011fa terfi edecek olan Karap\u0131nar, generalli\u011fe y\u00fckselmek i\u00e7in ilk s\u0131nav\u0131n\u0131 2024 y\u0131l\u0131nda verecek.<\/p>\n<p style=\"text-align: justify;\">Y\u00fcksek Askeri \u015eura toplant\u0131s\u0131nda, durumu g\u00f6r\u00fc\u015f\u00fclecek olan Yasemin Karap\u0131nar, terfi etmesi durumunda tu\u011fgeneralli\u011fe y\u00fckselecek. Bu r\u00fctbede 4 y\u0131l g\u00f6rev yapacak olan Karap\u0131nar, ba\u015far\u0131l\u0131 olmas\u0131 halinde, 2028 y\u0131l\u0131nda t\u00fcmgeneralli\u011fe, 2032 y\u0131l\u0131nda korgeneralli\u011fe, 2036 y\u0131l\u0131nda ise orgeneralli\u011fe y\u00fckselecek. \u00d6n\u00fcn\u00fcn a\u00e7\u0131k olmas\u0131 durumunda 2040 y\u0131l\u0131nda Kara Kuvvetleri Komutanl\u0131\u011f\u0131&#8217;na gelecek olan Karap\u0131nar, 2042&#8217;de de Genelkurmay Ba\u015fkan\u0131 olabilecek. Bu \u015fans bayan \u00dcste\u011fmen Nil\u00fcfer Karaduman i\u00e7in ise 2045 y\u0131l\u0131nda ger\u00e7ekle\u015febilecek. Akademiyi bitiren bayan kurmay subaylar\u0131, karargahlarda, &#8216;proje subayl\u0131\u011f\u0131&#8217;, tabur komutanl\u0131\u011f\u0131, alay komutanl\u0131\u011f\u0131 gibi kritik g\u00f6revler bekliyor. Bu sene ABD Ordusu da ilk kad\u0131n orgeneralini \u00e7\u0131kard\u0131. Orgeneral Ann Dunwoody, ABD ordusunun, &#8216;Malzeme Komutan\u0131&#8217; oldu.<\/p>\n<p style=\"text-align: justify;\"><strong>KUVVET KOMUTANI OLAB\u0130LECEKLER<\/strong><\/p>\n<p style=\"text-align: justify;\">Ge\u00e7ti\u011fimiz A\u011fustos&#8217;ta Deniz \u00dcste\u011fmen Yasemin Bayraktutan, Deniz Harp Akademisi&#8217;ni, Hava Y\u00fczba\u015f\u0131 Bilgehan B\u00fclb\u00fcl de Hava Harp Akademisi&#8217;ni bitirerek, kurmay subay olarak g\u00f6reve ba\u015flam\u0131\u015flard\u0131. TSK&#8217;nin yerle\u015fik team\u00fcllerine g\u00f6re Genelkurmay Ba\u015fkanlar\u0131, karac\u0131lardan \u00e7\u0131kt\u0131\u011f\u0131 i\u00e7in Bayraktutan ve B\u00fclb\u00fcl&#8217;\u00fcn, Genelkurmay Ba\u015fkanl\u0131\u011f\u0131 \u015fans\u0131 bulunmuyor. Ancak onlar da Kuvvet Komutanl\u0131\u011f\u0131&#8217;na kadar y\u00fckselebilecekler.<\/p>\n<p style=\"text-align: justify;\"><span style=\"color: #888888;\">(Bark\u0131n \u015eIK \/ Ak\u015fam)<\/span><\/p>\n","protected":false},"excerpt":{"rendered":"<\/p>\n<p style=\"text-align: justify;\">T\u00fcrkiye&#8217;nin ilk kad\u0131n Genelkurmay ba\u015fkan adaylar\u0131 belirlendi<\/p>\n<p style=\"text-align: justify;\">Kara Harp Akademisi&#8217;nin s\u0131navlar\u0131n\u0131 kazanan Y\u00fczba\u015f\u0131 Yasemin ve \u00dcste\u011fmen Nil\u00fcfer akademiden kurmay olarak mezun olup zirveye kadar \u00e7\u0131kabilecekler.<\/p>\n<p style=\"text-align: justify;\">Deniz ve Hava Kuvvetleri Komutanl\u0131klar\u0131&#8217;n\u0131n ard\u0131ndan, Kara Kuvvetleri Komutanl\u0131\u011f\u0131&#8217;ndan da iki kad\u0131n subay, Harp Akademileri&#8217;nin aral\u0131k ay\u0131ndaki kurmayl\u0131k s\u0131nav\u0131n\u0131 kazand\u0131. Kurmayl\u0131k s\u0131nav\u0131na, Kara <\/p>\n","protected":false},"author":1,"featured_media":0,"comment_status":"open","ping_status":"closed","sticky":false,"template":"","format":"standard","meta":{"footnotes":""},"categories":[105],"tags":[],"class_list":["post-4474","post","type-post","status-publish","format-standard","hentry","category-gundem","odd"],"_links":{"self":[{"href":"http:\/\/www.korhanyilmaz.com\/index.php?rest_route=\/wp\/v2\/posts\/4474","targetHints":{"allow":["GET"]}}],"collection":[{"href":"http:\/\/www.korhanyilmaz.com\/index.php?rest_route=\/wp\/v2\/posts"}],"about":[{"href":"http:\/\/www.korhanyilmaz.com\/index.php?rest_route=\/wp\/v2\/types\/post"}],"author":[{"embeddable":true,"href":"http:\/\/www.korhanyilmaz.com\/index.php?rest_route=\/wp\/v2\/users\/1"}],"replies":[{"embeddable":true,"href":"http:\/\/www.korhanyilmaz.com\/index.php?rest_route=%2Fwp%2Fv2%2Fcomments&post=4474"}],"version-history":[{"count":0,"href":"http:\/\/www.korhanyilmaz.com\/index.php?rest_route=\/wp\/v2\/posts\/4474\/revisions"}],"wp:attachment":[{"href":"http:\/\/www.korhanyilmaz.com\/index.php?rest_route=%2Fwp%2Fv2%2Fmedia&parent=4474"}],"wp:term":[{"taxonomy":"category","embeddable":true,"href":"http:\/\/www.korhanyilmaz.com\/index.php?rest_route=%2Fwp%2Fv2%2Fcategories&post=4474"},{"taxonomy":"post_tag","embeddable":true,"href":"http:\/\/www.korhanyilmaz.com\/index.php?rest_route=%2Fwp%2Fv2%2Ftags&post=4474"}],"curies":[{"name":"wp","href":"https:\/\/api.w.org\/{rel}","templated":true}]}}