{"id":44719,"date":"2011-12-22T08:28:36","date_gmt":"2011-12-22T06:28:36","guid":{"rendered":"http:\/\/www.korhanyilmaz.com\/?p=44719"},"modified":"2011-12-22T12:17:26","modified_gmt":"2011-12-22T10:17:26","slug":"olume-giden-19-dakika","status":"publish","type":"post","link":"http:\/\/www.korhanyilmaz.com\/?p=44719","title":{"rendered":"\u00d6l\u00fcme giden 19 dakika"},"content":{"rendered":"<p style=\"text-align: center;\"><a href=\"http:\/\/www.korhanyilmaz.com\/wp-content\/uploads\/2011\/12\/8693.jpg\"  class=\"lightview\"><img loading=\"lazy\" decoding=\"async\" class=\"aligncenter  wp-image-44720\" src=\"http:\/\/www.korhanyilmaz.com\/wp-content\/uploads\/2011\/12\/8693.jpg\" alt=\"\" width=\"420\" height=\"210\" \/><\/a><\/p>\n<p style=\"text-align: justify;\">Festus Okey&#8217;in Beyo\u011flu Polis Merkezi&#8217;ne sapasa\u011flam g\u00f6t\u00fcr\u00fcl\u00fcp a\u011f\u0131r yaral\u0131 halde \u00e7\u0131kar\u0131ld\u0131\u011f\u0131n\u0131 g\u00f6steren kay\u0131tlar ortaya \u00e7\u0131kt\u0131<\/p>\n<p style=\"text-align: justify;\">Nijeryal\u0131 Festus Okey\u2019in, 20 A\u011fustos 2007\u2019de g\u00f6zalt\u0131nda \u00f6l\u00fcm\u00fcyle ilgili g\u00f6r\u00fcnt\u00fc kay\u0131tlar\u0131 ilk kez g\u00fcn y\u00fcz\u00fcne \u00e7\u0131kt\u0131. Okey, karakola girdikten 19 dakika sonra a\u011f\u0131r yaral\u0131 halde \u00e7\u0131kar\u0131l\u0131yor. Okey\u2019in \u00f6l\u00fcm\u00fcyle ilgili davada polise verilen 4 y\u0131l 2 ayl\u0131k hapis cezas\u0131na, savc\u0131 itiraz etti. Yarg\u0131tay, savc\u0131y\u0131 hakl\u0131 bulursa ceza 6.5 y\u0131la y\u00fckselebilir.\u00a0<!--more--><\/p>\n<p style=\"text-align: justify;\">Radikal gazetesinin haberine g\u00f6re, \u0130stanbul 21. A\u011f\u0131r Ceza Mahkemesi\u2019nde, ge\u00e7en 13 Aral\u0131k\u2019ta g\u00f6r\u00fclen karar duru\u015fmas\u0131nda, san\u0131k polis Cengiz Y\u0131ld\u0131z\u2019a TCK\u2019n\u0131n 85. maddesi gere\u011fince \u2018taksirle \u00f6l\u00fcme sebebiyet vermek\u2019ten 4 y\u0131l 2 ay hapis cezas\u0131 verilmi\u015fti. Mahkeme Ba\u015fkan\u0131 \u0130shak Eken, san\u0131k polisin kusur oran\u0131 kar\u015f\u0131s\u0131nda temel cezan\u0131n daha alt seviyeden, 2 y\u0131l 6 ay olarak belirlenmesi ve bu cezan\u0131n paraya \u00e7evrilmesi gerekti\u011fini savunmu\u015ftu. Bu g\u00f6r\u00fc\u015fe kar\u015f\u0131n, \u00fcye h\u00e2kim Keskin Karakurt, eylemin \u2018olas\u0131 kas\u0131tla \u00f6ld\u00fcrmek\u2019 kapsam\u0131nda kald\u0131\u011f\u0131n\u0131 belirterek, 20-25 y\u0131l aras\u0131nda hapis cezas\u0131 istemi\u015fti. Mahkeme, oy\u00e7oklu\u011fuyla 4 y\u0131l 2 ay hapiste karar k\u0131lm\u0131\u015ft\u0131.<\/p>\n<p style=\"text-align: justify;\">Bu karara da, duru\u015fma savc\u0131s\u0131 Mehmet Nuri G\u00fcr itiraz etti. Savc\u0131 G\u00fcr, bir g\u00fcn sonra Yarg\u0131tay\u2019a iletilmek \u00fczere sundu\u011fu temyiz dilek\u00e7esinde, \u00f6l\u00fcm\u00fcn san\u0131k polisin nezaret kurallar\u0131na uymamas\u0131 ve temkinli davranmamas\u0131ndan kaynakland\u0131\u011f\u0131n\u0131 savunarak, ceza miktar\u0131n\u0131n artt\u0131r\u0131lmas\u0131n\u0131 istedi. Savc\u0131 G\u00fcr, TCK\u2019n\u0131n 22\/3. maddesine g\u00f6re \u2018bilin\u00e7li taksir\u2019 uygulanmas\u0131 gerekti\u011fini belirtti.<\/p>\n<p style=\"text-align: justify;\">TCK\u2019daki bu madde, verilen cezan\u0131n 1\/3\u2019ten yar\u0131 oran\u0131na kadar artt\u0131r\u0131lmas\u0131n\u0131 \u00f6ng\u00f6r\u00fcyor. Buna g\u00f6re 4 y\u0131l 2 ay diye kesilen ceza, 6.5 y\u0131la kadar y\u00fckselebilecek.<\/p>\n<p style=\"text-align: justify;\">Okey\u2019in g\u00f6zalt\u0131na al\u0131nd\u0131\u011f\u0131 g\u00fcne dair kamera kay\u0131tlar\u0131ndan al\u0131nt\u0131lanm\u0131\u015f resimler de ilk kez g\u00fcn y\u00fcz\u00fcne \u00e7\u0131kt\u0131. Dosyadaki resimlere g\u00f6re Okey, saat 17.47\u2019de sivil giyimli bir polisin e\u015fli\u011finde, elleri kelep\u00e7eli halde Beyo\u011flu Polis Merkezi\u2019ne getiriliyor. Saat 18.06\u2019da ise Okey, bu kez iki sivil polisin kuca\u011f\u0131nda, a\u011f\u0131r yaral\u0131 halde karakoldan \u00e7\u0131kar\u0131l\u0131yor. Polislerden birinin san\u0131k Cengiz Y\u0131ld\u0131z oldu\u011fu d\u00fc\u015f\u00fcn\u00fcl\u00fcyor. Okey, Taksim \u0130lkyard\u0131m Hastanesi\u2019nde ya\u015fam\u0131n\u0131 yitirmi\u015fti.<\/p>\n<p style=\"text-align: justify;\"><strong>MAHKEME 3.5 YIL &#8216;GER\u00c7EK FESTUS&#8217;U ARADI\u00a0<\/strong><\/p>\n<p style=\"text-align: justify;\">Festus Okey\u2019in 20 A\u011fustos 2007\u2019de polis kur\u015funuyla \u00f6ld\u00fcr\u00fclmesinden sonra, at\u0131\u015f mesafesini belirleyecek olan eldeki tek delil olan Okey\u2019in g\u00f6mle\u011fi kaybedilmi\u015fti. Beyo\u011flu 4. A\u011f\u0131r Ceza Mahkemesi\u2019nde 14 \u015eubat 2008\u2019de g\u00f6r\u00fclen ikinci duru\u015fmada, san\u0131k polis Cengiz Y\u0131ld\u0131z\u2019\u0131n avukat\u0131, \u201cBunun ad\u0131 Festus Okey de\u011fil, ka\u00e7ak vizeyle gelmi\u015f, ad\u0131n\u0131 Okey koymu\u015flar\u201d deyince, yarg\u0131laman\u0131n seyri de\u011fi\u015fmi\u015fti. Mahkeme, o duru\u015fmada Okey\u2019in kimli\u011fiyle ilgili Nijerya B\u00fcy\u00fckel\u00e7ili\u011fi\u2019nden bilgi al\u0131nmas\u0131n\u0131 istedi. D\u0131\u015fi\u015fleri Bakanl\u0131\u011f\u0131, Nijerya h\u00fck\u00fcmeti ve Beyo\u011flu 4. A\u011f\u0131r Ceza Mahkemesi aras\u0131ndaki yaz\u0131\u015fmalar 3.5 y\u0131l s\u00fcrd\u00fc. Her bir duru\u015fma, Nijerya\u2019dan beklenen evrak dosyaya ula\u015fmad\u0131\u011f\u0131 i\u00e7in ertelendi.<\/p>\n<p style=\"text-align: justify;\"><strong>AVUKATINA DAVA A\u00c7ILDI\u00a0<\/strong><\/p>\n<p style=\"text-align: justify;\">Evrak ula\u015fmad\u0131\u011f\u0131 i\u00e7in Okey\u2019i temsilen hi\u00e7bir avukat bu davada haz\u0131r bulunamad\u0131. Bulunamad\u0131\u011f\u0131 gibi, ilk g\u00fcnden beri davay\u0131 takip eden Avukat G\u00fcray \u00d6z, mahkemenin tavr\u0131n\u0131 ele\u015ftirince, hakk\u0131nda \u2018yarg\u0131y\u0131 etkileme\u2019 iddias\u0131yla 4.5 y\u0131la kadar hapis istemiyle dava a\u00e7\u0131ld\u0131. Ayr\u0131ca m\u00fcdahillik talebinde bulunan \u00fc\u00e7 avukat ve G\u00f6\u00e7men Dayan\u0131\u015fma A\u011f\u0131\u2019na \u00fcye 100\u2019\u00fc a\u015fk\u0131n ki\u015fiye soru\u015fturma ba\u015flat\u0131ld\u0131. Bu \u2018Festus Okey\u2019 belirsizli\u011fi, 13 Aral\u0131k 2011\u2019deki son duru\u015fmaya kadar devam etti. Mahkeme, en son Nijerya\u2019dan umudunu kesip karara gitti ve san\u0131k polise 4 y\u0131l 2 ay hapis cezas\u0131 verdi.<\/p>\n\n\t\t\t\t\t\t\t<style type='text\/css'>\n\t\t\t\t\t\t\t\t#gallery-1 {\n\t\t\t\t\t\t\t\t\tmargin: auto;\n\t\t\t\t\t\t\t\t}\n\t\t\t\t\t\t\t\t#gallery-1 .gallery-item {\n\t\t\t\t\t\t\t\t\tfloat: left;\n\t\t\t\t\t\t\t\t\tmargin-top: 10px;\n\t\t\t\t\t\t\t\t\ttext-align: center;\n\t\t\t\t\t\t\t\t\twidth: 33%;\t\t\t}\n\t\t\t\t\t\t\t\t#gallery-1 img {\n\t\t\t\t\t\t\t\t\tborder: 2px solid #cfcfcf;\n\t\t\t\t\t\t\t\t}\n\t\t\t\t\t\t\t\t#gallery-1 .gallery-caption {\n\t\t\t\t\t\t\t\t\tmargin-left: 0;\n\t\t\t\t\t\t\t\t}\n\t\t\t\t\t\t\t<\/style>\n\t\t\t\t\t\t\t<!-- z-Lightview gallery shortcode, see http:\/\/www.zaikos.com\/wp-plugins\/z-lightview\/ -->\n\t\t\t\t\t\t\t<div id='gallery-1' class='gallery galleryid-44719'><dl class='gallery-item'>\n\t\t\t\t\t<dt class='gallery-icon'>\n\t\t\t\t\t\t<a href='http:\/\/www.korhanyilmaz.com\/wp-content\/uploads\/2011\/12\/8693.jpg'>8693<\/a>\n\t\t\t\t\t<\/dt><\/dl><dl class='gallery-item'>\n\t\t\t\t\t<dt class='gallery-icon'>\n\t\t\t\t\t\t<a href='http:\/\/www.korhanyilmaz.com\/wp-content\/uploads\/2011\/12\/8694.jpg'>8694<\/a>\n\t\t\t\t\t<\/dt><\/dl><dl class='gallery-item'>\n\t\t\t\t\t<dt class='gallery-icon'>\n\t\t\t\t\t\t<a href='http:\/\/www.korhanyilmaz.com\/wp-content\/uploads\/2011\/12\/8695.jpg'>8695<\/a>\n\t\t\t\t\t<\/dt><\/dl><br style=\"clear: both\" \/><dl class='gallery-item'>\n\t\t\t\t\t<dt class='gallery-icon'>\n\t\t\t\t\t\t<a href='http:\/\/www.korhanyilmaz.com\/wp-content\/uploads\/2011\/12\/8696.jpg'>8696<\/a>\n\t\t\t\t\t<\/dt><\/dl>\n\t\t\t\t\t<br style='clear: both;' \/>\n\t\t\t\t<\/div>\n\n<p style=\"text-align: justify;\"><a href=\"http:\/\/haber.gazetevatan.com\/olume-giden-19-dakika\/419304\/1\/Gundem\" target=\"_blank\">Kaynak : VATAN Gazetesi<\/a><\/p>\n","protected":false},"excerpt":{"rendered":"<p style=\"text-align: center;\">\n<p style=\"text-align: justify;\">Festus Okey&#8217;in Beyo\u011flu Polis Merkezi&#8217;ne sapasa\u011flam g\u00f6t\u00fcr\u00fcl\u00fcp a\u011f\u0131r yaral\u0131 halde \u00e7\u0131kar\u0131ld\u0131\u011f\u0131n\u0131 g\u00f6steren kay\u0131tlar ortaya \u00e7\u0131kt\u0131<\/p>\n<p style=\"text-align: justify;\">Nijeryal\u0131 Festus Okey\u2019in, 20 A\u011fustos 2007\u2019de g\u00f6zalt\u0131nda \u00f6l\u00fcm\u00fcyle ilgili g\u00f6r\u00fcnt\u00fc kay\u0131tlar\u0131 ilk kez g\u00fcn y\u00fcz\u00fcne \u00e7\u0131kt\u0131. Okey, karakola girdikten 19 dakika sonra a\u011f\u0131r yaral\u0131 halde \u00e7\u0131kar\u0131l\u0131yor. Okey\u2019in \u00f6l\u00fcm\u00fcyle ilgili davada polise verilen 4 <\/p>\n","protected":false},"author":1,"featured_media":0,"comment_status":"open","ping_status":"open","sticky":false,"template":"","format":"standard","meta":{"footnotes":""},"categories":[105],"tags":[580],"class_list":["post-44719","post","type-post","status-publish","format-standard","hentry","category-gundem","tag-festus-okey","odd"],"_links":{"self":[{"href":"http:\/\/www.korhanyilmaz.com\/index.php?rest_route=\/wp\/v2\/posts\/44719","targetHints":{"allow":["GET"]}}],"collection":[{"href":"http:\/\/www.korhanyilmaz.com\/index.php?rest_route=\/wp\/v2\/posts"}],"about":[{"href":"http:\/\/www.korhanyilmaz.com\/index.php?rest_route=\/wp\/v2\/types\/post"}],"author":[{"embeddable":true,"href":"http:\/\/www.korhanyilmaz.com\/index.php?rest_route=\/wp\/v2\/users\/1"}],"replies":[{"embeddable":true,"href":"http:\/\/www.korhanyilmaz.com\/index.php?rest_route=%2Fwp%2Fv2%2Fcomments&post=44719"}],"version-history":[{"count":0,"href":"http:\/\/www.korhanyilmaz.com\/index.php?rest_route=\/wp\/v2\/posts\/44719\/revisions"}],"wp:attachment":[{"href":"http:\/\/www.korhanyilmaz.com\/index.php?rest_route=%2Fwp%2Fv2%2Fmedia&parent=44719"}],"wp:term":[{"taxonomy":"category","embeddable":true,"href":"http:\/\/www.korhanyilmaz.com\/index.php?rest_route=%2Fwp%2Fv2%2Fcategories&post=44719"},{"taxonomy":"post_tag","embeddable":true,"href":"http:\/\/www.korhanyilmaz.com\/index.php?rest_route=%2Fwp%2Fv2%2Ftags&post=44719"}],"curies":[{"name":"wp","href":"https:\/\/api.w.org\/{rel}","templated":true}]}}