{"id":44715,"date":"2011-12-22T10:56:54","date_gmt":"2011-12-22T08:56:54","guid":{"rendered":"http:\/\/www.korhanyilmaz.com\/?p=44715"},"modified":"2011-12-22T12:06:34","modified_gmt":"2011-12-22T10:06:34","slug":"carkin-kroki-esliginde-yer-gosteriyor","status":"publish","type":"post","link":"http:\/\/www.korhanyilmaz.com\/?p=44715","title":{"rendered":"\u00c7ark\u0131n kroki e\u015fli\u011finde yer g\u00f6steriyor"},"content":{"rendered":"<p style=\"text-align: center;\"><a href=\"http:\/\/www.korhanyilmaz.com\/wp-content\/uploads\/2011\/12\/8692.jpg\"  class=\"lightview\"><img loading=\"lazy\" decoding=\"async\" class=\"aligncenter  wp-image-44716\" src=\"http:\/\/www.korhanyilmaz.com\/wp-content\/uploads\/2011\/12\/8692.jpg\" alt=\"\" width=\"333\" height=\"191\" \/><\/a><\/p>\n<p style=\"text-align: justify;\">Baz\u0131 faili me\u00e7hul cinayetlerle ilgili yer g\u00f6stermek i\u00e7in cezaevinden \u00e7\u0131kart\u0131lan eski \u00d6zel Harekat Polisi Ayhan \u00c7ark\u0131n, \u0130stanbul&#8217;un Silivri il\u00e7esine getirildi. \u00d6nce bo\u015f araziyi i\u015faret eden \u00c7ark\u0131n, daha sonra ba\u015fka bir yer daha g\u00f6sterdi. Polis ekipleri, arazide incelemeler yap\u0131yor.<!--more--><\/p>\n<p style=\"text-align: justify;\">\u0130STANBUL &#8211; Ankara 11. A\u011f\u0131r Ceza Mahkemesi\u2019nin, baz\u0131 faili me\u00e7hul cinayetlere ili\u015fkin yer g\u00f6sterme i\u015flemi yapt\u0131r\u0131lmas\u0131n\u0131 kabul etti\u011fi eski \u00d6zel Harekat Polisi Ayhan \u00c7ark\u0131n, sabaha kar\u015f\u0131 polis e\u015fli\u011finde Ankara&#8217;dan \u0130stanbul&#8217;a getirildi.<\/p>\n<p style=\"text-align: justify;\">THY&#8217;nin tarifeli u\u00e7a\u011f\u0131yla Atat\u00fcrk Havaliman\u0131&#8217;na getirilen \u00c7ark\u0131n, burada sivil plakal\u0131 bir emniyet arac\u0131na bindirildi. \u00c7ark\u0131n daha sonra sa\u011fl\u0131k kontrol\u00fc i\u00e7in Adli T\u0131p Kurumu&#8217;na g\u00f6t\u00fcr\u00fcld\u00fc.<\/p>\n<p style=\"text-align: justify;\">Silivri \u0130l\u00e7e Emniyet M\u00fcd\u00fcrl\u00fc\u011f\u00fc\u2019nde tutulan \u00c7ark\u0131n, daha sonra yo\u011fun g\u00fcvenlik \u00f6nlemleri alt\u0131nda buradan \u00e7\u0131kart\u0131ld\u0131.<\/p>\n<p style=\"text-align: justify;\">Ayhan \u00c7ark\u0131n&#8217;\u0131n ard\u0131ndan, 1995 y\u0131l\u0131nda kaybolan Tar\u0131k \u00dcmit&#8217;in amcas\u0131 Cemalettin \u00dcmit de \u00f6zel bir ara\u00e7la emniyetten ayr\u0131ld\u0131.<\/p>\n<p style=\"text-align: justify;\">Bas\u0131n mensuplar\u0131n\u0131n yo\u011fun ilgisi alt\u0131nda Silivri&#8217;nin Beyciler K\u00f6y\u00fc&#8217;ne getirilen \u00c7ark\u0131n, burada ara\u00e7tan indirildi.<\/p>\n<p style=\"text-align: justify;\">Geni\u015f g\u00fcvenlik \u00f6nlemleri al\u0131nan b\u00f6lgede, Ayhan \u00c7ark\u0131n\u2019\u0131n bo\u015f arazide yer g\u00f6sterdi.<\/p>\n<p style=\"text-align: justify;\">Buradaki incelemelerin ard\u0131ndan 700 metre \u00f6tede bulunan ba\u015fka bir yere gidildi.<\/p>\n<p style=\"text-align: justify;\">\u00c7elik yelek giydirilen Ayhan \u00c7ark\u0131n, krokiler e\u015fli\u011finde ekiplere bilgiler veriyor.<\/p>\n<p style=\"text-align: justify;\"><strong>B\u0130R HAFTA YER G\u00d6STERECEK<\/strong><\/p>\n<p style=\"text-align: justify;\">Soru\u015fturmay\u0131 y\u00fcr\u00fcten Cumhuriyet Savc\u0131s\u0131 Hakan Y\u00fcksel, d\u00fcn ek ifadesine ba\u015fvurdu\u011fu \u00c7ark\u0131n&#8217;\u0131n beyanlar\u0131 do\u011frultusunda &#8221;yer g\u00f6sterme i\u015flemi yapt\u0131rma&#8221; izni i\u00e7in mahkemeye ba\u015fvurmu\u015f, Ankara 11. A\u011f\u0131r Ceza Mahkemesi N\u00f6bet\u00e7i Hakimli\u011fi bu talebi kabul etmi\u015fti.<\/p>\n<p style=\"text-align: justify;\">N\u00f6bet\u00e7i Hakimli\u011fin karar\u0131nda, ba\u015fvuruda, &#8221;\u00c7ark\u0131n&#8217;\u0131n, 2 Mart 1995&#8217;te kaybolan ve bug\u00fcne kadar kendisinden haber al\u0131namayan Tar\u0131k \u00dcmit&#8217;in \u00f6ld\u00fcr\u00fcld\u00fc\u011f\u00fc ve yerini g\u00f6sterebilece\u011fi, yine Beh\u00e7et Cant\u00fcrk&#8217;\u00fcn \u0130stanbul Fenerbah\u00e7e Orduevi \u00f6n\u00fcnden al\u0131n\u0131p, Sapanca&#8217;da nerede ve nas\u0131l \u00f6ld\u00fcr\u00fcld\u00fc\u011f\u00fcn\u00fc g\u00f6sterebilece\u011fine y\u00f6nelik yer g\u00f6sterme i\u015flemi yapabilece\u011fini bildirdi\u011finin&#8221; yer ald\u0131\u011f\u0131 ifade edilmi\u015fti.<\/p>\n<p style=\"text-align: justify;\">N\u00f6bet\u00e7i hakimlik, \u00c7ark\u0131n&#8217;\u0131n d\u00fcn 14.00&#8217;ten itibaren 7 g\u00fcn s\u00fcreyle Ankara 2 nolu F Tipi Y\u00fcksek G\u00fcvenlikli Ceza \u0130nfaz Kurumundan, yer g\u00f6sterme i\u015flemi i\u00e7in \u00e7\u0131kar\u0131labilmesini kararla\u015ft\u0131rm\u0131\u015ft\u0131.<\/p>\n<p style=\"text-align: justify;\"><a href=\"http:\/\/www.ntvmsnbc.com\/id\/25308051\/\" target=\"_blank\">Kaynak : NTVMSNBC<\/a><\/p>\n","protected":false},"excerpt":{"rendered":"<p style=\"text-align: center;\">\n<p style=\"text-align: justify;\">Baz\u0131 faili me\u00e7hul cinayetlerle ilgili yer g\u00f6stermek i\u00e7in cezaevinden \u00e7\u0131kart\u0131lan eski \u00d6zel Harekat Polisi Ayhan \u00c7ark\u0131n, \u0130stanbul&#8217;un Silivri il\u00e7esine getirildi. \u00d6nce bo\u015f araziyi i\u015faret eden \u00c7ark\u0131n, daha sonra ba\u015fka bir yer daha g\u00f6sterdi. Polis ekipleri, arazide incelemeler yap\u0131yor.<\/p>\n","protected":false},"author":1,"featured_media":0,"comment_status":"open","ping_status":"open","sticky":false,"template":"","format":"standard","meta":{"footnotes":""},"categories":[105],"tags":[],"class_list":["post-44715","post","type-post","status-publish","format-standard","hentry","category-gundem","odd"],"_links":{"self":[{"href":"http:\/\/www.korhanyilmaz.com\/index.php?rest_route=\/wp\/v2\/posts\/44715","targetHints":{"allow":["GET"]}}],"collection":[{"href":"http:\/\/www.korhanyilmaz.com\/index.php?rest_route=\/wp\/v2\/posts"}],"about":[{"href":"http:\/\/www.korhanyilmaz.com\/index.php?rest_route=\/wp\/v2\/types\/post"}],"author":[{"embeddable":true,"href":"http:\/\/www.korhanyilmaz.com\/index.php?rest_route=\/wp\/v2\/users\/1"}],"replies":[{"embeddable":true,"href":"http:\/\/www.korhanyilmaz.com\/index.php?rest_route=%2Fwp%2Fv2%2Fcomments&post=44715"}],"version-history":[{"count":0,"href":"http:\/\/www.korhanyilmaz.com\/index.php?rest_route=\/wp\/v2\/posts\/44715\/revisions"}],"wp:attachment":[{"href":"http:\/\/www.korhanyilmaz.com\/index.php?rest_route=%2Fwp%2Fv2%2Fmedia&parent=44715"}],"wp:term":[{"taxonomy":"category","embeddable":true,"href":"http:\/\/www.korhanyilmaz.com\/index.php?rest_route=%2Fwp%2Fv2%2Fcategories&post=44715"},{"taxonomy":"post_tag","embeddable":true,"href":"http:\/\/www.korhanyilmaz.com\/index.php?rest_route=%2Fwp%2Fv2%2Ftags&post=44715"}],"curies":[{"name":"wp","href":"https:\/\/api.w.org\/{rel}","templated":true}]}}