{"id":44705,"date":"2011-12-22T08:05:55","date_gmt":"2011-12-22T06:05:55","guid":{"rendered":"http:\/\/www.korhanyilmaz.com\/?p=44705"},"modified":"2011-12-22T10:09:45","modified_gmt":"2011-12-22T08:09:45","slug":"mustafa","status":"publish","type":"post","link":"http:\/\/www.korhanyilmaz.com\/?p=44705","title":{"rendered":"Mustafa"},"content":{"rendered":"<div id=\"attachment_37365\" style=\"width: 115px\" class=\"wp-caption alignright\"><img loading=\"lazy\" decoding=\"async\" aria-describedby=\"caption-attachment-37365\" class=\" wp-image-37365 \" title=\"Y\u0131lmaz \u00d6zdil - H\u00fcrriyet Gazetesi\" src=\"http:\/\/www.korhanyilmaz.com\/wp-content\/uploads\/2011\/07\/257.jpg\" alt=\"\" width=\"105\" height=\"112\" \/><p id=\"caption-attachment-37365\" class=\"wp-caption-text\">Y\u0131lmaz \u00d6zdil<\/p><\/div>\n<p style=\"text-align: justify;\">Hep ayn\u0131 h\u00f6t z\u00f6t&#8230;<\/p>\n<p style=\"text-align: justify;\">El\u00e7iyi geri \u00e7ekeriz.<\/p>\n<p style=\"text-align: justify;\">\u00a1<\/p>\n<p style=\"text-align: justify;\">Breh breh breh!<\/p>\n<p style=\"text-align: justify;\">\u00a1<\/p>\n<p style=\"text-align: justify;\">\u0130ki sene \u00f6nce&#8230; Fransa\u2019n\u0131n Nancy kentine ba\u011fl\u0131 Pont-a-Mousson kasabas\u0131ndaki Jacques Marquette Lisesi\u2019nin tarih dersinde Ermeni soyk\u0131r\u0131m\u0131 i\u015fleniyordu. S\u0131n\u0131fta bulunan be\u015f T\u00fcrk \u00f6\u011frenci, soyk\u0131r\u0131m iddias\u0131n\u0131 reddetti, \u00f6\u011fretmenle \u00e7at\u0131r \u00e7at\u0131r tart\u0131\u015ft\u0131. \u00d6\u011fretmen k\u0131zd\u0131, \u00e7ocuklar\u0131 s\u0131n\u0131ftan att\u0131.<!--more--><\/p>\n<p style=\"text-align: justify;\">\u00a1<\/p>\n<p style=\"text-align: justify;\">Haftaya&#8230; Ayn\u0131 \u00f6\u011fretmen s\u0131nav yapt\u0131, \u201cErmeni soyk\u0131r\u0131m\u0131n\u0131 anlat\u0131n\u201d dedi. D\u00f6rt T\u00fcrk \u00f6\u011frenci dilleri d\u00f6nd\u00fc\u011f\u00fcnce \u201csoyk\u0131r\u0131m yoktur\u201du anlat\u0131rken&#8230; 13 ya\u015f\u0131ndaki Mustafa, \u00e7ocuk akl\u0131yla sinirlendi, \u201cvarsa da hak etmi\u015flerdir\u201d yazd\u0131. An\u0131nda disiplin\u2019e verildi. Okuldan uzakla\u015ft\u0131r\u0131ld\u0131.<\/p>\n<p style=\"text-align: justify;\">\u00a1<\/p>\n<p style=\"text-align: justify;\">Mustafa\u2019n\u0131n babas\u0131 derhal okula \u00e7a\u011f\u0131r\u0131ld\u0131, \u201co\u011flunuz Frans\u0131z yasalar\u0131na kar\u015f\u0131 su\u00e7 i\u015fledi\u201d diye f\u0131r\u00e7aland\u0131. Baba, gayet sakin \u015fekilde, \u201chak etmi\u015flerdir s\u00f6z\u00fc i\u00e7in o\u011flum ad\u0131na elbette \u00f6z\u00fcr dilerim ama, soyk\u0131r\u0131m iddias\u0131n\u0131 kabul etmeyenlerin cezaland\u0131r\u0131lmas\u0131n\u0131 \u00f6ng\u00f6ren bir Frans\u0131z yasas\u0131n\u0131 hi\u00e7 duymad\u0131m\u201d dedi. Vay sen misin bu cevab\u0131 veren&#8230;<\/p>\n<p style=\"text-align: justify;\">\u00a1<\/p>\n<p style=\"text-align: justify;\">\u201c\u00c7ocukla kan davas\u0131\u201d ba\u015flatan okul y\u00f6netimi, bu sefer Mustafa\u2019y\u0131 \u00e7a\u011f\u0131rd\u0131, affedilmen i\u00e7in \u015fans tan\u0131yoruz, \u201cErmeni soyk\u0131r\u0131m\u0131, insanl\u0131\u011fa kar\u015f\u0131 su\u00e7\u201d konulu \u00f6dev haz\u0131rlayacaks\u0131n denildi.<\/p>\n<p style=\"text-align: justify;\">\u00a1<\/p>\n<p style=\"text-align: justify;\">\u00dcstelik&#8230; \u201cSoyk\u0131r\u0131m tan\u0131klar\u0131yla g\u00f6r\u00fc\u015feceksin, ka\u00e7 ki\u015finin nas\u0131l \u00f6ld\u00fcr\u00fcld\u00fc\u011f\u00fcn\u00fc tek tek detayland\u0131racaks\u0131n, bunlar\u0131 yaparken, soyk\u0131r\u0131m\u0131 ink\u00e2r eden T\u00fcrkiye\u2019nin tarih kaynaklar\u0131ndan al\u0131nt\u0131 yapmayacaks\u0131n, sonra da \u00e7\u0131k\u0131p, s\u0131n\u0131f arkada\u015flar\u0131n\u0131n \u00f6n\u00fcnde anlatacaks\u0131n\u201d \u015fart\u0131 ko\u015fuldu.<\/p>\n<p style=\"text-align: justify;\">\u00a1<\/p>\n<p style=\"text-align: justify;\">Mustafa n\u2019aapt\u0131? Madem T\u00fcrkiye\u2019nin tarih kaynaklar\u0131ndan al\u0131nt\u0131 yapmam yasak, buyrun size, Fransa\u2019da faaliyet g\u00f6steren sivil toplum kurulu\u015fu COJEP\u2019in raporlar\u0131 dedi&#8230; COJEP\u2019in soyk\u0131r\u0131m olmad\u0131\u011f\u0131n\u0131 belgeleriyle anlatan raporlar\u0131n\u0131 \u00f6dev olarak verdi. Okul morard\u0131.<\/p>\n<p style=\"text-align: justify;\">\u00a1<\/p>\n<p style=\"text-align: justify;\">Bu arada, hadise bas\u0131na s\u0131\u00e7rad\u0131.<\/p>\n<p style=\"text-align: justify;\">H\u00fcrriyet man\u015fet yapt\u0131.<\/p>\n<p style=\"text-align: justify;\">Vicdan sahibi Frans\u0131z gazetelerinin baz\u0131lar\u0131 da \u201cbu ne bi\u00e7im pedagoji\u201d diyerek, okulu su\u00e7lad\u0131. Bakt\u0131lar ki, dallan\u0131p budaklan\u0131yor, \u00e7ark edildi, Mustafa affedildi, t\u0131p\u0131\u015f t\u0131p\u0131\u015f okula geri al\u0131nd\u0131.<\/p>\n<p style=\"text-align: justify;\">\u00a1<\/p>\n<p style=\"text-align: justify;\">Ancak&#8230; Diaspora, mevzuya bal\u0131klama atlam\u0131\u015ft\u0131. \u201cFransa soyk\u0131r\u0131m\u0131 tan\u0131d\u0131 ama, soyk\u0131r\u0131m\u0131 ink\u00e2r yasas\u0131n\u0131 \u00e7\u0131karmad\u0131\u011f\u0131 i\u00e7in sadece tan\u0131man\u0131n bir anlam\u0131 yok\u201d kampanyas\u0131 ba\u015flatt\u0131&#8230; Hani bug\u00fcn Frans\u0131z Parlamentosu\u2019nda oylanacak ink\u00e2r yasas\u0131 var ya, i\u015fte onun kampanyas\u0131!<\/p>\n<p style=\"text-align: justify;\">\u00a1<\/p>\n<p style=\"text-align: justify;\">\u0130ki sene ge\u00e7ti.<\/p>\n<p style=\"text-align: justify;\">Frans\u0131z \u201choroz\u201du d\u00f6lledi.<\/p>\n<p style=\"text-align: justify;\">Yumurta kap\u0131ya dayand\u0131!<\/p>\n<p style=\"text-align: justify;\">\u00a1<\/p>\n<p style=\"text-align: justify;\">13 ya\u015f\u0131ndaki Mustafa \u00f6devini ba\u015far\u0131yla yapm\u0131\u015ft\u0131 ama, koca koca adamlar\u0131n y\u00f6netti\u011fi T\u00fcrkiye yan gelip yatm\u0131\u015f&#8230;<\/p>\n<p style=\"text-align: justify;\">Uyumu\u015ftu.<\/p>\n<p style=\"text-align: justify;\">\u00a1<\/p>\n<p style=\"text-align: justify;\">Ve, h\u00e2l\u00e2 deniyor ki&#8230;<\/p>\n<p style=\"text-align: justify;\">El\u00e7iyi \u00e7ekeriz filan.<\/p>\n<p style=\"text-align: justify;\">\u00a1<\/p>\n<p style=\"text-align: justify;\">Aferin de&#8230;<\/p>\n<p style=\"text-align: justify;\">Mustafa n\u2019olacak?<\/p>\n<p style=\"text-align: justify;\"><a href=\"http:\/\/www.hurriyet.com.tr\/yazarlar\/19519054.asp\" target=\"_blank\">Kaynak : H\u00fcrriyet.com.tr<\/a><\/p>\n","protected":false},"excerpt":{"rendered":"<p id=\"caption-attachment-37365\" class=\"wp-caption-text\">Y\u0131lmaz \u00d6zdil<\/p>\n<p style=\"text-align: justify;\">Hep ayn\u0131 h\u00f6t z\u00f6t&#8230;<\/p>\n<p style=\"text-align: justify;\">El\u00e7iyi geri \u00e7ekeriz.<\/p>\n<p style=\"text-align: justify;\">\u00a1<\/p>\n<p style=\"text-align: justify;\">Breh breh breh!<\/p>\n<p style=\"text-align: justify;\">\u00a1<\/p>\n<p style=\"text-align: justify;\">\u0130ki sene \u00f6nce&#8230; Fransa\u2019n\u0131n Nancy kentine ba\u011fl\u0131 Pont-a-Mousson kasabas\u0131ndaki Jacques Marquette Lisesi\u2019nin tarih dersinde Ermeni soyk\u0131r\u0131m\u0131 i\u015fleniyordu. S\u0131n\u0131fta bulunan be\u015f T\u00fcrk \u00f6\u011frenci, soyk\u0131r\u0131m iddias\u0131n\u0131 reddetti, \u00f6\u011fretmenle \u00e7at\u0131r <\/p>\n","protected":false},"author":1,"featured_media":0,"comment_status":"open","ping_status":"open","sticky":false,"template":"","format":"standard","meta":{"footnotes":""},"categories":[16],"tags":[30],"class_list":["post-44705","post","type-post","status-publish","format-standard","hentry","category-kose-yazilari","tag-yilmaz-ozdil","odd"],"_links":{"self":[{"href":"http:\/\/www.korhanyilmaz.com\/index.php?rest_route=\/wp\/v2\/posts\/44705","targetHints":{"allow":["GET"]}}],"collection":[{"href":"http:\/\/www.korhanyilmaz.com\/index.php?rest_route=\/wp\/v2\/posts"}],"about":[{"href":"http:\/\/www.korhanyilmaz.com\/index.php?rest_route=\/wp\/v2\/types\/post"}],"author":[{"embeddable":true,"href":"http:\/\/www.korhanyilmaz.com\/index.php?rest_route=\/wp\/v2\/users\/1"}],"replies":[{"embeddable":true,"href":"http:\/\/www.korhanyilmaz.com\/index.php?rest_route=%2Fwp%2Fv2%2Fcomments&post=44705"}],"version-history":[{"count":0,"href":"http:\/\/www.korhanyilmaz.com\/index.php?rest_route=\/wp\/v2\/posts\/44705\/revisions"}],"wp:attachment":[{"href":"http:\/\/www.korhanyilmaz.com\/index.php?rest_route=%2Fwp%2Fv2%2Fmedia&parent=44705"}],"wp:term":[{"taxonomy":"category","embeddable":true,"href":"http:\/\/www.korhanyilmaz.com\/index.php?rest_route=%2Fwp%2Fv2%2Fcategories&post=44705"},{"taxonomy":"post_tag","embeddable":true,"href":"http:\/\/www.korhanyilmaz.com\/index.php?rest_route=%2Fwp%2Fv2%2Ftags&post=44705"}],"curies":[{"name":"wp","href":"https:\/\/api.w.org\/{rel}","templated":true}]}}