{"id":44695,"date":"2011-12-21T20:45:56","date_gmt":"2011-12-21T18:45:56","guid":{"rendered":"http:\/\/www.korhanyilmaz.com\/?p=44695"},"modified":"2011-12-22T09:48:35","modified_gmt":"2011-12-22T07:48:35","slug":"inceden-gule-cok-sert-tepki","status":"publish","type":"post","link":"http:\/\/www.korhanyilmaz.com\/?p=44695","title":{"rendered":"\u0130nce&#8217;den G\u00fcl&#8217;e \u00e7ok sert tepki!"},"content":{"rendered":"<p style=\"text-align: center;\"><a href=\"http:\/\/www.korhanyilmaz.com\/wp-content\/uploads\/2011\/12\/8689.jpg\"  class=\"lightview\"><img loading=\"lazy\" decoding=\"async\" class=\"aligncenter  wp-image-44696\" src=\"http:\/\/www.korhanyilmaz.com\/wp-content\/uploads\/2011\/12\/8689.jpg\" alt=\"\" width=\"322\" height=\"241\" \/><\/a><\/p>\n<p style=\"text-align: justify;\">CHP Grup Ba\u015fkanvekili Muharrem \u0130nce&#8217;den Cumhurba\u015fkan\u0131 G\u00fcl&#8217;e \u00e7ok sert tepki: Atat\u00fcrk&#8217;e &#8216;Bu adam&#8217; diyen, Abdullah \u00d6calan&#8217;\u0131n pa\u015fa olmas\u0131n\u0131 \u00f6neren M\u00fcmtazer T\u00fcrk\u00f6ne&#8217;yi Atat\u00fcrk K\u00fclt\u00fcr Dil Tarih Kurumu&#8217;na atam\u0131\u015f Say\u0131n Cumhurba\u015fkan\u0131. \u0130\u015fte tam bek\u00e7i. Bu kadar olur.\u00a0<!--more--><\/p>\n<p style=\"text-align: justify;\">Ankara- TBMM Genel Kurulu&#8217;nda b\u00fct\u00e7e aleyhinde s\u00f6z alan \u0130nce, Fransa Parlamentosu&#8217;nu k\u0131nad\u0131ktan sonra Ba\u015fbakan Erdo\u011fan&#8217;a ge\u00e7mi\u015f olsun dileklerini iletti. Ard\u0131ndan AKP&#8217;nin Cumhuriyet d\u00f6nemi ile hesapla\u015ft\u0131\u011f\u0131n\u0131 iddia ederek, &#8220;275 kilograml\u0131k mermiyi tek ba\u015f\u0131na kald\u0131rarak yer \u00e7ekimi kanununa kar\u015f\u0131 geldi\u011fi i\u00e7in Seyit Onba\u015f\u0131y\u0131 yarg\u0131lay\u0131n. \u0130ki, \u00c7anakkale&#8217;de deniz trafi\u011fini aksatt\u0131\u011f\u0131 i\u00e7in Nusret May\u0131n gemisine ceza kesin. \u00dc\u00e7, siz \u00e7ocu\u011fun \u00fczerindeki yorgan\u0131 alarak m\u00fchimmat\u0131n \u00fcst\u00fcn\u00fc \u00f6rtt\u00fc\u011f\u00fc i\u00e7in \u00e7ocu\u011fun \u00f6l\u00fcm\u00fcne sebebiyet verdi\u011fi i\u00e7in Ay\u015fe Bac\u0131y\u0131 \u00d6zel Yetkili Mahkemelerde yarg\u0131lars\u0131n\u0131z&#8221; dedi.<\/p>\n<p style=\"text-align: justify;\">\u0130nce \u015f\u00f6yle devam etti:<\/p>\n<p style=\"text-align: justify;\">&#8220;Yunan ordusu hilafet ordusudur diye fetva veren \u015eeyh\u00fclislam\u0131n fetvas\u0131na kar\u015f\u0131 gelen R\u0131fat B\u00f6rek\u00e7i&#8217;yi dinsiz ilan edersiniz. Ulusumuza ,&#8217;korkma&#8217; diyen Mehmet Akif&#8217;i protestocu \u00f6\u011frencilere k\u00f6t\u00fc \u00f6rnek oluyor diye su\u00e7lars\u0131n\u0131z. Zafer kazanarak T\u00fcrk milletinin makus talihini de\u011fi\u015ftiren \u0130smet Pa\u015fa&#8217;n\u0131n r\u00fctbelerini s\u00f6kerseniz hi\u00e7 \u015fa\u015f\u0131rmam. Ama buna kar\u015f\u0131n Vahdettin&#8217;e an\u0131t mezar, Ebusuud Efendi&#8217;ye anma t\u00f6renleri, Atat\u00fcrk&#8217;e tutuklama emri \u00e7\u0131karan Elaz\u0131\u011f Valisi Ali Galip Bey&#8217;in torunlar\u0131n\u0131 da vali yaparsan\u0131z hi\u00e7 \u015fa\u015f\u0131rmam.<\/p>\n<p style=\"text-align: justify;\">Bir hayaldi ger\u00e7ek oldu, \u00e7eyrek alt\u0131n\u0131n \u00e7eyre\u011fi oldu. \u0130ki, hayaldi ger\u00e7ek oldu, r\u00fc\u015fvet ile helal g\u0131da sertifikas\u0131 sat\u0131l\u0131yor. Enflasyon artt\u0131, memura m\u00fcjde diye ba\u015fl\u0131k at\u0131yor gazeteler. Sendikal haklardan yararlanmak i\u00e7in referandumda evet demek gerekiyor. Daha d\u00fcn T\u00fcrkiye&#8217;de Allah karakola d\u00fc\u015f\u00fcrmesin denirken Allah mahkemeye d\u00fc\u015f\u00fcrmesin deniyor. Eskiden a\u011f\u0131r ol molla desinler denirdi, \u015fimdi AKP&#8217;den ol melle desinler deniliyor. \u0130leri demokrasi her muhalif gruptan bir ter\u00f6r \u00f6rg\u00fct\u00fc yarat\u0131yor. Yurtta\u015flar\u0131m\u0131z\u0131n t\u00fcm\u00fc AKP fa\u015fizmini iliklerine kadar hissediyor. \u015eifreli s\u0131nav\u0131 yapanlar de\u011fil de onu protesto edenleri yarg\u0131layan kim?<\/p>\n<p style=\"text-align: justify;\">Siz de\u011fil misiniz, sehven bilgi y\u00fckleyen polisler zaman a\u015f\u0131m\u0131ndan yararlan\u0131rken, sehven bilgi ile te\u011fmen hala yarg\u0131lan\u0131yor. U\u00e7uyor denilen ekonomi, gelir adaletsizli\u011finde u\u00e7urumun kenar\u0131nda de\u011fil mi? Venezuela&#8217;dan sonra d\u00fcnyan\u0131n en k\u0131r\u0131lgan ikinci ekonomisi T\u00fcrkiye de\u011fil mi? Okullar\u0131m\u0131z\u0131n tabelalar\u0131n\u0131 paray\u0131 verenler taraf\u0131ndan de\u011fi\u015ftirilmiyor mu? \u0130cra dairelerindeki dosya say\u0131s\u0131 9 milyon 400 bin artmad\u0131 m\u0131? \u0130zmir&#8217;de Somalili bebek Muhammed&#8217;e icra gelmedi mi? Nev\u015fehir&#8217;in Kozakl\u0131 il\u00e7esinin Akp\u0131nar k\u00f6y\u00fcn\u00fcn sular\u0131 iki y\u0131ld\u0131r ak\u0131yor mu? Milas&#8217;ta savc\u0131l\u0131\u011fa \u00e7a\u011fr\u0131lmas\u0131 gereken ki\u015fi m\u00fcft\u00fcl\u00fc\u011fe \u00e7a\u011fr\u0131lmad\u0131 m\u0131?&#8221;<\/p>\n<p style=\"text-align: justify;\">AKP&#8217;ye dokunan herkesin bir \u015fekilde ranta ula\u015ft\u0131\u011f\u0131n\u0131 savunan \u0130nce, &#8220;Sistem de\u011fi\u015fmedi ama sistemin sahibi de\u011fi\u015fti. T\u00fcrkiye&#8217;nin \u00f6zeti \u015fudur; Siz devlet mal\u0131na bonk\u00f6r, vatanda\u015f\u0131n sorununa bakark\u00f6r, Cumhuriyet de\u011ferlerine nank\u00f6r, T\u00fcrkiye&#8217;ye diktat\u00f6r oldunuz. Atat\u00fcrk&#8217;e &#8216;Bu adam&#8217; diyen, Abdullah \u00d6calan&#8217;\u0131n pa\u015fa olmas\u0131n\u0131 \u00f6neren M\u00fcmtazer T\u00fcrk\u00f6ne&#8217;yi Atat\u00fcrk K\u00fclt\u00fcr Dil Tarih Kurumu&#8217;na atam\u0131\u015f Say\u0131n Cumhurba\u015fkan\u0131. \u0130\u015fte tam bek\u00e7i. Bu kadar olur&#8221; dedi.<\/p>\n<p style=\"text-align: justify;\"><a href=\"http:\/\/www.cumhuriyet.com.tr\/?hn=302184&amp;kw=%DDnce'den+G%FCl'e+%E7ok+sert+tepki!\" target=\"_blank\">Kaynak : Cumhuriyet Haber Portal\u0131<\/a><\/p>\n","protected":false},"excerpt":{"rendered":"<p style=\"text-align: center;\">\n<p style=\"text-align: justify;\">CHP Grup Ba\u015fkanvekili Muharrem \u0130nce&#8217;den Cumhurba\u015fkan\u0131 G\u00fcl&#8217;e \u00e7ok sert tepki: Atat\u00fcrk&#8217;e &#8216;Bu adam&#8217; diyen, Abdullah \u00d6calan&#8217;\u0131n pa\u015fa olmas\u0131n\u0131 \u00f6neren M\u00fcmtazer T\u00fcrk\u00f6ne&#8217;yi Atat\u00fcrk K\u00fclt\u00fcr Dil Tarih Kurumu&#8217;na atam\u0131\u015f Say\u0131n Cumhurba\u015fkan\u0131. \u0130\u015fte tam bek\u00e7i. Bu kadar olur. <\/p>\n","protected":false},"author":1,"featured_media":0,"comment_status":"open","ping_status":"open","sticky":false,"template":"","format":"standard","meta":{"footnotes":""},"categories":[105],"tags":[],"class_list":["post-44695","post","type-post","status-publish","format-standard","hentry","category-gundem","odd"],"_links":{"self":[{"href":"http:\/\/www.korhanyilmaz.com\/index.php?rest_route=\/wp\/v2\/posts\/44695","targetHints":{"allow":["GET"]}}],"collection":[{"href":"http:\/\/www.korhanyilmaz.com\/index.php?rest_route=\/wp\/v2\/posts"}],"about":[{"href":"http:\/\/www.korhanyilmaz.com\/index.php?rest_route=\/wp\/v2\/types\/post"}],"author":[{"embeddable":true,"href":"http:\/\/www.korhanyilmaz.com\/index.php?rest_route=\/wp\/v2\/users\/1"}],"replies":[{"embeddable":true,"href":"http:\/\/www.korhanyilmaz.com\/index.php?rest_route=%2Fwp%2Fv2%2Fcomments&post=44695"}],"version-history":[{"count":0,"href":"http:\/\/www.korhanyilmaz.com\/index.php?rest_route=\/wp\/v2\/posts\/44695\/revisions"}],"wp:attachment":[{"href":"http:\/\/www.korhanyilmaz.com\/index.php?rest_route=%2Fwp%2Fv2%2Fmedia&parent=44695"}],"wp:term":[{"taxonomy":"category","embeddable":true,"href":"http:\/\/www.korhanyilmaz.com\/index.php?rest_route=%2Fwp%2Fv2%2Fcategories&post=44695"},{"taxonomy":"post_tag","embeddable":true,"href":"http:\/\/www.korhanyilmaz.com\/index.php?rest_route=%2Fwp%2Fv2%2Ftags&post=44695"}],"curies":[{"name":"wp","href":"https:\/\/api.w.org\/{rel}","templated":true}]}}