{"id":4469,"date":"2009-03-03T09:15:06","date_gmt":"2009-03-03T07:15:06","guid":{"rendered":"http:\/\/www.korhanyilmaz.com\/?p=4469"},"modified":"2009-03-03T09:15:06","modified_gmt":"2009-03-03T07:15:06","slug":"nisanda-risk-var","status":"publish","type":"post","link":"http:\/\/www.korhanyilmaz.com\/?p=4469","title":{"rendered":"&#039;Nisan&#039;da risk var&#039;"},"content":{"rendered":"<p style=\"text-align: justify;\"><img loading=\"lazy\" decoding=\"async\" class=\"aligncenter size-full wp-image-4470\" title=\"'Nisan'da risk var' \" src=\"http:\/\/www.korhanyilmaz.com\/wp-content\/uploads\/2009\/03\/030320090936330060422.jpg\" alt=\"'Nisan'da risk var' \" width=\"376\" height=\"240\" \/><\/p>\n<p style=\"text-align: justify;\"><strong>Babacan&#8217;\u0131n Ermeni tasar\u0131s\u0131 yorumu: Nisanda risk var<\/strong><\/p>\n<p style=\"text-align: justify;\">D\u0131\u015fi\u015fleri Bakan\u0131 Ali Babacan Ak\u015fam gazetesi Genel Yay\u0131n Y\u00f6netmeni \u0130smail K\u00fc\u00e7\u00fckkaya&#8217;ya bir r\u00f6portaj verdi. \u0130\u015fte o r\u00f6portaj:<\/p>\n<p style=\"text-align: justify;\">D\u0131\u015fi\u015fleri Bakan\u0131 Ali Babacan&#8217;la birlikte M\u0131s\u0131r&#8217;\u0131n \u015earm El \u015eeyh \u015fehrinde yap\u0131lacak &#8216;Gazze&#8217;ye yard\u0131m&#8217; konulu uluslararas\u0131 konferansa giderken u\u00e7aktaki sohbetimizde ilgin\u00e7 ve \u00f6nemli bir ayr\u0131nt\u0131y\u0131 yakal\u0131yoruz.<br \/>\nBakana, Davos sonras\u0131 T\u00fcrkiye-\u0130srail ve T\u00fcrkiye-ABD ili\u015fkilerini sordum. Sohbetimiz ilerledik\u00e7e laf s\u00f6zde Ermeni soyk\u0131r\u0131m tasar\u0131s\u0131na geldi. Bu konuyu \u00e7ok \u00f6nemsiyorum. \u0130ki g\u00fcn \u00f6nce Ba\u015fbakan Erdo\u011fan Van&#8217;daki a\u00e7\u0131klamas\u0131yla Washington&#8217;u uyarm\u0131\u015f ve s\u00f6zde soyk\u0131r\u0131m tasar\u0131s\u0131 yasala\u015f\u0131rsa stratejik ili\u015fkilerin zarar g\u00f6rece\u011fini s\u00f6ylemi\u015fti.<!--more--><\/p>\n<p style=\"text-align: justify;\">&#8216;Durum nedir?&#8217; diye sordum. Hep \u00e7ok temkinli konu\u015fan Babacan beklemedi\u011fim kadar a\u00e7\u0131k yan\u0131tlad\u0131: Nisanda risk var.<br \/>\nBa\u015fbakan&#8217;\u0131n s\u00f6zlerini hat\u0131rlatt\u0131m, demek ki sinyaller iyi de\u011fil ve h\u00fck\u00fcmet testi k\u0131r\u0131lmadan uyar\u0131 g\u00f6revlerini yapmak istiyor.<br \/>\nBakan, &#8216;Evet bunu zaten biliyorlar, ili\u015fkiler yara al\u0131r&#8217; dedi.\n<\/p>\n<p style=\"text-align: justify;\"><strong>TEHD\u0130T DE\u011e\u0130L, A\u00c7IK KONU\u015eUYORUZ<\/strong><\/p>\n<p style=\"text-align: justify;\">Babacan bu a\u00e7\u0131klamalar\u0131n tehdit gibi alg\u0131lanmamas\u0131 gerekti\u011fini vurgulad\u0131ktan sonra \u015f\u00f6yle devam etti:<br \/>\nB\u00f6yle bir geli\u015fme T\u00fcrk-ABD ili\u015fkilerini etkiler. \u0130lerlemekte olan Ermenistan- Azerbaycan s\u00fcrecine zarar verebilir. Ermenistan ve T\u00fcrkiye ili\u015fkilerine de darbe indirir. Tehdit etme anlam\u0131nda de\u011fil, bundan hi\u00e7 ho\u015flanmam. Ama onlarla (Amerika) a\u00e7\u0131k konu\u015fuyoruz.\n<\/p>\n<p style=\"text-align: justify;\"><strong>1915&#8217;TEN BER\u0130 EN \u0130Y\u0130 NOKTADAYIZ<\/strong><\/p>\n<p style=\"text-align: justify;\">Babacan, &#8216;\u00c7\u00f6z\u00fcme hi\u00e7 bu kadar yak\u0131n olmam\u0131\u015ft\u0131k&#8217; deyince, araya girdim ve &#8216;Buradaki kast\u0131n\u0131z nedir?&#8217; diye sordum<br \/>\n&#8216;Tamamen normalle\u015fme&#8217; diye yan\u0131tlad\u0131. Sonra hayli \u00e7arp\u0131c\u0131 ve iddial\u0131 \u015fu c\u00fcmleyi ekledi: &#8216;Ermenilerle 1915&#8217;ten beri en iyi noktaday\u0131z. \u00c7\u00f6z\u00fcme en yak\u0131n durumday\u0131z. Her zaman b\u00f6yle bir f\u0131rsat \u00e7\u0131kmaz.&#8217;<br \/>\nBabacan \u00e7ok a\u00e7\u0131k bi\u00e7imde ve dost\u00e7a Washington&#8217;u uyar\u0131yor, nisanda tats\u0131z bir geli\u015fme ya\u015fan\u0131rsa bunun Ankara-Erivan, Erivan-Bak\u00fc ve Ankara-Washington ili\u015fkilerine ciddi, olumsuz yans\u0131malar\u0131 olaca\u011f\u0131n\u0131 vurguluyor.\n<\/p>\n<p style=\"text-align: justify;\"><strong>KIRMIZI ALARM<\/strong><\/p>\n<p style=\"text-align: justify;\">&#8216;Peki biz ne yapaca\u011f\u0131z?&#8217; Ge\u00e7en y\u0131l m\u00fcthi\u015f bir diplomasi hamlesi ile Ermeni diasporas\u0131n\u0131n 2008 ata\u011f\u0131 savu\u015fturulmu\u015ftu. Bu y\u0131l\u0131n \u00f6nlem paketinde neler var? \u0130\u015fte Bakan Babacan&#8217;\u0131n a\u00e7\u0131klamas\u0131:<\/p>\n<p style=\"text-align: justify;\">&#8216;Bir ekip ABD&#8217;ye gitti geldi. D\u0131\u015f \u0130li\u015fkiler Komisyonu yine gidiyor. \u00dcnal \u00c7evik\u00f6z, Feridun Sinirlio\u011flu, Ahmet Davuto\u011flu ayr\u0131 ayr\u0131 gidip g\u00f6r\u00fc\u015fmeler yapacaklar. Tarihleri belli. Clinton geliyor ona da s\u00f6yleyece\u011fiz. \u00d6zellikle davet ettim, telefonda, hemen kabul etti.&#8217;<br \/>\nBabacan, burada da Clinton&#8217;la k\u0131sa s\u00fcre sohbet etti. &#8216;Ankara randevusunda konu\u015faca\u011f\u0131m\u0131z \u00e7ok konu var&#8217; dediler. Babacan ayr\u0131ca M\u0131s\u0131r&#8217;da yo\u011fun bir mekik diplomasisi y\u00fcr\u00fctt\u00fc. Filistin Devlet Ba\u015fkan\u0131 Abbas, L\u00fcbnan Ba\u015fbakan\u0131 Sinyora ve 6 d\u0131\u015fi\u015fleri bakan\u0131yla ikili temaslarda bulundu.\n<\/p>\n<p style=\"text-align: justify;\"><strong>HAMAS&#8217;A A\u00c7IK \u00c7EK YOK<\/strong><\/p>\n<p style=\"text-align: justify;\">Babacan bir s\u00fcre \u00f6nce Hamas i\u00e7in &#8216;Siyasetle silah beraber olmaz, tercih yapmal\u0131lar&#8217; mealinde bir deme\u00e7 vermi\u015fti. O s\u00f6zleri hat\u0131rlatt\u0131m ve Ankara&#8217;n\u0131n Hamas&#8217;la, Filistin&#8217;le ve \u0130srail&#8217;le olan \u00fc\u00e7l\u00fc, kompleks pozisyonunu a\u00e7\u0131klamas\u0131n\u0131 rica ettim. Uluslararas\u0131 arenada da \u00e7ok tart\u0131\u015f\u0131lan bu konuda Babacan \u015funlar\u0131 s\u00f6yledi:<\/p>\n<p style=\"text-align: justify;\">&#8216;Filistin sorununu \u00e7\u00f6zmek i\u00e7in b\u00fcy\u00fck vizyon gerek. Biz T\u00fcrkiye olarak, b\u00fct\u00fcn taraflarla ili\u015fkisi bulunan bir \u00fclke olarak, konuya yukar\u0131dan bakabiliyoruz. Filistinlilerin \u00e7\u00f6z\u00fcm i\u00e7in kendi aralar\u0131nda uzla\u015fmas\u0131 gerek. Tek ba\u015f\u0131na hi\u00e7bir grup bunu yapamaz. Bir boyut bu. G\u00fcvenlik deyince sadece \u0130srail akl\u0131m\u0131za geliyor. Filistin&#8217;in de g\u00fcvenli\u011fe ihtiyac\u0131 var. \u00c7ok konu\u015fulmuyor ama Filistin topraklar\u0131 i\u015fgal alt\u0131nda.<\/p>\n<p style=\"text-align: justify;\">Hamas&#8217;\u0131n b\u00fct\u00fcn yapt\u0131klar\u0131na a\u00e7\u0131k \u00e7ek vermiyoruz. Hepsi do\u011fru demiyoruz. Ama realite var. Hamas bir ger\u00e7ek. Yokmu\u015f gibi yapamay\u0131z. Bizim Ortado\u011fu&#8217;da \u00f6zel bir durumumuz var. Araplar aras\u0131nda b\u00f6l\u00fcnme var, biz iki tarafla da rahat konu\u015fuyoruz.<\/p>\n<p style=\"text-align: justify;\"><strong>\u0130SRA\u0130L&#8217;LE \u0130RT\u0130BATI H\u0130\u00c7 KOPARMADIK<\/strong><\/p>\n<p style=\"text-align: justify;\">\u0130srail&#8217;le de g\u00f6r\u00fc\u015f\u00fcyoruz. Irtibat\u0131 hi\u00e7 koparmad\u0131k. Sava\u015f\u0131n ortas\u0131nda bile diplomatik kanallar\u0131 a\u00e7\u0131k tuttuk. Yanl\u0131\u015f yap\u0131yorsunuz dedik, b\u00f6yle \u00e7\u00f6z\u00fcm bulamazs\u0131n\u0131z dedik.&#8217;<br \/>\nBabacan&#8217;a &#8216;Davos&#8217;ta ya\u015fananlardan sonra \u0130srail&#8217;le sizin do\u011frudan bir g\u00f6r\u00fc\u015fmeniz oldu mu?&#8217; dedim.<br \/>\nD\u00fc\u015f\u00fcnd\u00fc, &#8216;Davos ocak sonuydu&#8217; dedi, &#8216;\u0130srail&#8217;de \u015fubat ba\u015f\u0131nda se\u00e7imler vard\u0131&#8217; diye ekledi. &#8216;Onlar se\u00e7im tela\u015f\u0131ndayd\u0131lar&#8217; diye devam etti. &#8216;Se\u00e7im sonras\u0131 arad\u0131n\u0131z m\u0131, tebrik i\u00e7in&#8217; dedim &#8216;hay\u0131r&#8217; dedi. Hi\u00e7 d\u00fc\u015f\u00fcnmedi\u011fini hissettim. &#8216;Arkada\u015flar g\u00f6r\u00fc\u015f\u00fcyorlar&#8217; derken asl\u0131nda ili\u015fkilerin \u00fczerine bir g\u00f6lge d\u00fc\u015ft\u00fc\u011f\u00fcn\u00fc ve normalle\u015fme i\u00e7in zamana ihtiya\u00e7 oldu\u011funu belli ediyordu.\n<\/p>\n<p style=\"text-align: justify;\">Babacan, Davos sonras\u0131 onlarca devlet adam\u0131n\u0131n Ba\u015fbakan&#8217;\u0131 aray\u0131p tebrik etti\u011fini ve Ortado\u011fu halklar\u0131 nezdinde T\u00fcrkiye&#8217;nin b\u00fcy\u00fck prestij kazand\u0131\u011f\u0131n\u0131 vurgulama ihtiyac\u0131 hissetti.<\/p>\n<p style=\"text-align: justify;\">Ge\u00e7en hafta \u00e7ok konu\u015fulmu\u015ftu. Cumhurba\u015fkan\u0131&#8217;n\u0131n \u0130srail ziyaretinin de tarihinin belli olmad\u0131\u011f\u0131n\u0131 s\u00f6ylerken &#8216;B\u00f6yle bir ziyaret i\u00e7in \u015fartlar ne zaman elveri\u015fli olur bilemiyorum&#8217; dedi. O arada u\u00e7a\u011f\u0131m\u0131z \u015earm El \u015eeyh&#8217;e indi.<\/p>\n<p style=\"text-align: justify;\"><span style=\"color: #888888;\">Kaynak : Vatan Gazetesi<\/span><\/p>\n","protected":false},"excerpt":{"rendered":"<p style=\"text-align: justify;\">\n<p style=\"text-align: justify;\">Babacan&#8217;\u0131n Ermeni tasar\u0131s\u0131 yorumu: Nisanda risk var<\/p>\n<p style=\"text-align: justify;\">D\u0131\u015fi\u015fleri Bakan\u0131 Ali Babacan Ak\u015fam gazetesi Genel Yay\u0131n Y\u00f6netmeni \u0130smail K\u00fc\u00e7\u00fckkaya&#8217;ya bir r\u00f6portaj verdi. \u0130\u015fte o r\u00f6portaj:<\/p>\n<p style=\"text-align: justify;\">D\u0131\u015fi\u015fleri Bakan\u0131 Ali Babacan&#8217;la birlikte M\u0131s\u0131r&#8217;\u0131n \u015earm El \u015eeyh \u015fehrinde yap\u0131lacak &#8216;Gazze&#8217;ye yard\u0131m&#8217; konulu uluslararas\u0131 konferansa giderken u\u00e7aktaki sohbetimizde ilgin\u00e7 ve \u00f6nemli <\/p>\n","protected":false},"author":1,"featured_media":0,"comment_status":"open","ping_status":"closed","sticky":false,"template":"","format":"standard","meta":{"footnotes":""},"categories":[105],"tags":[],"class_list":["post-4469","post","type-post","status-publish","format-standard","hentry","category-gundem","odd"],"_links":{"self":[{"href":"http:\/\/www.korhanyilmaz.com\/index.php?rest_route=\/wp\/v2\/posts\/4469","targetHints":{"allow":["GET"]}}],"collection":[{"href":"http:\/\/www.korhanyilmaz.com\/index.php?rest_route=\/wp\/v2\/posts"}],"about":[{"href":"http:\/\/www.korhanyilmaz.com\/index.php?rest_route=\/wp\/v2\/types\/post"}],"author":[{"embeddable":true,"href":"http:\/\/www.korhanyilmaz.com\/index.php?rest_route=\/wp\/v2\/users\/1"}],"replies":[{"embeddable":true,"href":"http:\/\/www.korhanyilmaz.com\/index.php?rest_route=%2Fwp%2Fv2%2Fcomments&post=4469"}],"version-history":[{"count":0,"href":"http:\/\/www.korhanyilmaz.com\/index.php?rest_route=\/wp\/v2\/posts\/4469\/revisions"}],"wp:attachment":[{"href":"http:\/\/www.korhanyilmaz.com\/index.php?rest_route=%2Fwp%2Fv2%2Fmedia&parent=4469"}],"wp:term":[{"taxonomy":"category","embeddable":true,"href":"http:\/\/www.korhanyilmaz.com\/index.php?rest_route=%2Fwp%2Fv2%2Fcategories&post=4469"},{"taxonomy":"post_tag","embeddable":true,"href":"http:\/\/www.korhanyilmaz.com\/index.php?rest_route=%2Fwp%2Fv2%2Ftags&post=4469"}],"curies":[{"name":"wp","href":"https:\/\/api.w.org\/{rel}","templated":true}]}}