{"id":44685,"date":"2011-12-22T08:04:56","date_gmt":"2011-12-22T06:04:56","guid":{"rendered":"http:\/\/www.korhanyilmaz.com\/?p=44685"},"modified":"2011-12-22T09:18:54","modified_gmt":"2011-12-22T07:18:54","slug":"abdullatif-sener-isi-bitince-cope-atacaklar","status":"publish","type":"post","link":"http:\/\/www.korhanyilmaz.com\/?p=44685","title":{"rendered":"Abd\u00fcllatif \u015eener: \u2018\u0130\u015fi bitince \u00e7\u00f6pe atacaklar\u2019"},"content":{"rendered":"<p style=\"text-align: center;\"><a href=\"http:\/\/www.korhanyilmaz.com\/wp-content\/uploads\/2011\/12\/8688.jpg\"  class=\"lightview\"><img loading=\"lazy\" decoding=\"async\" class=\" wp-image-44686 aligncenter\" src=\"http:\/\/www.korhanyilmaz.com\/wp-content\/uploads\/2011\/12\/8688.jpg\" alt=\"\" width=\"357\" height=\"210\" \/><\/a><\/p>\n<p style=\"text-align: justify;\">T\u00fcrkiye Partisi Genel Ba\u015fkan\u0131 Abd\u00fcllatif \u015eener, Ba\u015fbakan Erdo\u011fan ve AKP\u2019ye sert ele\u015ftiriler y\u00f6neltti.<\/p>\n<p style=\"text-align: justify;\">Erdo\u011fan\u2019\u0131n zaman zaman \u0130srail\u2019le a\u011f\u0131z kavgas\u0131 yapt\u0131\u011f\u0131na dikkat \u00e7eken \u015eener, \u201cYapt\u0131\u011f\u0131 her i\u015f \u0130srail\u2019in i\u015fine yar\u0131yor. \u0130craatlar hep \u0130srail\u2019in menfaatine\u201d dedi. \u2008\u015eener, T\u00fcrkiye\u2019nin Suriye\u2019yi kar\u0131\u015ft\u0131ran \u00fclke konumuna geldi\u011fini ifade etti.\u00a0<!--more--><\/p>\n<p style=\"text-align: justify;\">T\u00fcrkiye Partisi Genel Ba\u015fkan\u0131 Abd\u00fcllatif \u015eener, sert ele\u015ftiriler y\u00f6neltti\u011fi Ba\u015fbakan Recep Tayyip Erdo\u011fan\u2019\u0131n \u201cB\u00fcy\u00fck Ortado\u011fu Projesi\u2019nin (BOP) e\u015fba\u015fkan\u0131 de\u011fil ta\u015feronu oldu\u011funu ve i\u015fi bitincede \u00e7\u00f6pe at\u0131laca\u011f\u0131n\u0131\u201d iddia etti.<\/p>\n<p style=\"text-align: justify;\">\u015eener, internet haber portal\u0131 \u201cGazete A24\u201d sitesine verdi\u011fi r\u00f6portajda AKP h\u00fck\u00fcmetinin politikalar\u0131n\u0131 yerden yere vurdu. Ba\u015fbakan Erdo\u011fan\u2019\u0131n \u201cBen B\u00fcy\u00fck Ortado\u011fu Projesi\u2019nin e\u015fba\u015fkan\u0131y\u0131m\u201d dedi\u011fini hat\u0131rlatan \u015eener, \u201cB\u00fcy\u00fck Ortado\u011fu Projesi ne olacak diye hepimiz merak ediyorduk. \u015eimdi \u00f6\u011freniyoruz\u2026 Bakt\u0131k ki Kuzey Afrika\u2019dan uzan\u0131p giden bir de\u011fi\u015fim r\u00fczg\u00e2r\u0131\u2026 Nas\u0131l bir de\u011fi\u015fim bu biliyor musun? Ba\u015fbakan arada bir \u0130srail ile a\u011f\u0131z kavgas\u0131 yap\u0131yor ya\u2026 Ama yapt\u0131\u011f\u0131 her i\u015f de \u0130srail\u2019in i\u015fine yar\u0131yor. A\u011fz\u0131 ile kavga ediyor ama icraatlar hep \u0130srail\u2019in menfaatine\u2026 Onun i\u00e7in, Ba\u015fbakan\u2019\u0131n laflar\u0131na de\u011fil, icraatlar\u0131na bakmam\u0131z laz\u0131m\u201d dedi.<\/p>\n<p style=\"text-align: justify;\"><strong>D\u00f6n\u00fc\u015f\u00fcm\u00fcn ilk aya\u011f\u0131 T\u00fcrkiye\u00a0<\/strong><\/p>\n<p style=\"text-align: justify;\">\u015eener, Erdo\u011fan b\u00f6lgede tek adam m\u0131 olmaya \u00e7al\u0131\u015f\u0131yor sorusuna, \u201cG\u00f6revini yap\u0131yor. Ne tek adam olacakm\u0131\u015f\u2026 Oradan bir kahraman \u00e7\u0131kmaz. G\u00f6rev bitti\u011fi zaman atarlar insan\u0131 \u00e7\u00f6pe\u2026 Kahraman olamayaca\u011f\u0131 bir yerde, ta\u015feronluk \u00fcstleniyor. Onun \u2018e\u015fba\u015fkanl\u0131k\u2019 dedi\u011fine ben \u2018ta\u015feronluk\u2019 diyorum. Nedir bu de\u011fi\u015fim r\u00fczg\u00e2rlar\u0131? K\u00fcresel g\u00fc\u00e7lerin \u00e7\u0131karlar\u0131 ile \u00f6zellikle de \u0130srail ile uyumlu politika, uygulamayan \u00fclkelerin y\u00f6netimleri tasviye oluyor. Birincisi bu. Libya, Suriye ve \u0130ran\u2019a s\u0131\u00e7ramay\u0131 d\u00fc\u015f\u00fcn\u00fcyorlar. \u0130kincisi, k\u00fcresel g\u00fc\u00e7lerin politikalar\u0131na ve \u00f6zellikle de \u0130srail\u2019in politikalar\u0131na uyumlu politika uygulayan y\u00f6netimler de, halka yabanc\u0131la\u015fm\u0131\u015f olmalar\u0131, diktat\u00f6rvari y\u00f6netimleri nedeniyle, \u00f6n\u00fcm\u00fczdeki yeni s\u00fcre\u00e7leri y\u00f6netebilecek yetenekleri ve g\u00fc\u00e7leri olmad\u0131\u011f\u0131ndan, de\u011fi\u015ftiriliyor&#8230;\u201d dedi. \u015eener, T\u00fcrkiye\u2019nin Suriye\u2019yi kar\u0131\u015ft\u0131ran \u00fclke konumuna geldi\u011fini belirtti.<\/p>\n<p style=\"text-align: justify;\">T\u00fcrkiye\u2019nin k\u00fcresel politikalardaki d\u00f6n\u00fc\u015f\u00fcm\u00fcn ilk aya\u011f\u0131 oldu\u011funu belirten \u015eener, \u201cAKP bunun sonucu olarak ortaya \u00e7\u0131km\u0131\u015ft\u0131r. T\u00fcrkiye\u2019de, bu mevcut iktidar yap\u0131s\u0131 nedeniyle \u0130slami duyarl\u0131l\u0131k yok edilmi\u015ftir\u201d dedi. \u015eener, bas\u0131n\u0131n korkudan Erdo\u011fan\u2019\u0131n WikiLeaks belgelerinde yer alan \u0130svi\u00e7re\u2019deki hesaplar\u0131n\u0131n \u00fczerine gitmedi\u011fini savundu.<\/p>\n<p style=\"text-align: justify;\"><a href=\"http:\/\/www.muhalifgazete.com\/28105-isi-bitince-cope-atacaklar.htm\" target=\"_blank\">Kaynak : Muhalif Gazete<\/a><\/p>\n","protected":false},"excerpt":{"rendered":"<p style=\"text-align: center;\">\n<p style=\"text-align: justify;\">T\u00fcrkiye Partisi Genel Ba\u015fkan\u0131 Abd\u00fcllatif \u015eener, Ba\u015fbakan Erdo\u011fan ve AKP\u2019ye sert ele\u015ftiriler y\u00f6neltti.<\/p>\n<p style=\"text-align: justify;\">Erdo\u011fan\u2019\u0131n zaman zaman \u0130srail\u2019le a\u011f\u0131z kavgas\u0131 yapt\u0131\u011f\u0131na dikkat \u00e7eken \u015eener, \u201cYapt\u0131\u011f\u0131 her i\u015f \u0130srail\u2019in i\u015fine yar\u0131yor. \u0130craatlar hep \u0130srail\u2019in menfaatine\u201d dedi. \u015eener, T\u00fcrkiye\u2019nin Suriye\u2019yi kar\u0131\u015ft\u0131ran \u00fclke konumuna geldi\u011fini ifade etti. <\/p>\n","protected":false},"author":1,"featured_media":0,"comment_status":"open","ping_status":"open","sticky":false,"template":"","format":"standard","meta":{"footnotes":""},"categories":[105],"tags":[],"class_list":["post-44685","post","type-post","status-publish","format-standard","hentry","category-gundem","odd"],"_links":{"self":[{"href":"http:\/\/www.korhanyilmaz.com\/index.php?rest_route=\/wp\/v2\/posts\/44685","targetHints":{"allow":["GET"]}}],"collection":[{"href":"http:\/\/www.korhanyilmaz.com\/index.php?rest_route=\/wp\/v2\/posts"}],"about":[{"href":"http:\/\/www.korhanyilmaz.com\/index.php?rest_route=\/wp\/v2\/types\/post"}],"author":[{"embeddable":true,"href":"http:\/\/www.korhanyilmaz.com\/index.php?rest_route=\/wp\/v2\/users\/1"}],"replies":[{"embeddable":true,"href":"http:\/\/www.korhanyilmaz.com\/index.php?rest_route=%2Fwp%2Fv2%2Fcomments&post=44685"}],"version-history":[{"count":0,"href":"http:\/\/www.korhanyilmaz.com\/index.php?rest_route=\/wp\/v2\/posts\/44685\/revisions"}],"wp:attachment":[{"href":"http:\/\/www.korhanyilmaz.com\/index.php?rest_route=%2Fwp%2Fv2%2Fmedia&parent=44685"}],"wp:term":[{"taxonomy":"category","embeddable":true,"href":"http:\/\/www.korhanyilmaz.com\/index.php?rest_route=%2Fwp%2Fv2%2Fcategories&post=44685"},{"taxonomy":"post_tag","embeddable":true,"href":"http:\/\/www.korhanyilmaz.com\/index.php?rest_route=%2Fwp%2Fv2%2Ftags&post=44685"}],"curies":[{"name":"wp","href":"https:\/\/api.w.org\/{rel}","templated":true}]}}