{"id":44661,"date":"2011-12-21T20:33:19","date_gmt":"2011-12-21T18:33:19","guid":{"rendered":"http:\/\/www.korhanyilmaz.com\/?p=44661"},"modified":"2011-12-21T21:36:26","modified_gmt":"2011-12-21T19:36:26","slug":"kanadoglu-gorev-suresi-5-yildir","status":"publish","type":"post","link":"http:\/\/www.korhanyilmaz.com\/?p=44661","title":{"rendered":"Kanado\u011flu: G\u00f6rev s\u00fcresi 5 y\u0131ld\u0131r!"},"content":{"rendered":"<p style=\"text-align: center;\"><a href=\"http:\/\/www.korhanyilmaz.com\/wp-content\/uploads\/2011\/12\/8684.jpg\"  class=\"lightview\"><img loading=\"lazy\" decoding=\"async\" class=\"aligncenter  wp-image-44662\" src=\"http:\/\/www.korhanyilmaz.com\/wp-content\/uploads\/2011\/12\/8684.jpg\" alt=\"\" width=\"322\" height=\"241\" \/><\/a><\/p>\n<p style=\"text-align: justify;\">Eski Yarg\u0131tay Cumhuriyet Ba\u015fsavc\u0131s\u0131 Sabih Kanado\u011flu, Cumhurba\u015fkan\u0131 Abdullah G\u00fcl&#8217;\u00fcn g\u00f6rev s\u00fcresiyle ilgili, &#8221;E\u011fer &#8216;7 y\u0131ld\u0131r&#8217; bi\u00e7iminde, sadece bir yasayla Meclis&#8217;te halledilece\u011fi ileri s\u00fcr\u00fclecekse, bu bir yetki gasb\u0131d\u0131r. Anayasa ihlalidir. B\u00f6yle bir yola gidilmemesini tavsiye ederim&#8221; dedi.<!--more--><\/p>\n<p style=\"text-align: justify;\">Antalya- Antalya B\u00fcy\u00fck\u015fehir Belediyesi taraf\u0131ndan Antalya K\u00fclt\u00fcr Merkezi&#8217;nde &#8221;Yeni Anayasa ve Ger\u00e7ekler&#8221; konulu panel d\u00fczenlendi. Panelde konu\u015fan eski Yarg\u0131tay Cumhuriyet Ba\u015fsavc\u0131s\u0131 Sabih Kanado\u011flu, Cumhurba\u015fkan\u0131 G\u00fcl&#8217;\u00fcn g\u00f6rev s\u00fcresinin 5 y\u0131l m\u0131 yoksa 7 y\u0131l m\u0131 olmas\u0131 gerekti\u011fi ya da yeni bir anayasa yapma sorusunun cevab\u0131n\u0131n, mevcut Anayasa&#8217;n\u0131n 6. maddesinde yatt\u0131\u011f\u0131n\u0131 s\u00f6yledi.<\/p>\n<p style=\"text-align: justify;\">Kanado\u011flu, &#8221;\u00c7\u00fcnk\u00fc Anayasa&#8217;n\u0131n 6. maddesi, a\u00e7\u0131k ve net bir \u015fekilde hi\u00e7bir ki\u015finin ve organ\u0131n, kayna\u011f\u0131n\u0131 anayasadan almayan bir yetkiyi kullanamayaca\u011f\u0131na amirdir. O halde &#8216;5 mi, 7 mi&#8217; sorusunun cevab\u0131 da bu 6. maddede yaz\u0131l\u0131d\u0131r&#8221; ifadesini kulland\u0131.<\/p>\n<p style=\"text-align: justify;\">T\u00fcrkiye&#8217;de bir Anayasa de\u011fi\u015fikli\u011fi yap\u0131ld\u0131\u011f\u0131n\u0131 ve cumhurba\u015fkan\u0131 se\u00e7me yetki ve g\u00f6revinin Meclis&#8217;ten al\u0131narak halka verildi\u011fini hat\u0131rlatan Kanado\u011flu, halk oylamas\u0131nda kabul edilen metne g\u00f6re cumhurba\u015fkan\u0131n\u0131n 5 y\u0131l i\u00e7in se\u00e7ilece\u011fini kaydetti. Kanado\u011flu, anayasa de\u011fi\u015fikli\u011fine bir ge\u00e7ici madde konulmad\u0131\u011f\u0131 i\u00e7in de Cumhurba\u015fkan\u0131 Abdullah G\u00fcl&#8217;\u00fcn g\u00f6rev s\u00fcresinin 5 y\u0131l olmas\u0131 gerekti\u011fini s\u00f6yledi.<\/p>\n<p style=\"text-align: justify;\">5 y\u0131l\u0131n sonu olan 28 A\u011fustos 2012 tarihinden sonra, e\u011fer gerekli \u00f6nlem al\u0131nmazsa, Cumhurba\u015fkan\u0131 G\u00fcl&#8217;\u00fcn g\u00f6rev s\u00fcresinin bitece\u011fini iddia eden Kanado\u011flu, &#8221;E\u011fer &#8216;7 y\u0131ld\u0131r&#8217; bi\u00e7iminde, sadece bir yasayla Meclis&#8217;te halledilece\u011fi ileri s\u00fcr\u00fclecekse, bu bir yetki gasb\u0131d\u0131r. Anayasa ihlalidir. B\u00f6yle bir yola gidilmemesini tavsiye ederim&#8221; diye konu\u015ftu.<\/p>\n<p style=\"text-align: justify;\">Aksinin yap\u0131lmas\u0131 ve bir yasa ile anayasa de\u011fi\u015fikli\u011fine ve anayasaya ekleme yap\u0131lma yoluna gidilmesi halinde ortaya b\u00fcy\u00fck bir problem \u00e7\u0131kaca\u011f\u0131n\u0131 \u00f6ne s\u00fcren Sabih Kanado\u011flu, &#8221;Cumhurba\u015fkan\u0131&#8217;n\u0131n kendisi tart\u0131\u015fma konusu olacakt\u0131r&#8221; dedi.<\/p>\n<p style=\"text-align: justify;\">Kanado\u011flu, Cumhurba\u015fkan\u0131 G\u00fcl&#8217;\u00fcn g\u00f6revindeki 5. y\u0131l\u0131n\u0131n sonuna denk gelen 28 A\u011fustos 2012 tarihine kadar cumhurba\u015fkanl\u0131\u011f\u0131 se\u00e7imi yap\u0131lmas\u0131 gerekti\u011fini, se\u00e7im haz\u0131rl\u0131klar\u0131n\u0131 yapma g\u00f6revinin de Y\u00fcksek Se\u00e7im Kurulu&#8217;na ait oldu\u011funu s\u00f6yledi.<\/p>\n<p style=\"text-align: justify;\">Kanado\u011flu, Cumhurba\u015fkan\u0131 G\u00fcl&#8217;\u00fcn g\u00f6rev s\u00fcresinin 7 y\u0131l olabilmesi i\u00e7in tek yol bulundu\u011funu, onun da anayasada yap\u0131lacak de\u011fi\u015fiklikle ge\u00e7ici olarak bu s\u00fcreyi 7 y\u0131l olarak tespit etmekten ge\u00e7ti\u011fini anlatt\u0131. Bu anayasa de\u011fi\u015fikli\u011fini yapmak i\u00e7in T\u00fcrkiye B\u00fcy\u00fck Millet Meclisi&#8217;nde 367 kabul oyu bulunursa halk oylamas\u0131na gitmeye gerek olmad\u0131\u011f\u0131n\u0131 vurgulayan Kanado\u011flu, aksi takdirde halk oylamas\u0131na gidilmesi gerekti\u011fini savundu.<\/p>\n<p style=\"text-align: justify;\"><strong>&#8221;T\u00fcrk milleti kavram\u0131na sava\u015f ilan\u0131&#8221;\u00a0<\/strong><\/p>\n<p style=\"text-align: justify;\">Panelin konu\u015fmac\u0131lar\u0131ndan Prof. Dr. \u00dcmit \u00d6zda\u011f ise uzun s\u00fcredir &#8221;T\u00fcrk milleti&#8221; kavram\u0131na sava\u015f ilan edildi\u011fini \u00f6ne s\u00fcrd\u00fc. \u00d6zda\u011f, &#8221;T\u00fcrk milleti kavram\u0131n\u0131n i\u00e7i bo\u015falt\u0131l\u0131yor. Yeni anayasa s\u00fcrecinde T\u00fcrk milleti ve T\u00fcrk kavram\u0131n\u0131 anayasadan \u00e7\u0131kart\u0131rsan\u0131z, yerine bir millet koyman\u0131z laz\u0131m. Neresinden bakarsan\u0131z bak\u0131n, anayasadan &#8216;T\u00fcrk milletini \u00e7\u0131kard\u0131\u011f\u0131n\u0131z andan itibaren egemenlik devrinden bahsediyorsunuzdur. T\u00fcrk milleti 1071&#8217;den bu yana Anadolu&#8217;da egemendir&#8221; dedi.<\/p>\n<p style=\"text-align: justify;\">\u00d6zda\u011f, anayasa konusunda CHP&#8217;lilerin kesin bir duru\u015f sergilemesi gerekti\u011fini ve anayasan\u0131n 1, 2 ve 3. maddelerinden taviz verilemeyece\u011fini ortaya koyacak \u015fekilde davranmalar\u0131 gerekti\u011fini s\u00f6yledi.<\/p>\n<p style=\"text-align: justify;\"><strong>AA&#8217;n\u0131n sorular\u0131n\u0131 yan\u0131tlad\u0131lar\u00a0<\/strong><\/p>\n<p style=\"text-align: justify;\">Sabih Kanado\u011flu, AA muhabirinin Cumhurba\u015fkan\u0131 Abdullah G\u00fcl&#8217;\u00fcn g\u00f6rev s\u00fcresinin ka\u00e7 y\u0131l olmas\u0131 gerekti\u011fi y\u00f6n\u00fcndeki sorusuna, &#8221;\u00c7ok kesin, 5 y\u0131ld\u0131r&#8221; diye yan\u0131t verdi.<\/p>\n<p style=\"text-align: justify;\">Bunu Anayasa&#8217;ya dayanarak s\u00f6yledi\u011fini anlatan Kanado\u011flu, &#8221;Anayasa&#8217;ya ge\u00e7ici bir madde koymad\u0131\u011f\u0131n\u0131z s\u00fcrece yap\u0131lacak i\u015f budur. Ge\u00e7ici madde konulmad\u0131\u011f\u0131 i\u00e7in bu sorun ya\u015fan\u0131yor. &#8216;Bu Cumhurba\u015fkan\u0131 i\u00e7in s\u00fcre 7 y\u0131ld\u0131r&#8217; denilmeliydi. Bu denilmedi. &#8216;Cumhurba\u015fkanl\u0131\u011f\u0131 se\u00e7imlerinin usul ve esaslar\u0131&#8217; diye yasa haz\u0131rl\u0131yorlar, asl\u0131nda yasaya Anayasa&#8217;n\u0131n koymad\u0131\u011f\u0131 bir yetkiyi tan\u0131mak, as\u0131l b\u00fcy\u00fck sorunu, me\u015fruiyet sorununu g\u00fcndeme getiriyor&#8221; dedi.<\/p>\n<p style=\"text-align: justify;\">Prof. Dr. \u00dcmit \u00d6zda\u011f da, ayn\u0131 soru \u00fczerine, Cumhurba\u015fkan\u0131 G\u00fcl&#8217;\u00fcn g\u00f6rev s\u00fcresinin 7 y\u0131l olmas\u0131 gerekti\u011fini s\u00f6yledi. \u00d6zda\u011f, bu konuyu arkada\u015flar\u0131yla da tart\u0131\u015ft\u0131\u011f\u0131n\u0131 belirterek, &#8221;\u00c7\u00fcnk\u00fc 7 sene i\u00e7in se\u00e7ildi. CHP&#8217;nin bu konuda iddias\u0131, (Milletvekilleri de 5 sene i\u00e7in se\u00e7ilmi\u015fti ama 4 seneye indi) \u015feklinde. Orada unutulmamas\u0131 gereken, bir erken se\u00e7im kanunu \u00e7\u0131kmas\u0131 idi. O kanun \u00e7\u0131kart\u0131lmasayd\u0131 CHP&#8217;nin iddias\u0131nda b\u00fcy\u00fck bir hakl\u0131l\u0131k pay\u0131 olurdu. Ama kanun \u00e7\u0131kar\u0131ld\u0131\u011f\u0131 i\u00e7in CHP&#8217;nin \u00f6ne s\u00fcrd\u00fc\u011f\u00fc arg\u00fcman zay\u0131f duruyor ve bundan dolay\u0131 da 7 sene oldu\u011funu d\u00fc\u015f\u00fcn\u00fcyorum&#8221; diye konu\u015ftu.<\/p>\n<p style=\"text-align: justify;\"><a href=\"http:\/\/www.cumhuriyet.com.tr\/?hn=302114\" target=\"_blank\">Kaynak : Cumhuriyet Haber Portal\u0131<\/a><\/p>\n","protected":false},"excerpt":{"rendered":"<p style=\"text-align: center;\">\n<p style=\"text-align: justify;\">Eski Yarg\u0131tay Cumhuriyet Ba\u015fsavc\u0131s\u0131 Sabih Kanado\u011flu, Cumhurba\u015fkan\u0131 Abdullah G\u00fcl&#8217;\u00fcn g\u00f6rev s\u00fcresiyle ilgili, &#8221;E\u011fer &#8216;7 y\u0131ld\u0131r&#8217; bi\u00e7iminde, sadece bir yasayla Meclis&#8217;te halledilece\u011fi ileri s\u00fcr\u00fclecekse, bu bir yetki gasb\u0131d\u0131r. Anayasa ihlalidir. B\u00f6yle bir yola gidilmemesini tavsiye ederim&#8221; dedi.<\/p>\n","protected":false},"author":1,"featured_media":0,"comment_status":"open","ping_status":"open","sticky":false,"template":"","format":"standard","meta":{"footnotes":""},"categories":[105],"tags":[],"class_list":["post-44661","post","type-post","status-publish","format-standard","hentry","category-gundem","odd"],"_links":{"self":[{"href":"http:\/\/www.korhanyilmaz.com\/index.php?rest_route=\/wp\/v2\/posts\/44661","targetHints":{"allow":["GET"]}}],"collection":[{"href":"http:\/\/www.korhanyilmaz.com\/index.php?rest_route=\/wp\/v2\/posts"}],"about":[{"href":"http:\/\/www.korhanyilmaz.com\/index.php?rest_route=\/wp\/v2\/types\/post"}],"author":[{"embeddable":true,"href":"http:\/\/www.korhanyilmaz.com\/index.php?rest_route=\/wp\/v2\/users\/1"}],"replies":[{"embeddable":true,"href":"http:\/\/www.korhanyilmaz.com\/index.php?rest_route=%2Fwp%2Fv2%2Fcomments&post=44661"}],"version-history":[{"count":0,"href":"http:\/\/www.korhanyilmaz.com\/index.php?rest_route=\/wp\/v2\/posts\/44661\/revisions"}],"wp:attachment":[{"href":"http:\/\/www.korhanyilmaz.com\/index.php?rest_route=%2Fwp%2Fv2%2Fmedia&parent=44661"}],"wp:term":[{"taxonomy":"category","embeddable":true,"href":"http:\/\/www.korhanyilmaz.com\/index.php?rest_route=%2Fwp%2Fv2%2Fcategories&post=44661"},{"taxonomy":"post_tag","embeddable":true,"href":"http:\/\/www.korhanyilmaz.com\/index.php?rest_route=%2Fwp%2Fv2%2Ftags&post=44661"}],"curies":[{"name":"wp","href":"https:\/\/api.w.org\/{rel}","templated":true}]}}