{"id":44637,"date":"2011-12-21T12:33:03","date_gmt":"2011-12-21T10:33:03","guid":{"rendered":"http:\/\/www.korhanyilmaz.com\/?p=44637"},"modified":"2011-12-21T16:38:45","modified_gmt":"2011-12-21T14:38:45","slug":"binlerce-memur-meydanlara-cikti-saglikta-acil-disinda-hizmet-yok","status":"publish","type":"post","link":"http:\/\/www.korhanyilmaz.com\/?p=44637","title":{"rendered":"Binlerce memur meydanlara \u00e7\u0131kt\u0131, sa\u011fl\u0131kta acil d\u0131\u015f\u0131nda hizmet yok"},"content":{"rendered":"<p style=\"text-align: center;\"><a href=\"http:\/\/www.korhanyilmaz.com\/wp-content\/uploads\/2011\/12\/8680.jpg\"  class=\"lightview\"><img loading=\"lazy\" decoding=\"async\" class=\"aligncenter  wp-image-44638\" src=\"http:\/\/www.korhanyilmaz.com\/wp-content\/uploads\/2011\/12\/8680.jpg\" alt=\"\" width=\"360\" height=\"216\" \/><\/a><\/p>\n<p style=\"text-align: justify;\">Sa\u011fl\u0131k ve e\u011fitim ba\u015fta olmak \u00fczere, kanun h\u00fckm\u00fcnde kararnamelerle \u00e7al\u0131\u015fanlar\u0131n temel haklar\u0131n\u0131n gasp edildi\u011fini \u00f6ne s\u00fcren sendikalar bug\u00fcn grev yap\u0131yor. T\u00fcrkiye&#8217;nin \u00e7e\u015fitli \u015fehirlerinde binlerce sendikal\u0131 memur meydanlara \u00e7\u0131kt\u0131 ve son d\u00f6nemdeki geli\u015fmeleri protesto etti. Grev nedeniyle hastanelerde aciller haricinde hizmet verilmiyor.\u00a0<!--more--><\/p>\n<p style=\"text-align: justify;\">\u0130stanbul&#8217;daki sendika \u00fcyeleri Millet Caddesi&#8217;nden Beyaz\u0131t&#8217;a do\u011fru y\u00fcr\u00fcy\u00fc\u015fe ge\u00e7ti. Ankara&#8217;da ise 3 binden fazla kamu g\u00f6revlisi Hacettepe&#8217;de topland\u0131. Hastanelerde \u00e7al\u0131\u015fan doktorlar da kendi kurumlar\u0131 \u00f6n\u00fcnde greve kat\u0131ld\u0131lar.<\/p>\n<p style=\"text-align: justify;\"><strong>\u015e\u0130\u015eL\u0130 VE OKMEYDANI HASTANELER\u0130NDE GREV\u00a0<\/strong><\/p>\n<p style=\"text-align: justify;\">\u015ei\u015fli Etfal ve Okmeydan\u0131 E\u011fitim ve Ara\u015ft\u0131rma Hastaneleri bah\u00e7elerinde toplanan sendikalara ba\u011fl\u0131 doktor, hem\u015fire ve sa\u011fl\u0131k \u00e7al\u0131\u015fanlar\u0131 eylem yapt\u0131lar. \u201cBu i\u015fyerinde grev var&#8221; yaz\u0131l\u0131 d\u00f6vizler ta\u015f\u0131yan sa\u011fl\u0131k\u00e7\u0131lar kendilerini izlemeye gelen hasta ve hasta yak\u0131nlar\u0131na grevin amac\u0131n\u0131 anlatt\u0131lar. Bir s\u00fcre slogan atarak eylem yapan \u00e7al\u0131\u015fanlar daha sonra otob\u00fcslerle Cerrahpa\u015fa T\u0131p Fak\u00fcltesi&#8217;ne do\u011fru yola \u00e7\u0131kt\u0131lar. Cerrahpa\u015fa&#8217;daki di\u011fer sendikalarla birle\u015fen sa\u011fl\u0131k\u00e7\u0131lar buradan hep birlikte Beyaz\u0131t meydan\u0131na do\u011fru y\u00fcr\u00fcy\u00fc\u015fe ge\u00e7tiler.<\/p>\n<p style=\"text-align: justify;\">Kartal Ko\u015fuyolu Kalp ve Damar Hastal\u0131klar\u0131 Hastanesi poliklini\u011fi \u00f6n\u00fcnde toplanan T\u00fcrk Tabipleri Birli\u011fi, DEV-SA\u011eLIK \u0130\u015e, SES&#8217;e ba\u011fl\u0131 sa\u011fl\u0131k \u00e7al\u0131\u015fanlar\u0131 &#8220;Bu i\u015f yerinde grev var&#8221;, &#8220;\u00c7ocuklar\u0131m\u0131za onurlu bir gelecek b\u0131rakmak i\u00e7in&#8221; yaz\u0131l\u0131 pankartlar a\u00e7t\u0131.<\/p>\n<p style=\"text-align: justify;\"><strong>HAYDARPA\u015eA DA \u0130\u015e BIRAKTI\u00a0<\/strong><\/p>\n<p style=\"text-align: justify;\">Haydarpa\u015fa Numune E\u011fitim ve Ara\u015ft\u0131rma Hastanesi\u2019nde g\u00f6rev yapan doktorlar ve sa\u011fl\u0131k \u00e7al\u0131\u015fanlar\u0131 i\u015f b\u0131rakarak eylem yapt\u0131.<\/p>\n<p style=\"text-align: justify;\">\u201cEme\u011fimize, mesle\u011fimize, gelece\u011fimize, sa\u011fl\u0131k hakk\u0131na sahip \u00e7\u0131kmak i\u00e7in Grevdeyiz&#8221; yaz\u0131l\u0131 pankart\u0131 a\u00e7an yakla\u015f\u0131k 100 ki\u015fi, \u201cSa\u011fl\u0131k hakt\u0131r sat\u0131lamaz&#8221; , \u201cDirene direne kazanaca\u011f\u0131z&#8221; ve \u201cHerkese e\u015fit \u00fccretsiz sa\u011fl\u0131k&#8221; sloganlar\u0131 att\u0131.<\/p>\n<p style=\"text-align: justify;\"><strong>D\u00dcD\u00dcKL\u00dc PROTESTO\u00a0<\/strong><\/p>\n<p style=\"text-align: justify;\">\u201cHasta oldu\u011funda m\u00fc\u015fteri olmay\u0131 kabul etme&#8221; , \u201cS\u00f6zle\u015fmeli g\u00fcvencesiz \u00e7al\u0131\u015fmaya kar\u015f\u0131 grevdeyiz&#8221; , \u201cNitelikli t\u0131p e\u011fitimi i\u00e7in grevdeyiz&#8221; ve \u201cYabanc\u0131 hekim, yabanc\u0131 hem\u015fire ithalat\u0131na kar\u015f\u0131 grevdeyiz&#8221; yaz\u0131l\u0131 d\u00f6vizler ta\u015f\u0131yan sa\u011fl\u0131k \u00e7al\u0131\u015fanlar\u0131 zaman zaman d\u00fcd\u00fck \u00e7alarak kararnameyi protesto etti. T\u00fcrk Tabipler Birli\u011fi ad\u0131na bas\u0131n a\u00e7\u0131klamas\u0131n\u0131 Prof.Dr. \u00d6zdemir Aktan yapt\u0131. A\u00e7\u0131klamada, sa\u011fl\u0131k sisteminin ya\u015fad\u0131\u011f\u0131 sorunlara de\u011finildi. Prof. Dr. \u00d6zdemir Aktan a\u00e7\u0131klaman\u0131n ard\u0131ndan sa\u011fl\u0131ktaki d\u00fczenlemelere k\u0131rm\u0131z\u0131 kart g\u00f6sterdi.<\/p>\n<p style=\"text-align: justify;\">-E\u011fitim-Sen, kamu hizmetlerinin ticarile\u015fmesine kar\u015f\u0131 \u00e7\u0131kmak, t\u00fcm yurtta\u015flar\u0131n e\u015fit, paras\u0131z ve nitelikli kamu hizmetinden yararlanmas\u0131n\u0131 savunmak ve \u00f6zg\u00fcr toplu pazarl\u0131k hakk\u0131 i\u00e7in bug\u00fcn greve gitti.<\/p>\n<p style=\"text-align: justify;\">\u00a0<strong>E\u011e\u0130T\u0130MC\u0130LER DE GREVDE\u00a0<\/strong><\/p>\n<p style=\"text-align: justify;\">E\u011fitim-Sen, kamu hizmetlerinin ticarile\u015fmesine kar\u015f\u0131 \u00e7\u0131kmak, t\u00fcm yurtta\u015flar\u0131n e\u015fit, paras\u0131z ve nitelikli kamu hizmetinden yararlanmas\u0131n\u0131 savunmak ve \u00f6zg\u00fcr toplu pazarl\u0131k hakk\u0131 i\u00e7in bug\u00fcn greve gitti.<\/p>\n<p style=\"text-align: justify;\">K\u0131z\u0131lay YKM \u00f6n\u00fcnde toplanan grup, Milli E\u011fitim Bakanl\u0131\u011f\u0131(MEB) \u00f6n\u00fcnde bas\u0131n a\u00e7\u0131klamas\u0131 yapt\u0131. Bas\u0131n a\u00e7\u0131klamas\u0131n\u0131 okuyan E\u011fitim-Sen 2 Nolu \u015eube Ba\u015fkan\u0131 Dengiz S\u00f6nmez, dayat\u0131lan sefalete, s\u00f6m\u00fcr\u00fcye, soyguna boyun e\u011fmedikleri, g\u00fcvencesiz \u00e7al\u0131\u015fmaya kar\u015f\u0131 \u00e7\u0131kt\u0131klar\u0131, kadrolu istihdam istedikleri i\u00e7in grevde olduklar\u0131n\u0131 s\u00f6yledi. \u00dclkenin a\u00e7\u0131k hava hapishanesine \u00e7evrilmesine kar\u015f\u0131 \u00e7\u0131kt\u0131klar\u0131n\u0131 ifade eden S\u00f6nmez, insanca ya\u015fayacak \u00fccret ve t\u00fcm yan \u00f6demelerin emeklili\u011fe yans\u0131t\u0131lmas\u0131n\u0131 istediklerini belirtti. AKP iktidar\u0131n\u0131n uygulad\u0131\u011f\u0131 neo-liberal politikalar\u0131n kabul edilemez oldu\u011funu vurgulayan S\u00f6nmez, e\u011fitime b\u00fct\u00e7eden ayr\u0131lan pay\u0131n her ge\u00e7en g\u00fcn azald\u0131\u011f\u0131n\u0131, e\u011fitim emek\u00e7ilerinin ekonomik ve \u00f6zl\u00fck haklar\u0131nda hi\u00e7bir iyile\u015fmenin yap\u0131lmad\u0131\u011f\u0131n\u0131 kaydetti.<\/p>\n<p style=\"text-align: justify;\"><strong>\u0130ZM\u0130R&#8217;DE &#8220;LOKMALI&#8221; GREV<\/strong><\/p>\n<p style=\"text-align: justify;\">Sa\u011fl\u0131k \u00e7al\u0131\u015fanlar\u0131n\u0131n bir g\u00fcnl\u00fck i\u015f b\u0131rakma eylemi, \u0130zmir\u2019de yo\u011fun bir kat\u0131l\u0131mla ger\u00e7ekle\u015ftirildi. Dokuz Eyl\u00fcl \u00dcniversitesi Hastanesi bah\u00e7esinde toplanan sa\u011fl\u0131k \u00e7al\u0131\u015fanlar\u0131, temsili olarak cenaze kald\u0131r\u0131p, kente \u00f6zg\u00fc lezzetlerden olan lokma d\u00f6kt\u00fcrd\u00fc.<\/p>\n<p style=\"text-align: justify;\">Dokuz Eyl\u00fcl \u00dcniversitesi T\u0131p Fak\u00fcltesi Hastanesi bah\u00e7esinde toplanan yakla\u015f\u0131k 200 sa\u011fl\u0131k \u00e7al\u0131\u015fan\u0131, sloganlar\u0131yla, pankartlar\u0131yla \u00fclke \u00e7ap\u0131ndaki i\u015f b\u0131rakma eylemine destek verip, Sa\u011fl\u0131k Bakanl\u0131\u011f\u0131 ile ba\u011fl\u0131 kurulu\u015flar\u0131n te\u015fkilat ve g\u00f6revleri hakk\u0131ndaki 663 say\u0131l\u0131 Kanun H\u00fckm\u00fcnde Kararname\u2019yi ve sa\u011fl\u0131kta d\u00f6n\u00fc\u015f\u00fcm politikalar\u0131n\u0131 protesto etti. Ellerinde beyaz balonlar da ta\u015f\u0131yan sa\u011fl\u0131k \u00e7al\u0131\u015fanlar\u0131, temsili olarak alana getirdikleri bir tabutu omuzlarda ta\u015f\u0131y\u0131p alk\u0131\u015flad\u0131, ard\u0131nda da lokma d\u00f6kt\u00fcr\u00fcld\u00fc.<\/p>\n<p style=\"text-align: justify;\">Sa\u011fl\u0131k \u00e7al\u0131\u015fanlar\u0131 ad\u0131na konu\u015fan An\u0131l Tamburo\u011flu, &#8220;Bug\u00fcn sizlere \u015fifa sunmayaca\u011f\u0131z. Sebebi \u00e7ok ac\u0131; bug\u00fcn cenazemiz var. Hepimizin insan gibi, param\u0131z olsun olmas\u0131n, tedavi olma hakk\u0131m\u0131z var. Paras\u0131z tedavi olma, hastanede yatma, ila\u00e7lar\u0131 alma. Hepimiz vergiler veriyoruz. Bunlar\u0131n geri d\u00f6n\u00fc\u015f\u00fc sadece elektrik, yol, su de\u011fil. Paras\u0131z tedavi olmal\u0131y\u0131z hepimiz. \u0130\u015fte bizim cenazemiz bu. Paras\u0131z tedavi olma hakk\u0131m\u0131z, paras\u0131z ila\u00e7 alma hakk\u0131m\u0131z gitti, \u00f6ld\u00fc. Nerede kald\u0131 doktor se\u00e7me hakk\u0131. Bir tek Ba\u015fbakan\u2019\u0131n hakk\u0131 devam ediyor. Biliyorsunuz de\u011fil mi, Ba\u015fbakan\u2019\u0131 ameliyat edenin, sizi ayn\u0131 hastanede ameliyat etmesi yasak. Kim yapt\u0131 bunu biliyor musunuz? S\u00f6yleyelim sana, Sa\u011fl\u0131k Bakan\u0131 yapt\u0131. Bu \u00f6l\u00fcm bize \u00e7ok ac\u0131 geldi. Ci\u011ferlerimizi s\u00f6kt\u00fcler. Nefes alam\u0131yoruz. Ama katili biliyoruz. Hadi gelin bunun hesab\u0131n\u0131 soral\u0131m, bu cenazeyi birlikte kald\u0131ral\u0131m. Cenazeyi g\u00f6melim, birlikte paras\u0131z sa\u011fl\u0131k \u015fans\u0131m\u0131z\u0131 yeniden diriltelim&#8221; dedi.<\/p>\n<p style=\"text-align: justify;\">Sa\u011fl\u0131k \u00e7al\u0131\u015fanlar\u0131 ayr\u0131ca, Sa\u011fl\u0131k Bakan\u0131 Recep Akda\u011f\u2019a yazd\u0131klar\u0131 mektubu da alanda okudu. Mektupta, &#8220;Bu d\u00fczenlemelerle b\u0131\u00e7ak kemi\u011fe dayanm\u0131\u015ft\u0131r. Bu sa\u011fl\u0131k sisteminin cenazesini en k\u0131sa zamanda kald\u0131rmazsak yar\u0131n cenazesini kald\u0131raca\u011f\u0131m\u0131z kendi annelerimiz ve evlatlar\u0131m\u0131z olacak&#8221; denildi.<\/p>\n<p style=\"text-align: justify;\">Protestocu sa\u011fl\u0131k \u00e7al\u0131\u015fanlar\u0131 daha sonra sloganlar atarak Ek Derslik Binas\u0131\u2019na kadar y\u00fcr\u00fcd\u00fc.<\/p>\n<p style=\"text-align: justify;\">\u0130zmir\u2019deki di\u011fer hastanelerde de sa\u011fl\u0131k \u00e7al\u0131\u015fanlar\u0131 bas\u0131n a\u00e7\u0131klamalar\u0131 ve eylemler d\u00fczenledi.<\/p>\n<p style=\"text-align: justify;\"><strong>AC\u0130L DI\u015eINDA H\u0130ZMET YOK\u00a0<\/strong><\/p>\n<p style=\"text-align: justify;\">T\u00dcRK Tabipler Birli\u011fi\u2019nden (TTB) al\u0131nan bilgiye g\u00f6re, acil tan\u0131 ve tedavi endikasyonu olan hastalar\u0131n bak\u0131m\u0131 aksat\u0131lmayacak, acil servisler, eylem s\u00fcresince polikliniklerde g\u00f6revli hekimler taraf\u0131ndan takviye edilecek. \u00c7ocuklar\u0131n, hamilelerin, diyaliz hastalar\u0131n\u0131n, yo\u011fun bak\u0131m hastalar\u0131n\u0131n ve kanser hastalar\u0131n\u0131n acil olmasa bile her t\u00fcrl\u00fc t\u0131bbi tedavisi aksat\u0131lmadan s\u00fcrd\u00fcr\u00fclecek. Servislerde yatarak tedavi g\u00f6rmekte olan hastalar\u0131n her t\u00fcrl\u00fc t\u0131bbi i\u015fleminin aksat\u0131lmadan y\u00fcr\u00fct\u00fclmesini sa\u011flayacak say\u0131da sa\u011fl\u0131k personeli servislerde haz\u0131r bulunacak.<\/p>\n<p style=\"text-align: justify;\"><strong>E\u011e\u0130T\u0130M-SEN DE GREVDE<\/strong><\/p>\n<p style=\"text-align: justify;\">E\u011fitim-Sen, kamu hizmetlerinin ticarile\u015fmesine kar\u015f\u0131 \u00e7\u0131kmak, t\u00fcm yurtta\u015flar\u0131n e\u015fit, paras\u0131z ve nitelikli kamu hizmetinden yararlanmas\u0131n\u0131 savunmak ve \u00f6zg\u00fcr toplu pazarl\u0131k hakk\u0131 i\u00e7in bug\u00fcn greve gitti.<\/p>\n<p style=\"text-align: justify;\">K\u0131z\u0131lay YKM \u00f6n\u00fcnde toplanan grup, Milli E\u011fitim Bakanl\u0131\u011f\u0131(MEB) \u00f6n\u00fcnde bas\u0131n a\u00e7\u0131klamas\u0131 yapt\u0131. Bas\u0131n a\u00e7\u0131klamas\u0131n\u0131 okuyan E\u011fitim-Sen 2 Nolu \u015eube Ba\u015fkan\u0131 Dengiz S\u00f6nmez, dayat\u0131lan sefalete, s\u00f6m\u00fcr\u00fcye, soyguna boyun e\u011fmedikleri, g\u00fcvencesiz \u00e7al\u0131\u015fmaya kar\u015f\u0131 \u00e7\u0131kt\u0131klar\u0131, kadrolu istihdam istedikleri i\u00e7in grevde olduklar\u0131n\u0131 s\u00f6yledi. \u00dclkenin a\u00e7\u0131k hava hapishanesine \u00e7evrilmesine kar\u015f\u0131 \u00e7\u0131kt\u0131klar\u0131n\u0131 ifade eden S\u00f6nmez, insanca ya\u015fayacak \u00fccret ve t\u00fcm yan \u00f6demelerin emeklili\u011fe yans\u0131t\u0131lmas\u0131n\u0131 istediklerini belirtti. AKP iktidar\u0131n\u0131n uygulad\u0131\u011f\u0131 neo-liberal politikalar\u0131n kabul edilemez oldu\u011funu vurgulayan S\u00f6nmez, e\u011fitime b\u00fct\u00e7eden ayr\u0131lan pay\u0131n her ge\u00e7en g\u00fcn azald\u0131\u011f\u0131n\u0131, e\u011fitim emek\u00e7ilerinin ekonomik ve \u00f6zl\u00fck haklar\u0131nda hi\u00e7bir iyile\u015fmenin yap\u0131lmad\u0131\u011f\u0131n\u0131 kaydetti.<\/p>\n<p style=\"text-align: justify;\"><strong>HASTALAR POL\u0130KL\u0130N\u0130K KAPISINDAN GER\u0130 D\u00d6ND\u00dc\u00a0<\/strong><\/p>\n<p style=\"text-align: justify;\">KESK\u2019e ba\u011fl\u0131 sendikalar\u0131n t\u00fcm yurtta bug\u00fcn i\u015f b\u0131rakma eylemi nedeniyle Kocaeli\u2019deki hastanelere gidenler, acil servis d\u0131\u015f\u0131nda hizmet verilmedi\u011fini \u00f6\u011frenince kap\u0131dan geri d\u00f6nd\u00fc.<\/p>\n<p style=\"text-align: justify;\">Kentin en b\u00fcy\u00fck hastanesi olan Kocaeli Devlet Hastanesi Acil Servisi\u2019nde herhangi bir sorun ya\u015fanmazken, polikliniklerden tedavi olmak i\u00e7in randevu alan vatanda\u015flar ise geri d\u00f6nd\u00fc. K\u0131z\u0131n\u0131n aya\u011f\u0131ndaki al\u00e7\u0131n\u0131n son g\u00fcn\u00fc oldu\u011funu s\u00f6yleyen Bilal Ana\u00e7, adl\u0131 vatanda\u015f da i\u015fyerinden izin al\u0131p k\u0131z\u0131n\u0131 hastaneye getirdi\u011fini belirterek, &#8220;K\u0131z\u0131m\u0131n al\u00e7\u0131s\u0131n\u0131n al\u0131nmas\u0131 i\u00e7in bug\u00fcn son g\u00fcnd\u00fc. Hem kendim i\u015fyerinden, hem de k\u0131z\u0131ma okulundan izin al\u0131p geldim. Radvevuda hastaneden bug\u00fcn i\u00e7in verilmi\u015fti. Randevu vermelerine ra\u011fmen bug\u00fcn grev oldu\u011fu i\u00e7in al\u00e7\u0131y\u0131 \u00e7\u0131kartamayacaklar\u0131n\u0131 s\u00f6ylediler. Ne yapaca\u011f\u0131m\u0131z\u0131 \u015fa\u015f\u0131rd\u0131k&#8221; diyerek bir ba\u015fka g\u00fcn geleceklerini s\u00f6yledi.<\/p>\n<p style=\"text-align: justify;\"><strong>ARDAHAN&#8217;DA \u0130\u015e\u0130 BIRAKTILAR, BASIN TOPLANTISINA KATILMADILAR\u00a0<\/strong><\/p>\n<p style=\"text-align: justify;\">Ardahan Devlet Hastanesi\u2019nde \u00e7al\u0131\u015fan baz\u0131 doktorlar Tam G\u00fcn Yasas\u0131\u2019n\u0131 protesto etmek i\u00e7in i\u015f b\u0131rakt\u0131, ancak sendikan\u0131n toplu bas\u0131n a\u00e7\u0131klamas\u0131 davetine kat\u0131lmad\u0131.<\/p>\n<p style=\"text-align: justify;\">T\u00fcrk Tabipler Birli\u011fi\u2019nin \u00e7a\u011fr\u0131s\u0131na uyan Ardahan Devlet Hastanesi\u2019ndeki doktorlar\u0131n b\u00fcy\u00fck \u00e7o\u011funlu\u011fu, hastanede bulunmalar\u0131na kar\u015f\u0131n hasta muayene etmedi. Baz\u0131 doktorlar ise sa\u011fl\u0131k hizmeti vermeye devam etti. Tam G\u00fcn Yasas\u0131\u2019n\u0131 protesto eden doktorlar, Sa\u011fl\u0131k Emek\u00e7ileri Sendikas\u0131\u2019n\u0131n davetine de kat\u0131lmad\u0131. Toplu bas\u0131n a\u00e7\u0131klamas\u0131 yapma eylemine doktorlar kat\u0131lmay\u0131nca Sa\u011fl\u0131k Emek\u00e7ileri Sendikas\u0131 Ardahan temsilcisi Yavuz D\u00fcz de bas\u0131n toplant\u0131s\u0131n\u0131 iptal etti.<\/p>\n<p style=\"text-align: justify;\"><strong>ADANA&#8217;DA POL\u0130KL\u0130N\u0130KLERDE YO\u011eUNLUK YA\u015eANIYOR\u00a0<\/strong><\/p>\n<p style=\"text-align: justify;\">Sa\u011fl\u0131k\u00e7\u0131lar\u0131n bir g\u00fcnl\u00fck i\u015f b\u0131rakma eylemi nedeniyle Adana&#8217;daki Numune E\u011fitim ve Ara\u015ft\u0131rma Hastanesi polikliniklerinde yo\u011funluk ya\u015fand\u0131.<\/p>\n<p style=\"text-align: justify;\">Sabah erken saatlerde tedavi olmak amac\u0131yla hastaneye gelen vatanda\u015flar, sa\u011fl\u0131k\u00e7\u0131lar\u0131n \u201c21 Aral\u0131k&#8217;ta bir g\u00fcnl\u00fck i\u015f b\u0131rakma eylemi\u201d nedeniyle muayene olamad\u0131.<\/p>\n<p style=\"text-align: justify;\">Eylem nedeniyle hastane poliklinikleri \u00f6n\u00fcnde yo\u011funluk ya\u015fan\u0131rken, baz\u0131 hastalar sa\u011fl\u0131k\u00e7\u0131lar\u0131n eylemine tepki g\u00f6sterdi.<\/p>\n<p style=\"text-align: justify;\">Hastaneye g\u00f6z muayenesi i\u00e7in gelen Sefa Demirci, muayene olmak i\u00e7in doktora gitti\u011fini ancak \u201ceylem\u201d nedeniyle tedavi olamad\u0131\u011f\u0131n\u0131 belirterek, \u201cEylem oldu\u011fu i\u00e7in geri d\u00f6n\u00fcyoruz. Halk\u0131 kimsenin rezil etmeye hakk\u0131 yok bu ho\u015f bir \u015fey de\u011fil. Nas\u0131l doktorun hakk\u0131 varsa halk\u0131n da hakk\u0131 var\u201d dedi.<\/p>\n<p style=\"text-align: justify;\">Ganime Uzun ise Kozan il\u00e7esinden g\u00f6z muayenesi i\u00e7in Adana&#8217;ya geldi\u011fini, ancak doktorlar\u0131n \u201cgrevde\u201d oldu\u011funu \u00f6\u011frendi\u011fini s\u00f6yledi.<\/p>\n<p style=\"text-align: justify;\"><a href=\"http:\/\/www.hurriyet.com.tr\/ekonomi\/19512374.asp\" target=\"_blank\">Kaynak : H\u00fcrriyet.com.tr<\/a><\/p>\n","protected":false},"excerpt":{"rendered":"<p style=\"text-align: center;\">\n<p style=\"text-align: justify;\">Sa\u011fl\u0131k ve e\u011fitim ba\u015fta olmak \u00fczere, kanun h\u00fckm\u00fcnde kararnamelerle \u00e7al\u0131\u015fanlar\u0131n temel haklar\u0131n\u0131n gasp edildi\u011fini \u00f6ne s\u00fcren sendikalar bug\u00fcn grev yap\u0131yor. T\u00fcrkiye&#8217;nin \u00e7e\u015fitli \u015fehirlerinde binlerce sendikal\u0131 memur meydanlara \u00e7\u0131kt\u0131 ve son d\u00f6nemdeki geli\u015fmeleri protesto etti. Grev nedeniyle hastanelerde aciller haricinde hizmet verilmiyor. <\/p>\n","protected":false},"author":1,"featured_media":0,"comment_status":"open","ping_status":"open","sticky":false,"template":"","format":"standard","meta":{"footnotes":""},"categories":[105],"tags":[],"class_list":["post-44637","post","type-post","status-publish","format-standard","hentry","category-gundem","odd"],"_links":{"self":[{"href":"http:\/\/www.korhanyilmaz.com\/index.php?rest_route=\/wp\/v2\/posts\/44637","targetHints":{"allow":["GET"]}}],"collection":[{"href":"http:\/\/www.korhanyilmaz.com\/index.php?rest_route=\/wp\/v2\/posts"}],"about":[{"href":"http:\/\/www.korhanyilmaz.com\/index.php?rest_route=\/wp\/v2\/types\/post"}],"author":[{"embeddable":true,"href":"http:\/\/www.korhanyilmaz.com\/index.php?rest_route=\/wp\/v2\/users\/1"}],"replies":[{"embeddable":true,"href":"http:\/\/www.korhanyilmaz.com\/index.php?rest_route=%2Fwp%2Fv2%2Fcomments&post=44637"}],"version-history":[{"count":0,"href":"http:\/\/www.korhanyilmaz.com\/index.php?rest_route=\/wp\/v2\/posts\/44637\/revisions"}],"wp:attachment":[{"href":"http:\/\/www.korhanyilmaz.com\/index.php?rest_route=%2Fwp%2Fv2%2Fmedia&parent=44637"}],"wp:term":[{"taxonomy":"category","embeddable":true,"href":"http:\/\/www.korhanyilmaz.com\/index.php?rest_route=%2Fwp%2Fv2%2Fcategories&post=44637"},{"taxonomy":"post_tag","embeddable":true,"href":"http:\/\/www.korhanyilmaz.com\/index.php?rest_route=%2Fwp%2Fv2%2Ftags&post=44637"}],"curies":[{"name":"wp","href":"https:\/\/api.w.org\/{rel}","templated":true}]}}