{"id":44633,"date":"2011-12-21T16:15:59","date_gmt":"2011-12-21T14:15:59","guid":{"rendered":"http:\/\/www.korhanyilmaz.com\/?p=44633"},"modified":"2011-12-21T16:31:39","modified_gmt":"2011-12-21T14:31:39","slug":"kck-operasyonlari-dis-basinda","status":"publish","type":"post","link":"http:\/\/www.korhanyilmaz.com\/?p=44633","title":{"rendered":"KCK operasyonlar\u0131 d\u0131\u015f bas\u0131nda"},"content":{"rendered":"<p style=\"text-align: center;\"><a href=\"http:\/\/www.korhanyilmaz.com\/wp-content\/uploads\/2011\/12\/8679.jpg\"  class=\"lightview\"><img loading=\"lazy\" decoding=\"async\" class=\"aligncenter  wp-image-44634\" src=\"http:\/\/www.korhanyilmaz.com\/wp-content\/uploads\/2011\/12\/8679.jpg\" alt=\"\" width=\"326\" height=\"241\" \/><\/a><\/p>\n<p style=\"text-align: justify;\">T\u00fcrkiye&#8217;de KCK ad\u0131 alt\u0131nda yap\u0131lan operasyonlar kapsam\u0131nda gazetecilerin g\u00f6zalt\u0131na al\u0131nmas\u0131na ABD medyas\u0131ndan da ele\u015ftiri geldi. Wall Street Journal, T\u00fcrkiye&#8217;de gazetecilerin \u00e7o\u011funun ter\u00f6rle m\u00fccadele yasas\u0131 alt\u0131nda tutukland\u0131\u011f\u0131n\u0131 ve mahkemeye kadar y\u0131llarca tutuklu kald\u0131\u011f\u0131n\u0131 yazarken, New York Times h\u00fck\u00fcmetin g\u00fcc\u00fcn\u00fc k\u00f6t\u00fcye kulland\u0131\u011f\u0131 yorumlar\u0131na yer verdi.<!--more--><\/p>\n<p style=\"text-align: justify;\">New York- ABD&#8217;nin \u00e7ok satan gazetesi Wall Street Journal, T\u00fcrkiye&#8217;de yasad\u0131\u015f\u0131 &#8220;K\u00fcrdistan i\u015f\u00e7i Partisi ya da PKK&#8221; ile ili\u015fkili oldu\u011fu gerek\u00e7esiyle gazetecilerin tutuklanmas\u0131n\u0131 de\u011ferlendirdi\u011fi geni\u015f haberinde, gazetecilerin \u00e7o\u011funun K\u00fcrt gazeteler ve ajanslar i\u00e7in \u00e7al\u0131\u015ft\u0131\u011f\u0131n\u0131 ve KCK ad\u0131 alt\u0131nda yap\u0131lan operasyonunun bir par\u00e7as\u0131 olarak tutukland\u0131klar\u0131n\u0131 yazd\u0131.<\/p>\n<p style=\"text-align: justify;\"><strong>&#8220;Tutuklamalar \u015fok edici&#8221;\u00a0<\/strong><\/p>\n<p style=\"text-align: justify;\">Gazeteye g\u00f6re, \u0130nsan Haklar\u0131 \u0130zleme \u00d6rg\u00fct\u00fc T\u00fcrkiye ara\u015ft\u0131rmac\u0131s\u0131 Emma Sinclair, &#8220;Tutuklamalar \u015fok edici ve endi\u015fe vericidir. Tutuklamalar K\u00fcrt yanl\u0131s\u0131 muhalif bas\u0131na y\u00f6neliktir. Demokratik toplumlarda muhalif gazeteciler \u00fczerinde b\u00f6yle bir bask\u0131 \u00e7ok endi\u015fe veriyor ve T\u00fcrkiye&#8217;nin uluslararas\u0131 g\u00fcvenirlili\u011fini \u015f\u00fcphe getiriyor&#8221; dedi.<\/p>\n<p style=\"text-align: justify;\">ABD&#8217;nin T\u00fcrk h\u00fck\u00fcmetinden artan gazeteci tutuklamalar\u0131nda adalet talep etti\u011fini de belirten gazete, gazetecilerin \u00e7o\u011funun ter\u00f6rle m\u00fccadele yasas\u0131 alt\u0131nda tutukland\u0131\u011f\u0131n\u0131 ve mahkemeye kadar y\u0131llarca tutuklu kald\u0131klar\u0131na i\u015faret etti.<\/p>\n<p style=\"text-align: justify;\"><strong>&#8220;H\u00fck\u00fcmet g\u00fcc\u00fcn\u00fc k\u00f6t\u00fcye kullanmakla ele\u015ftiriliyor&#8221;\u00a0<\/strong><\/p>\n<p style=\"text-align: justify;\">New York Times gazetesi de, T\u00fcrkiye&#8217;de milletvekillerinin ve akademisyenlerin de dahil oldu\u011fu y\u00fczlerce K\u00fcrt yanl\u0131s\u0131 siyasi aktivistin tutuklanmas\u0131n\u0131n ard\u0131ndan gazetecilerin tutukland\u0131\u011f\u0131n\u0131 vurgulayarak, insan haklar\u0131 gruplar\u0131n\u0131n h\u00fck\u00fcmeti g\u00fcc\u00fcn\u00fc k\u00f6t\u00fcye kullanmakla ele\u015ftirdi\u011fini yazd\u0131.<\/p>\n<p style=\"text-align: justify;\">Sal\u0131 g\u00fcn\u00fc y\u00fczlerce protestocunun \u0130stanbul&#8217;da toplanarak &#8220;Gazeteciler i\u00e7in \u00f6zg\u00fcrl\u00fck&#8221;, &#8220;Hepimiz K\u00fcrd\u00fcz&#8221; sloganlar\u0131 att\u0131\u011f\u0131na dikkat \u00e7ekilen habere g\u00f6re, S\u0131n\u0131r Tan\u0131mayan Gazeteciler&#8217;den Johann Bihr, &#8220;K\u00fcrt meselesi ter\u00f6rle m\u00fccadele ad\u0131 alt\u0131nda muhalifleri bast\u0131rma giri\u015fimleriyle \u00e7\u00f6z\u00fclmeyecek&#8221; dedi.<\/p>\n<p style=\"text-align: justify;\"><a href=\"http:\/\/www.cumhuriyet.com.tr\/?hn=302060&amp;kw=KCK+operasyonlar%FD+d%FD%FE+bas%FDnda\" target=\"_blank\">Kaynak : Cumhuriyet Haber Portal\u0131<\/a><\/p>\n","protected":false},"excerpt":{"rendered":"<p style=\"text-align: center;\">\n<p style=\"text-align: justify;\">T\u00fcrkiye&#8217;de KCK ad\u0131 alt\u0131nda yap\u0131lan operasyonlar kapsam\u0131nda gazetecilerin g\u00f6zalt\u0131na al\u0131nmas\u0131na ABD medyas\u0131ndan da ele\u015ftiri geldi. Wall Street Journal, T\u00fcrkiye&#8217;de gazetecilerin \u00e7o\u011funun ter\u00f6rle m\u00fccadele yasas\u0131 alt\u0131nda tutukland\u0131\u011f\u0131n\u0131 ve mahkemeye kadar y\u0131llarca tutuklu kald\u0131\u011f\u0131n\u0131 yazarken, New York Times h\u00fck\u00fcmetin g\u00fcc\u00fcn\u00fc k\u00f6t\u00fcye kulland\u0131\u011f\u0131 yorumlar\u0131na yer verdi.<\/p>\n","protected":false},"author":1,"featured_media":0,"comment_status":"open","ping_status":"open","sticky":false,"template":"","format":"standard","meta":{"footnotes":""},"categories":[105],"tags":[],"class_list":["post-44633","post","type-post","status-publish","format-standard","hentry","category-gundem","odd"],"_links":{"self":[{"href":"http:\/\/www.korhanyilmaz.com\/index.php?rest_route=\/wp\/v2\/posts\/44633","targetHints":{"allow":["GET"]}}],"collection":[{"href":"http:\/\/www.korhanyilmaz.com\/index.php?rest_route=\/wp\/v2\/posts"}],"about":[{"href":"http:\/\/www.korhanyilmaz.com\/index.php?rest_route=\/wp\/v2\/types\/post"}],"author":[{"embeddable":true,"href":"http:\/\/www.korhanyilmaz.com\/index.php?rest_route=\/wp\/v2\/users\/1"}],"replies":[{"embeddable":true,"href":"http:\/\/www.korhanyilmaz.com\/index.php?rest_route=%2Fwp%2Fv2%2Fcomments&post=44633"}],"version-history":[{"count":0,"href":"http:\/\/www.korhanyilmaz.com\/index.php?rest_route=\/wp\/v2\/posts\/44633\/revisions"}],"wp:attachment":[{"href":"http:\/\/www.korhanyilmaz.com\/index.php?rest_route=%2Fwp%2Fv2%2Fmedia&parent=44633"}],"wp:term":[{"taxonomy":"category","embeddable":true,"href":"http:\/\/www.korhanyilmaz.com\/index.php?rest_route=%2Fwp%2Fv2%2Fcategories&post=44633"},{"taxonomy":"post_tag","embeddable":true,"href":"http:\/\/www.korhanyilmaz.com\/index.php?rest_route=%2Fwp%2Fv2%2Ftags&post=44633"}],"curies":[{"name":"wp","href":"https:\/\/api.w.org\/{rel}","templated":true}]}}