{"id":44628,"date":"2011-12-21T09:06:52","date_gmt":"2011-12-21T07:06:52","guid":{"rendered":"http:\/\/www.korhanyilmaz.com\/?p=44628"},"modified":"2011-12-21T15:11:13","modified_gmt":"2011-12-21T13:11:13","slug":"cezaevinde-unutulan-adama-meclis-yol-gosterdi","status":"publish","type":"post","link":"http:\/\/www.korhanyilmaz.com\/?p=44628","title":{"rendered":"Cezaevinde unutulan adama meclis yol g\u00f6sterdi"},"content":{"rendered":"<p style=\"text-align: center;\"><a href=\"http:\/\/www.korhanyilmaz.com\/wp-content\/uploads\/2011\/12\/8678.jpg\"  class=\"lightview\"><img loading=\"lazy\" decoding=\"async\" class=\"aligncenter  wp-image-44629\" src=\"http:\/\/www.korhanyilmaz.com\/wp-content\/uploads\/2011\/12\/8678.jpg\" alt=\"\" width=\"364\" height=\"204\" \/><\/a><\/p>\n<p style=\"text-align: justify;\">Meclis \u0130nsan Haklar\u0131n\u0131 \u0130nceleme Komisyonu Ba\u015fkan\u0131 Ayhan Sefer \u00dcst\u00fcn 30 y\u0131l 6 ayd\u0131r cezaevinde bulunan Tahir Canan\u2019\u0131n komisyona yapt\u0131\u011f\u0131 ba\u015fvuruyu, &#8220;Yarg\u0131ya m\u00fcdahale edemeyiz&#8221; diyerek reddederken, &#8220;A\u0130HM\u2019e gidilebilir&#8221; diyerek yol g\u00f6sterdi.<!--more--><\/p>\n<p style=\"text-align: justify;\">30 y\u0131l 6 ayd\u0131r cezaevinde bulunmas\u0131 nedeniyle &#8220;T\u00fcrkiye\u2019nin en uzun s\u00fcre cezaevinde yatan insan\u0131&#8221; olarak nitelendirilen Tahir Canan\u2019\u0131n \u0130nsan Haklar\u0131n\u0131 \u0130nceleme Komisyonu\u2019na yapt\u0131\u011f\u0131 ba\u015fvuru olumsuz sonu\u00e7land\u0131. Komisyon Ba\u015fkan\u0131 Ayhan Sefer \u00dcst\u00fcn imzas\u0131yla verilen olumsuz yan\u0131tta, Anayasa\u2019n\u0131n 138. Maddesinin ikinci f\u0131kras\u0131ndaki, &#8220;Hi\u00e7bir organ, merci veya ki\u015fi, yarg\u0131 yetkisinin kullan\u0131lmas\u0131nda mahkemelere ve hakimlere emir ve talimat veremez; genelge g\u00f6nderemez; tavsiye ve telkinde bulunamaz&#8221; ve d\u00f6rd\u00fcnc\u00fc f\u0131krada, &#8220;Yasama y\u00fcr\u00fctme organlar\u0131 ile idare, mahkeme kararlar\u0131na uymak zorundad\u0131r; bu organlar ve idare, mahkeme kararlar\u0131n\u0131 hi\u00e7bir surette de\u011fi\u015ftiremez?&#8221; d\u00fczenlemeleri hat\u0131rlat\u0131larak, &#8220;Yasama organ\u0131n\u0131n bir birimi olan Komisyonumuza ba\u015fvurunuz hakk\u0131nda yap\u0131lacak bir i\u015flem bulunmamaktad\u0131r&#8221; denildi. \u00dcst\u00fcn, Canan ailesi ve avukat\u0131na bir \u00f6neride de bulunarak \u015funlar\u0131 s\u00f6yledi:<\/p>\n<p style=\"text-align: justify;\">&#8220;Adil yarg\u0131lama yap\u0131lmad\u0131\u011f\u0131 d\u00fc\u015f\u00fcn\u00fcl\u00fcyorsa \u00fclkemizdeki i\u00e7 hukuk yollar\u0131n\u0131 tamamlad\u0131ktan sonra (ola\u011fan hukuk yollar\u0131) alt\u0131 ay i\u00e7erisinde \u0130nsan Haklar\u0131 ve Temel \u00d6zg\u00fcrl\u00fckleri Korumaya Dair Avrupa S\u00f6zle\u015fmesinin 6. Maddesinde belirtilen adil yarg\u0131lanma hakk\u0131n\u0131n ihlal edildi\u011fi iddias\u0131yla Avrupa \u0130nsan Haklar\u0131 Mahkemesine ba\u015fvuru yap\u0131labilir.&#8221;<\/p>\n<p style=\"text-align: justify;\"><strong>&#8220;BABAMLA S\u0130NEMAYA G\u0130TMEK \u0130ST\u0130YORUM&#8221;\u00a0<\/strong><\/p>\n<p style=\"text-align: justify;\">T\u00fcrkiye\u2019nin en uzun s\u00fcre cezaevinde bulunan tutuklusu Tahir Canan\u2019\u0131n ailesi Meclis\u2019ten adalet \u00e7a\u011fr\u0131s\u0131 yapt\u0131. Tahir Canan\u2019\u0131n babas\u0131n\u0131 hi\u00e7 d\u0131\u015far\u0131da g\u00f6rmeyen 19 ya\u015f\u0131ndaki o\u011flu \u0130mran Canan, &#8220;Parka gitmek yerine cezaevinin avlusunda volta att\u0131m, kayd\u0131raktan kaymak yerine ranzadan atlad\u0131m. Normal aktiviteler yapmak babamla sinemaya gitmek, \u00f6zg\u00fcr hayatta bulu\u015fmak istiyorum&#8221; dedi.<\/p>\n<p style=\"text-align: justify;\">CHP Malatya Milletvekili Veli A\u011fbaba, &#8220;T\u00fcrkiye\u2019nin en uzun s\u00fcre hapiste kalan insan\u0131&#8221; Tahir Canan i\u00e7in Canan\u2019\u0131n ailesiyle birlikte Meclis\u2019te bas\u0131n toplant\u0131s\u0131 d\u00fczenledi. Tahir Canan\u2019\u0131n ya\u015fad\u0131klar\u0131n\u0131 &#8220;Bir insanl\u0131k ay\u0131b\u0131, demokrasi utanc\u0131 ve katliam\u0131&#8221; olarak nitelendiren CHP\u2019li A\u011fbaba beraberindeki, Tahir Canan\u2019\u0131n e\u015fi, \u00e7ocuklar\u0131 ve torununu tan\u0131tt\u0131. Bir ailenin \u00fc\u00e7 ku\u015fa\u011f\u0131n\u0131 bir araya getiren aile tablosunda sadece Tahir Canan\u2019\u0131n eksik oldu\u011funu belirten A\u011fbaba, &#8220;Canan\u2019\u0131n 12 Eyl\u00fcl cuntac\u0131lar\u0131n\u0131n mahkemelerinden \u00e7\u0131kan kararlarla neredeyse b\u00fct\u00fcn \u00f6mr\u00fcn\u00fc hapiste ge\u00e7irmesi hangi hukukla, hangi ak\u0131lla, hangi vicdanla ba\u011fda\u015f\u0131r? Tahir Canan\u2019\u0131n 4 \u00e7ocu\u011fu babas\u0131z b\u00fcy\u00fcd\u00fc. Canan da \u00e7ocuklar\u0131ndan uzakta ya\u015fland\u0131, dede oldu. \u015eimdi 5 torunu dedesiz b\u00fcy\u00fcyor. Bu insanl\u0131k ay\u0131b\u0131 de\u011fildir de nedir?&#8221; diye sordu.<\/p>\n<p style=\"text-align: justify;\"><strong>-F\u0130K\u0130R FUKARASI YORUM-\u00a0<\/strong><\/p>\n<p style=\"text-align: justify;\">30 y\u0131ld\u0131r cezaevinde bulunan Canan\u2019\u0131n 2025 y\u0131l\u0131na kadar 14 y\u0131l daha cezaevinde tutulmak istendi\u011fini belirten A\u011fbaba, b\u00f6yle olursa Canan\u2019\u0131n 45 y\u0131l hapis yatarak ancak 72 ya\u015f\u0131nda tahliye olabilece\u011fini s\u00f6yledi.<\/p>\n<p style=\"text-align: justify;\">1979 y\u0131l\u0131nda cezaevine giren Canan\u2019\u0131n 1991 y\u0131l\u0131nda \u015fartl\u0131 sal\u0131verme ile b\u0131rak\u0131ld\u0131\u011f\u0131n\u0131, ancak 1993 y\u0131l\u0131nda tekrar \u00f6rg\u00fct \u00fcyesi su\u00e7lamas\u0131yla tutukland\u0131\u011f\u0131n\u0131 kaydeden A\u011fbaba, Malatya\u2019da g\u00f6r\u00fclen bu davadan beraat etmesine kar\u015f\u0131n &#8220;\u015eartl\u0131 sal\u0131verilme&#8221; kurallar\u0131n\u0131 ihlal etti\u011fi gerek\u00e7esiyle tutuklulu\u011funun s\u00fcrd\u00fc\u011f\u00fcn\u00fc belirterek, &#8220;Canan \u2018su\u00e7 ortadan kalksa da ceza kalkmaz\u2019 gibi fikir fukaras\u0131 bir yorumla tahliye edilmemektedir&#8221; dedi.<\/p>\n<p style=\"text-align: justify;\">A\u011fbaba, 12 Eyl\u00fcl\u2019le hesapla\u015faca\u011f\u0131n\u0131 s\u00f6yleyen AKP\u2019nin Canan\u2019dan \u00f6z\u00fcr dilemek yerine ondan yedi\u011fi yeme\u011fin paras\u0131n\u0131 istedi\u011fini iddia etti. Yemek paras\u0131n\u0131 \u00f6demedi\u011fi i\u00e7in Canan\u2019\u0131n borcunun y\u00fczde 50 artt\u0131r\u0131larak \u00f6denmemesi durumunda haciz i\u015flemlerinin ba\u015flat\u0131lmas\u0131 i\u00e7in mal varl\u0131\u011f\u0131 beyan\u0131nda bulunmas\u0131n\u0131n istendi\u011fini belirterek, &#8220;Bu nas\u0131l bir mant\u0131kt\u0131r? 30 y\u0131l, 5 ayd\u0131r cezaevinde kalan bir insan\u0131n nas\u0131l mal varl\u0131\u011f\u0131 olabilir? Bu asmayal\u0131m da s\u00fcr\u00fcnd\u00fcrelim mant\u0131\u011f\u0131d\u0131r. Cuntayla hesapla\u015fmak ne lafla olur ne de g\u00f6zya\u015f\u0131 d\u00f6kmekle. Hesapla\u015fma icraatla olur&#8221; dedi.<\/p>\n<p style=\"text-align: justify;\">A\u011fbaba, darbe d\u00f6neminin timsallerinden olan Tahir Canan ger\u00e7e\u011fi\u2019nin darbe d\u00f6nemiyle y\u00fczle\u015fmenin f\u0131rsat\u0131 oldu\u011funu belirterek, h\u00fck\u00fcmeti 12 Eyl\u00fcl d\u00f6neminin t\u00fcm uygulamalar\u0131 ve sonu\u00e7lar\u0131 ile birlikte ortadan kalkmas\u0131 i\u00e7in harekete ge\u00e7meye \u00e7a\u011f\u0131rd\u0131.<\/p>\n<p style=\"text-align: justify;\"><a href=\"http:\/\/siyaset.milliyet.com.tr\/cezaevinde-unutulan-adama-meclis-yol-gosterdi\/siyaset\/siyasetdetay\/21.12.2011\/1478448\/default.htm\" target=\"_blank\">Kaynak : Milliyet.com.tr<\/a><\/p>\n","protected":false},"excerpt":{"rendered":"<p style=\"text-align: center;\">\n<p style=\"text-align: justify;\">Meclis \u0130nsan Haklar\u0131n\u0131 \u0130nceleme Komisyonu Ba\u015fkan\u0131 Ayhan Sefer \u00dcst\u00fcn 30 y\u0131l 6 ayd\u0131r cezaevinde bulunan Tahir Canan\u2019\u0131n komisyona yapt\u0131\u011f\u0131 ba\u015fvuruyu, &#8220;Yarg\u0131ya m\u00fcdahale edemeyiz&#8221; diyerek reddederken, &#8220;A\u0130HM\u2019e gidilebilir&#8221; diyerek yol g\u00f6sterdi.<\/p>\n","protected":false},"author":1,"featured_media":0,"comment_status":"open","ping_status":"open","sticky":false,"template":"","format":"standard","meta":{"footnotes":""},"categories":[105],"tags":[],"class_list":["post-44628","post","type-post","status-publish","format-standard","hentry","category-gundem","odd"],"_links":{"self":[{"href":"http:\/\/www.korhanyilmaz.com\/index.php?rest_route=\/wp\/v2\/posts\/44628","targetHints":{"allow":["GET"]}}],"collection":[{"href":"http:\/\/www.korhanyilmaz.com\/index.php?rest_route=\/wp\/v2\/posts"}],"about":[{"href":"http:\/\/www.korhanyilmaz.com\/index.php?rest_route=\/wp\/v2\/types\/post"}],"author":[{"embeddable":true,"href":"http:\/\/www.korhanyilmaz.com\/index.php?rest_route=\/wp\/v2\/users\/1"}],"replies":[{"embeddable":true,"href":"http:\/\/www.korhanyilmaz.com\/index.php?rest_route=%2Fwp%2Fv2%2Fcomments&post=44628"}],"version-history":[{"count":0,"href":"http:\/\/www.korhanyilmaz.com\/index.php?rest_route=\/wp\/v2\/posts\/44628\/revisions"}],"wp:attachment":[{"href":"http:\/\/www.korhanyilmaz.com\/index.php?rest_route=%2Fwp%2Fv2%2Fmedia&parent=44628"}],"wp:term":[{"taxonomy":"category","embeddable":true,"href":"http:\/\/www.korhanyilmaz.com\/index.php?rest_route=%2Fwp%2Fv2%2Fcategories&post=44628"},{"taxonomy":"post_tag","embeddable":true,"href":"http:\/\/www.korhanyilmaz.com\/index.php?rest_route=%2Fwp%2Fv2%2Ftags&post=44628"}],"curies":[{"name":"wp","href":"https:\/\/api.w.org\/{rel}","templated":true}]}}