{"id":44625,"date":"2011-12-21T13:25:00","date_gmt":"2011-12-21T11:25:00","guid":{"rendered":"http:\/\/www.korhanyilmaz.com\/?p=44625"},"modified":"2011-12-21T14:58:22","modified_gmt":"2011-12-21T12:58:22","slug":"erdogan-cumhurbaskani-olmayabilir","status":"publish","type":"post","link":"http:\/\/www.korhanyilmaz.com\/?p=44625","title":{"rendered":"&#8220;Erdo\u011fan Cumhurba\u015fkan\u0131 olmayabilir&#8221;"},"content":{"rendered":"<p style=\"text-align: center;\"><a href=\"http:\/\/www.korhanyilmaz.com\/wp-content\/uploads\/2011\/12\/8677.jpg\"  class=\"lightview\"><img loading=\"lazy\" decoding=\"async\" class=\"aligncenter  wp-image-44626\" src=\"http:\/\/www.korhanyilmaz.com\/wp-content\/uploads\/2011\/12\/8677.jpg\" alt=\"\" width=\"396\" height=\"180\" \/><\/a><\/p>\n<p style=\"text-align: justify;\">AK Parti Kurucu \u00fcyelerinden C\u00fcneyt Zapsu \u00e7arp\u0131c\u0131 a\u00e7\u0131klamalarda bulundu.<\/p>\n<p style=\"text-align: justify;\">KAHRAMANMARA\u015e &#8211; AK Parti Kurucu \u00fcyelerinden ve C\u00fcneyt Zapsu Dan\u0131\u015fmanl\u0131k A.\u015e. Y\u00f6netim Kurulu Ba\u015fkan\u0131 C\u00fcneyt Zapsu, Ba\u015fbakan Recep Tayyip Erdo\u011fan&#8217;\u0131n istemesi halinde cumhurba\u015fkan\u0131 olabilece\u011fini s\u00f6yledi. <!--more--><\/p>\n<p style=\"text-align: justify;\">C\u00fcneyt Zapsu, Kahramanmara\u015f Ticaret ve Sanayi Odas\u0131 (KATSO) taraf\u0131ndan d\u00fczenlenen, &#8216;T\u00fcrkiye&#8217;de siyaset ve ekonomi, d\u00fcnyadaki de\u011fi\u015fim&#8217; konulu isti\u015fare toplant\u0131s\u0131na konuk olarak kat\u0131ld\u0131. T\u00fcrkiye&#8217;nin d\u00fcnyadaki g\u00fcc\u00fcn\u00fc yeni fark\u0131na vard\u0131\u011f\u0131n\u0131 belirten Zapsu, y\u0131llard\u0131r gen\u00e7lere bat\u0131 hayranl\u0131\u011f\u0131 \u00f6\u011fretildi\u011fini belirterek, &#8220;Bu kendimizi a\u015fa\u011f\u0131da g\u00f6stermek anlam\u0131na gelir. B\u00f6yle zaman\u0131m\u0131z\u0131 ge\u00e7irdik. Ama \u015fimdi son 9 y\u0131ld\u0131r \u00fclkemiz \u00e7ok ciddi geli\u015fme g\u00f6sterdi. D\u00fcnyaya ciddi \u015fekilde kafa tutmaya ba\u015flad\u0131k. Bak\u0131n\u0131z daha 4 g\u00fcn \u00f6nce Fransa pasaport polisine bu yakamdaki T\u00fcrk Bayra\u011f\u0131 rozetini utanmadan, s\u0131k\u0131lmadan g\u00f6z\u00fcne sokabiliyorsam bu genel bir d\u00f6n\u00fc\u015f\u00fcm\u00fcn neticesidir&#8221; dedi.<\/p>\n<p style=\"text-align: justify;\"><strong>&#8216;AK PART\u0130 DEVR\u0130MC\u0130 B\u0130R PART\u0130D\u0130R&#8217;<\/strong><\/p>\n<p style=\"text-align: justify;\">Ak Parti&#8217;nin kurucular\u0131 aras\u0131nda yer ald\u0131\u011f\u0131n\u0131 belirten Zapsu, &#8220;Ak Parti&#8217;yi muhafazakar, demokrat parti diye tan\u0131mlarlar. Ben \u00f6yle tan\u0131mlam\u0131yorum. Bence Ak Parti devrimci bir partidir. \u00c7\u00fcnk\u00fc 2600 kanun de\u011fi\u015ftirmi\u015f&#8221; diye konu\u015ftu. Ge\u00e7mi\u015fte kendisiyle ilgili olumsuz yay\u0131nlar yap\u0131ld\u0131\u011f\u0131n\u0131 hat\u0131rlatan Zapsu, \u015f\u00f6yle konu\u015ftu:<\/p>\n<p style=\"text-align: justify;\">&#8220;\u015e\u00f6yle dediler b\u00f6yle dediler. \u0130lk ba\u015fta \u00fcz\u00fcld\u00fcm, ama al\u0131\u015fmaya ba\u015flad\u0131m. Ama ger\u00e7ek olan bir \u015fey var yaz\u0131lanlar\u0131n hi\u00e7 biri do\u011fru de\u011fil. Benimle ilgili at\u0131lan iftiralar\u0131n sonras\u0131 a\u00e7t\u0131\u011f\u0131m davalar\u0131n y\u00fczde 80&#8217;ni kazand\u0131m. Y\u00fczde 20&#8217;sini de \u00fcst mahkemede kaybettim. Bak\u0131n\u0131z dedem \u0130slam Tarihi diye bir kitap yay\u0131nlam\u0131\u015ft\u0131. Bu kitab\u0131 babam da yay\u0131nlad\u0131, karde\u015flerimle birlikte ben de yay\u0131mlad\u0131m. Bu kitab\u0131 bir \u00e7ok yere g\u00f6nderdik. Bir \u00e7ok yerden te\u015fekk\u00fcr ald\u0131k. Ama bir yerden iade ald\u0131k. Hem de hi\u00e7 kitaplar a\u00e7\u0131lmadan. Yarg\u0131tay&#8217;dan iade ald\u0131k. Yarg\u0131tay \u00fcyesi bu kitab\u0131 okumayacak kadar \u00f6n yarg\u0131l\u0131.&#8221;<\/p>\n<p style=\"text-align: justify;\"><strong>KARARINI K\u0130MSE B\u0130LMEZ<\/strong><\/p>\n<p style=\"text-align: justify;\">Toplant\u0131da kat\u0131l\u0131mc\u0131lar\u0131n sorular\u0131n\u0131 yan\u0131tlayan Zapsu, &#8220;Ba\u015fbakan Erdo\u011fan Cumhurba\u015fkan\u0131 olur mu?&#8221; sorusuna ise \u015fu yan\u0131t\u0131 verdi:<\/p>\n<p style=\"text-align: justify;\">&#8220;Ba\u015fbakan\u0131 biraz tan\u0131d\u0131\u011f\u0131n\u0131 s\u00f6yleyen insanlara sorarsan\u0131z, e\u011fer ilan g\u00fcn\u00fc Per\u015fembe saat 12.00 ise 11.59&#8217;da dahi kimse bilemez buna han\u0131m\u0131 da dahil. Kimseye hi\u00e7bir \u015fey s\u00f6ylemez. Biliyorum diyen de do\u011fru s\u00f6ylemiyordur. Ba\u015fbakan\u0131m\u0131z\u0131n Cumhurba\u015fkan\u0131 olmas\u0131n\u0131 isterim, kendisini seven biri olarak isterim. \u00c7\u00fcnk\u00fc kendisinin ne kadar fazla y\u0131prand\u0131\u011f\u0131n\u0131, kendisini y\u0131pratt\u0131\u011f\u0131n\u0131 ve ne kadar s\u00fcratli \u00e7al\u0131\u015ft\u0131\u011f\u0131n\u0131 uzun s\u00fcre beraber \u00e7al\u0131\u015fan biri olarak g\u00f6r\u00fcyorum. Ben 4 g\u00fcn beraber oldu\u011fum zaman 3 g\u00fcnde ancak dinlenebiliyordum. Ben yapam\u0131yordum. O y\u00fczden isterim. Cumhurba\u015fkan\u0131 olur mu? Herkes olur diyor ama son anda vazge\u00e7ebilir, olmayabilir. \u0130stese olur mu? Evet bence olur. \u0130\u015fte 2014 yerel se\u00e7imleri iyi ge\u00e7mese falan diyenler var, yok \u00f6yle bir \u015fey, istese olur. Ancak \u015f\u00f6yle bir \u015fey var. Yine benim tahminim, partiyi \u00f6yle ben ka\u00e7ay\u0131m ne olursa olsun b\u0131rakacak bir ki\u015fi de\u011fil. Partinin en ufak s\u0131k\u0131nt\u0131ya girmesi halinde kendi her t\u00fcrl\u00fc \u015feyinden feragat edebilir. Partiyi s\u0131k\u0131nt\u0131l\u0131 hale getirmez. Partinin kimin genel ba\u015fkan\u0131 veya kimin ba\u015fbakanl\u0131k aday\u0131nda yeni se\u00e7ime gidilece\u011fi oturmadan hi\u00e7 bir yere gitmez.&#8221;<\/p>\n<p style=\"text-align: justify;\"><strong>&#8216;BUG\u00dcN T\u00dcRK\u0130YE&#8217;DEK\u0130 S\u0130STEM\u0130N MUTLAKA DE\u011e\u0130\u015eMES\u0130 LAZIM&#8217;<\/strong><\/p>\n<p style=\"text-align: justify;\">Ba\u015fkanl\u0131k sistemi ile ilgili soru \u00fczerine Zapsu \u015funlar\u0131 kaydetti:<\/p>\n<p style=\"text-align: justify;\">&#8220;Ba\u015fkanl\u0131k sistemi ke\u015fke olsa. Bug\u00fcn T\u00fcrkiye&#8217;deki siyasi sistemin mutlaka de\u011fi\u015fmesi laz\u0131m. T\u00fcrkiye&#8217;de zaten gizli bir ba\u015fkanl\u0131k sistemi vard\u0131r, T\u00fcrkiye&#8217;nin ba\u015fkan\u0131 vard\u0131r ancak bu ba\u015fkana bir mesuliyet verip kontrol alt\u0131na al\u0131p bunu bir kurumsalla\u015ft\u0131rmam\u0131z laz\u0131m. Aksi takdirde rahmetli \u00d6zal&#8217;da g\u00f6rd\u00fc\u011f\u00fcm\u00fcz \u015feyler her zaman olabilir. Yani zaten T\u00fcrkiye&#8217;nin ba\u015fbakan\u0131 ba\u015fkanl\u0131k ifa eder. Eski ba\u015fbakanlar da etmi\u015ftir, yenileri etmektedir. O y\u00fczden iyi ba\u015fbakan iyi ba\u015fkanla iyi y\u00fcr\u00fcyoruz, k\u00f6t\u00fc ba\u015fbakan k\u00f6t\u00fc ba\u015fkanla bat\u0131yoruz. 1990&#8217;l\u0131 y\u0131llara bir bak\u0131n.&#8221;<\/p>\n<p style=\"text-align: justify;\"><a href=\"http:\/\/www.gazeteport.com.tr\/haber\/69508\/quoterdogan_cumhurbaskani_olmayabilirquot\" target=\"_blank\">Kaynak : GAZETEPORT<\/a><\/p>\n","protected":false},"excerpt":{"rendered":"<p style=\"text-align: center;\">\n<p style=\"text-align: justify;\">AK Parti Kurucu \u00fcyelerinden C\u00fcneyt Zapsu \u00e7arp\u0131c\u0131 a\u00e7\u0131klamalarda bulundu.<\/p>\n<p style=\"text-align: justify;\">KAHRAMANMARA\u015e &#8211; AK Parti Kurucu \u00fcyelerinden ve C\u00fcneyt Zapsu Dan\u0131\u015fmanl\u0131k A.\u015e. Y\u00f6netim Kurulu Ba\u015fkan\u0131 C\u00fcneyt Zapsu, Ba\u015fbakan Recep Tayyip Erdo\u011fan&#8217;\u0131n istemesi halinde cumhurba\u015fkan\u0131 olabilece\u011fini s\u00f6yledi. <\/p>\n","protected":false},"author":1,"featured_media":0,"comment_status":"open","ping_status":"open","sticky":false,"template":"","format":"standard","meta":{"footnotes":""},"categories":[105],"tags":[],"class_list":["post-44625","post","type-post","status-publish","format-standard","hentry","category-gundem","odd"],"_links":{"self":[{"href":"http:\/\/www.korhanyilmaz.com\/index.php?rest_route=\/wp\/v2\/posts\/44625","targetHints":{"allow":["GET"]}}],"collection":[{"href":"http:\/\/www.korhanyilmaz.com\/index.php?rest_route=\/wp\/v2\/posts"}],"about":[{"href":"http:\/\/www.korhanyilmaz.com\/index.php?rest_route=\/wp\/v2\/types\/post"}],"author":[{"embeddable":true,"href":"http:\/\/www.korhanyilmaz.com\/index.php?rest_route=\/wp\/v2\/users\/1"}],"replies":[{"embeddable":true,"href":"http:\/\/www.korhanyilmaz.com\/index.php?rest_route=%2Fwp%2Fv2%2Fcomments&post=44625"}],"version-history":[{"count":0,"href":"http:\/\/www.korhanyilmaz.com\/index.php?rest_route=\/wp\/v2\/posts\/44625\/revisions"}],"wp:attachment":[{"href":"http:\/\/www.korhanyilmaz.com\/index.php?rest_route=%2Fwp%2Fv2%2Fmedia&parent=44625"}],"wp:term":[{"taxonomy":"category","embeddable":true,"href":"http:\/\/www.korhanyilmaz.com\/index.php?rest_route=%2Fwp%2Fv2%2Fcategories&post=44625"},{"taxonomy":"post_tag","embeddable":true,"href":"http:\/\/www.korhanyilmaz.com\/index.php?rest_route=%2Fwp%2Fv2%2Ftags&post=44625"}],"curies":[{"name":"wp","href":"https:\/\/api.w.org\/{rel}","templated":true}]}}