{"id":44621,"date":"2011-12-20T22:47:14","date_gmt":"2011-12-20T20:47:14","guid":{"rendered":"http:\/\/www.korhanyilmaz.com\/?p=44621"},"modified":"2011-12-21T14:19:26","modified_gmt":"2011-12-21T12:19:26","slug":"dis-politikada-sifiri-tukettik","status":"publish","type":"post","link":"http:\/\/www.korhanyilmaz.com\/?p=44621","title":{"rendered":"D\u0131\u015f politikada s\u0131f\u0131r\u0131 t\u00fckettik!"},"content":{"rendered":"<p style=\"text-align: center;\"><a href=\"http:\/\/www.korhanyilmaz.com\/wp-content\/uploads\/2011\/12\/8676.jpg\"  class=\"lightview\"><img loading=\"lazy\" decoding=\"async\" class=\"aligncenter  wp-image-44622\" src=\"http:\/\/www.korhanyilmaz.com\/wp-content\/uploads\/2011\/12\/8676.jpg\" alt=\"\" width=\"400\" height=\"259\" \/><\/a><\/p>\n<p style=\"text-align: justify;\">Koskoca T\u00fcrkiye Cumhuriyeti Devleti Frans\u0131zlara tarihe emsal olacak bir ders vermek yerine, r\u00fc\u015fvet, \u015fantaj ve tehditle sonu\u00e7 almaya \u00e7al\u0131\u015f\u0131yor&#8230;<\/p>\n<p style=\"text-align: justify;\"><strong>Son darbe Paris\u2019ten<\/strong><\/p>\n<p style=\"text-align: justify;\">AKP\u2019nin \u201cs\u0131f\u0131r sorun\u201d iddias\u0131yla y\u00f6n vermeye \u00e7al\u0131\u015ft\u0131\u011f\u0131 d\u0131\u015f politika, Libya ve Suriye\u2019nin ard\u0131ndan bir darbe de Fransa\u2019dan ald\u0131. Ankara \u201cs\u00f6zde soyk\u0131r\u0131m\u0131 su\u00e7 saymayanlar\u0131 cezaland\u0131rmay\u0131\u201d \u00f6ng\u00f6ren tasar\u0131 kar\u015f\u0131s\u0131nda \u00e7aresiz i\u00e7erisinde kald\u0131.<!--more--><\/p>\n<p style=\"text-align: justify;\"><strong>G\u00fcl ula\u015famad\u0131<\/strong><\/p>\n<p style=\"text-align: justify;\">CUMHURBA\u015eKANI G\u00fcl, yasa teklifine ili\u015fkin tepkisini iletmek \u00fczere iki g\u00fcn boyunca Fransa Cumhurba\u015fkan\u0131 Sarkozy\u2019ye ula\u015fmaya \u00e7al\u0131\u015ft\u0131. Sarkozy telefonlara \u00e7\u0131kmay\u0131nca G\u00fcl yaz\u0131l\u0131 bir a\u00e7\u0131klama yap\u0131p, Fransa\u2019n\u0131n tavr\u0131n\u0131 ele\u015ftirdi.<\/p>\n<p style=\"text-align: justify;\"><strong>Reste kar\u015f\u0131l\u0131k rest<\/strong><\/p>\n<p style=\"text-align: justify;\">T\u00dcRK\u0130YE\u2019nin diplomatik ve ekonomik alandaki kozlar\u0131n\u0131 masaya s\u00fcrmesi beklenen etkiyi g\u00f6stermek bir yana ters tepti. D\u0131\u015fi\u015fleri Bakanl\u0131\u011f\u0131 S\u00f6zc\u00fcs\u00fc Valero yapt\u0131r\u0131m tehditleri i\u00e7in \u201cTicari a\u00e7\u0131dan, kurallara sayg\u0131 \u015fart\u201d dedi.<\/p>\n<p style=\"text-align: justify;\"><strong>S\u0131f\u0131r sorun politikas\u0131na son darbe Paris\u2019ten<\/strong><\/p>\n<p style=\"text-align: justify;\">AKP\u2019nin r\u00fc\u015fvet, tehdit ve \u015fantaja dayal\u0131 d\u0131\u015f politikas\u0131 bir kez daha iflas etti. TBMM heyetinin \u00e7al\u0131\u015fmalar\u0131 ve \u201c\u0130hale yasa\u011f\u0131\u201d a\u00e7\u0131klamalar\u0131n\u0131 g\u00f6rmezden gelen Frans\u0131z Meclisi Ermeni tasar\u0131s\u0131n\u0131 g\u00fcndeme ald\u0131.<\/p>\n<p style=\"text-align: justify;\">AKP\u2019nin \u201cD\u0131\u015f politikada s\u0131f\u0131r sorun\u201d hedefi, Libya ve Suriye\u2019den sonra bir darbe de Fransa\u2019dan ald\u0131. Ermeni soyk\u0131r\u0131m\u0131 yalan\u0131n\u0131 inkar etmeyi su\u00e7 sayan tasar\u0131y\u0131 engellemek i\u00e7in Paris\u2019e giden TBMM heyeti amac\u0131na ula\u015famad\u0131 ve tasar\u0131 Frans\u0131z Meclisi Ba\u015fkanl\u0131k Divan\u0131 taraf\u0131ndan genel kurulda g\u00f6r\u00fc\u015f\u00fclmek \u00fczere g\u00fcndeme al\u0131nd\u0131. Ermeni soyk\u0131r\u0131m iddias\u0131n\u0131 2001\u2019de tan\u0131yan Fransa\u2019ya kar\u015f\u0131 bug\u00fcne kadar ciddi hi\u00e7bir yapt\u0131r\u0131m uygulamayan AKP iktidar\u0131n\u0131n Paris\u2019e kar\u015f\u0131 s\u00fcrd\u00fcrd\u00fc\u011f\u00fc r\u00fc\u015fvet, tehdit ve \u015fantaj politikalar\u0131 bir kez daha i\u015fe yaramad\u0131. Tasar\u0131n\u0131n Fransa Meclisi\u2019nde g\u00f6r\u00fc\u015f\u00fclmesini diplomatik yoldan engellemeyen Ankara\u2019dan gelen, \u201cTasar\u0131 ge\u00e7erse ihaleler iptal olur, yeni ihalelere Frans\u0131z firmalar\u0131 giremez, Frans\u0131z mallar\u0131na boykot gelir\u201d \u015feklindeki a\u00e7\u0131klamalara Fransa\u2019da ald\u0131ran olmad\u0131.<\/p>\n<p style=\"text-align: justify;\"><strong>Yar\u0131n g\u00f6r\u00fc\u015f\u00fclecek<\/strong><\/p>\n<p style=\"text-align: justify;\">Frans\u0131z Meclis Ba\u015fkanl\u0131k Divan\u0131, 1915 olaylar\u0131yla ilgili Ermeni iddialar\u0131n\u0131n reddedilmesini su\u00e7 sayan yasa teklifinin parlamento g\u00fcndemine al\u0131nmas\u0131na karar verdi. NTV televizyonunun haberine g\u00f6re, T\u00fcrkiye\u2019nin sert tepkisine neden olan tart\u0131\u015fmal\u0131 yasa, beklendi\u011fi gibi Frans\u0131z parlamentosunun g\u00fcndemine al\u0131nd\u0131. Fransa meclisi, yasalar komisyonunda ge\u00e7en hafta kabul edilen, iktidardaki Halk Hareketi Birli\u011fi (UMP) Marsilya milletvekili Valerie Boyer taraf\u0131ndan haz\u0131rlanan yasa teklifini, Per\u015fembe g\u00fcn\u00fc genel kurulda oylayacak. Yasalar komisyonunda kabul yasa teklifinde, \u201cFrans\u0131z yasalar\u0131 taraf\u0131ndan tan\u0131nan soyk\u0131r\u0131mlar\u0131n inkar\u0131, bir y\u0131l ile 45 bin euro para cezas\u0131na \u00e7arpt\u0131r\u0131l\u0131r\u201d ifadesi yer al\u0131yor. Fransa parlamentosu, 29 Ocak 2001 tarihinde, \u201cFransa, 1915 y\u0131l\u0131ndaki Ermeni soyk\u0131r\u0131m\u0131n\u0131 tan\u0131r\u201d ifadesiyle kaleme al\u0131nan bir yasay\u0131 onaylam\u0131\u015ft\u0131.<\/p>\n<p style=\"text-align: justify;\"><strong>Otel bile bulamad\u0131lar<\/strong><\/p>\n<p style=\"text-align: justify;\">T\u00fcrk i\u015f d\u00fcnyas\u0131n\u0131n Paris \u00e7\u0131karmas\u0131, \u2018otel\u2019 skandal\u0131na sahne oldu. TOBB ve T\u00dcS\u0130AD\u2019\u0131n yan\u0131 s\u0131ra T\u00fcrk diasporas\u0131n\u0131n ve siyasilerinin \u00f6nceki ak\u015fam ger\u00e7ekle\u015fen toplant\u0131s\u0131n\u0131n oteli son anda \u201cDoluyuz\u201d diyerek kap\u0131lar\u0131n\u0131 a\u00e7mad\u0131. 3 g\u00fcn \u00f6ncesine kadar \u0130ngiliz sermayeli Intercontinental Le Grand Hotel\u2019de yap\u0131lmas\u0131 planlanan ve 200 ki\u015finin davetli oldu\u011fu toplant\u0131 i\u00e7in rezervasyonlar\u0131n\u0131 yapt\u0131klar\u0131n\u0131 anlatan T\u00fcrkiye Odalar ve Borsalar Ba\u015fkan\u0131 Rifat Hisarc\u0131kl\u0131o\u011flu, otelin ans\u0131z\u0131n \u2018dolu\u2019 olduklar\u0131 gerek\u00e7esiyle rezervasyonlar\u0131n\u0131 iptal etti\u011fini s\u00f6yledi.<\/p>\n<p style=\"text-align: justify;\"><strong>D\u0131\u015f politikadaki tutars\u0131zl\u0131klar<\/strong><\/p>\n<p style=\"text-align: justify;\">\u201cMon\u015ferler\u201d dedikleri T\u00fcrk diplomasisinin geleneksel yap\u0131s\u0131n\u0131 bozan AKP\u2019nin d\u0131\u015f politikadaki ba\u015far\u0131s\u0131zl\u0131klar\u0131na Fransa\u2019da Ermeni yalan\u0131n\u0131 inkar\u0131 su\u00e7 sayan tasar\u0131n\u0131n Meclis g\u00fcndemine al\u0131nmas\u0131yla bir yenisi daha eklendi. AKP\u2019nin d\u0131\u015f politikada \u00e7aresiz kald\u0131\u011f\u0131 baz\u0131 olaylar \u015f\u00f6yle:<\/p>\n<p style=\"text-align: justify;\"><strong>\u00c7uvala sessiz kald\u0131lar<\/strong><\/p>\n<p style=\"text-align: justify;\">4 Temmuz 2003 g\u00fcn\u00fc Kuzey Irak\u2019\u0131n S\u00fcleymaniye kentinde karargah kurmu\u015f bulunan 11 T\u00fcrk askeri ve T\u00fcrkmen mihmandarlar\u0131, Pe\u015fmerge destekli ABD askerleri taraf\u0131ndan ba\u015flar\u0131na \u00e7uval ge\u00e7irilerek g\u00f6zalt\u0131na al\u0131nm\u0131\u015flard\u0131. Ba\u015fbakan Erdo\u011fan gerekli tepkiyi g\u00f6stermemi\u015fti. \u00c7uval krizinin devam etti\u011fi saatlerde, Erdo\u011fan, ABD\u2019ye protesto notas\u0131 verilip verilmedi\u011fi sorusu \u00fczerine ilgin\u00e7 bir benzetme yaparak, \u015funlar\u0131 s\u00f6ylemi\u015fti: \u201cBak\u0131n, nota dedi\u011finiz konu m\u00fczik notas\u0131 de\u011fildi\u201d ifadesini kullanm\u0131\u015ft\u0131. Cumhurba\u015fkan\u0131 Abdullah G\u00fcl\u2019\u00fcn futbol diplomasi ile ba\u015flatt\u0131\u011f\u0131 T\u00fcrkiye-Ermenistan ili\u015fkileri, tek tarafl\u0131 \u201ciyi niyet\u201d hamlesine d\u00f6n\u00fc\u015ft\u00fc. S\u00f6zde Ermeni soyk\u0131r\u0131m\u0131 iddialar\u0131ndan vazge\u00e7medi\u011fini ilan eden Ermenistan, i\u015fgal etti\u011fi Karaba\u011f topraklar\u0131n\u0131 bo\u015faltmayaca\u011f\u0131n\u0131 da yineledi.<\/p>\n<p style=\"text-align: justify;\"><strong>\u00d6nce itiraz sonra destek<\/strong><\/p>\n<p style=\"text-align: justify;\">Libya\u2019ya NATO m\u00fcdahalesine \u015fiddetle kar\u015f\u0131 \u00e7\u0131kan Ba\u015fbakan Tayyip Erdo\u011fan\u2019\u0131n, \u201cB\u00f6yle bir sa\u00e7mal\u0131k olur mu yahu, NATO\u2019nun ne i\u015fi var Libya\u2019da\u201d diye konu\u015fmas\u0131ndan 25 g\u00fcn sonra, a\u011f\u0131z de\u011fi\u015ftirip \u0130ttifak\u2019\u0131n m\u00fcdahalesine ye\u015fil \u0131\u015f\u0131k yakmas\u0131, \u201cD\u0131\u015f politikada tutars\u0131zl\u0131k\u201d \u015feklinde de\u011ferlendirildi. Konuy yorumlayan BBC, \u201cU-d\u00f6n\u00fc\u015f\u00fc, 180 derece d\u00f6n\u00fc\u015f, takla\u201d gibi ifadeler kulland\u0131. BBC, \u015fu g\u00f6r\u00fc\u015fleri \u00f6ne s\u00fcrd\u00fc: \u201cT\u00fcrk D\u0131\u015fi\u015fleri Bakan\u0131 Ahmet Davuto\u011flu y\u00fcz seksen derecelik d\u00f6n\u00fc\u015f\u00fc, BM G\u00fcvenlik Konseyi\u2019nin 1973 say\u0131l\u0131 karar\u0131 ve Arap Birli\u011fi\u2019nin u\u00e7u\u015fa kapal\u0131 b\u00f6lge i\u00e7in deste\u011finin sonucu olarak a\u00e7\u0131klad\u0131.\u201d<\/p>\n<p style=\"text-align: justify;\"><strong>Karde\u015f, d\u00fc\u015fman oldu<\/strong><\/p>\n<p style=\"text-align: justify;\">Erdo\u011fan, yak\u0131n zamana kadar \u201cKarde\u015fim\u201d dedi\u011fi Suriye Devlet Ba\u015fkan\u0131 Esad\u2019a ABD\u2019den gelen talepler sonras\u0131nda cephe ald\u0131. T\u00fcrkiye, Suriye\u2019deki muhaliflere destek olan bir\u00e7ok olay\u0131n i\u00e7inde yer ald\u0131.<\/p>\n<p style=\"text-align: justify;\"><strong>F\u00fcze kalkan\u0131na \u201cevet\u201d<\/strong><\/p>\n<p style=\"text-align: justify;\">ABD\u2019nin dayatt\u0131\u011f\u0131 ve \u0130srail\u2019i \u0130ran\u2019a kar\u015f\u0131 koruyacak NATO F\u00fcze Kalkan\u0131 i\u00e7in AKP, en eski kom\u015fumuz \u0130ran\u2019\u0131 k\u00fcst\u00fcrme pahas\u0131na Malatya\u2019ya konu\u015fland\u0131rma karar\u0131 ald\u0131.<\/p>\n<p style=\"text-align: justify;\"><strong>Sarkozy telefona \u00e7\u0131kmad\u0131<\/strong><\/p>\n<p style=\"text-align: justify;\">Cumhurba\u015fkanl\u0131\u011f\u0131 Bas\u0131n Ba\u015fdan\u0131\u015fman\u0131 Ahmet Sever, Cumhurba\u015fkan\u0131 Abdullah G\u00fcl\u2019\u00fcn yasa teklifine ili\u015fkin tepkisini iletmek \u00fczere iki g\u00fcnd\u00fcr Fransa Cumhurba\u015fkan\u0131 Nicolas Sarkozy\u2019ye telefonla ula\u015fmaya \u00e7al\u0131\u015ft\u0131\u011f\u0131n\u0131, ancak Sarkozy\u2019nin G\u00fcl ile telefonla g\u00f6r\u00fc\u015fmekten ka\u00e7t\u0131\u011f\u0131n\u0131\u201d s\u00f6yledi. Sever, geli\u015fmeler \u00fczerine G\u00fcl\u2019\u00fcn yaz\u0131l\u0131 bir a\u00e7\u0131klama yaparak, tepkisini kamuoyuna iletti\u011fini ifade etti. G\u00fcl, tasar\u0131yla ilgili a\u00e7\u0131klamas\u0131nda, \u201cFransa\u2019y\u0131 ifade \u00f6zg\u00fcrl\u00fc\u011f\u00fcne sayg\u0131 g\u00f6stermeyen bu giri\u015fimden, en k\u0131sa s\u00fcrede vazge\u00e7ilmesini temenni ediyorum\u201d dedi. Bu arda G\u00fcl, T\u00fcrkiye\u2019ye \u00e7al\u0131\u015fma ziyaretinde bulunan Filistin Devlet Ba\u015fkan\u0131 Abbas\u2019la \u00c7ankaya K\u00f6\u015fk\u00fc\u2019nde g\u00f6r\u00fc\u015ft\u00fc.<\/p>\n<p style=\"text-align: justify;\"><strong>Paris y\u00f6netimi reste restle kar\u015f\u0131l\u0131k verdi<\/strong><\/p>\n<p style=\"text-align: justify;\">Fransa D\u0131\u015fi\u015fleri Bakanl\u0131\u011f\u0131, 1915 olaylar\u0131yla ilgili Ermeni iddialar\u0131n\u0131n reddinin su\u00e7 say\u0131lmas\u0131n\u0131 \u00f6ng\u00f6ren yasa teklifinin kabul edilmesi halinde, T\u00fcrkiye\u2019nin olas\u0131 bir ekonomik yapt\u0131r\u0131ma gitmemesi konusunda uyar\u0131da bulundu. D\u0131\u015fi\u015fleri Bakanl\u0131\u011f\u0131 S\u00f6zc\u00fcs\u00fc Bernard Valero, konu ile ilgili olarak T\u00fcrkiye\u2019nin uluslararas\u0131 taahh\u00fctlerine sayg\u0131 g\u00f6stermesi gerekti\u011fini ifade etti. G\u00fcnl\u00fck bas\u0131n toplant\u0131s\u0131nda, \u201cFransa, T\u00fcrkiye\u2019nin m\u00fceyyide tehdidinden endi\u015fe duyuyor mu?\u201d \u015feklindeki bir soruyu yan\u0131tlayan Valero, \u201cTicari a\u00e7\u0131dan, uluslararas\u0131 kurallara sayg\u0131 g\u00f6sterme ruhuna uymak gerekiyor\u201d dedi. T\u00fcrkiye\u2019nin, D\u00fcnya Ticaret \u00d6rg\u00fct\u00fc\u2019ne \u00fcye oldu\u011funu ve AB ile g\u00fcmr\u00fck birli\u011fi alan\u0131nda ili\u015fkileri bulundu\u011funu hat\u0131rlatan Valero, bu iki kurulu\u015fa olan y\u00fck\u00fcml\u00fcl\u00fcklerin de AB \u00fcyesi \u00fclkelerdeki \u015firketlere ay\u0131r\u0131mc\u0131l\u0131k uygulanmamas\u0131n\u0131 \u00f6ng\u00f6rd\u00fc\u011f\u00fcn\u00fc s\u00f6yledi.<\/p>\n<p style=\"text-align: justify;\"><strong>Cezayir\u2019i soyk\u0131r\u0131m kabul edelim<\/strong><\/p>\n<p style=\"text-align: justify;\">MHP Ankara Milletvekili \u00d6zcan Yeni\u00e7eri, Fransa\u2019n\u0131n Cezayir\u2019de yapt\u0131\u011f\u0131 eylemlerin soyk\u0131r\u0131m olarak kabul edilmesi, her y\u0131l 8 May\u0131s\u2019\u0131n anma g\u00fcn\u00fc olmas\u0131 ve inkar edenlerin cezaland\u0131r\u0131lmas\u0131 i\u00e7in kanun teklifi verdi. TBMM Ba\u015fkanl\u0131\u011f\u0131\u2019na sunulan kanun teklifinde, Fransa Ulusal Meclisi\u2019nde, Ermeni Soyk\u0131r\u0131m\u0131n\u0131 tan\u0131yan yasa teklifinin Ekim 2006 y\u0131l\u0131nda g\u00f6r\u00fc\u015f\u00fcld\u00fc\u011f\u00fc ve kabul edildi\u011fi belirtildi. 2001 y\u0131l\u0131nda Frans\u0131z Ulusal Meclisinden oybirli\u011fiyle ge\u00e7en ve Fransa Cumhurba\u015fkan\u0131 Jacques Chirac taraf\u0131ndan onaylanan s\u00f6zde Ermeni Soyk\u0131r\u0131m\u0131\u2019n\u0131 tan\u0131yan yasa ile T\u00fcrk-Frans\u0131z ili\u015fkilerinin gerginle\u015fti\u011fi ve ili\u015fkilere darbe vurdu\u011fu ifade edildi. 8 May\u0131s 1945 tarihinde, Fransa Devleti taraf\u0131ndan Cezayir halk\u0131na y\u00f6nelik olarak ger\u00e7ekle\u015ftirilen eylemlerin insanl\u0131k d\u0131\u015f\u0131 oldu\u011fu vurgulanan kanun teklifinde, \u201cCezayir halk\u0131na y\u00f6nelik olarak soyk\u0131r\u0131m eylemlerini ger\u00e7ekle\u015ftirilmi\u015f olan Fransa devletidir\u201d denildi. Teklifte, Fransa\u2019n\u0131n Cezayir\u2019de ger\u00e7ekle\u015ftirdi\u011fi soyk\u0131r\u0131m\u0131 ink\u00e2r edenlere bir y\u0131l hapis ve 100 bin lira para cezas\u0131 uygulanmas\u0131 isteniyor. CHP Bolu Milletvekili Tanju \u00d6zcan da ayn\u0131 y\u00f6nde bir kanun teklifi verdi.<\/p>\n<p style=\"text-align: justify;\"><strong>Times: T\u00fcrkiye Fransa\u2019y\u0131 tehdit ediyor<\/strong><\/p>\n<p style=\"text-align: justify;\">Fransa Milli Meclisi\u2019nin g\u00fcndemine ald\u0131\u011f\u0131 ve yar\u0131n g\u00f6r\u00fc\u015fece\u011fi s\u00f6zde \u201cErmeni soyk\u0131r\u0131m\u0131\u201d na dair yasa tasar\u0131s\u0131na ili\u015fkin tart\u0131\u015fmalar s\u00fcr\u00fcyor. Times gazetesi, T\u00fcrkiye\u2019nin, Fransa\u2019ya kar\u015f\u0131 kan davas\u0131 ba\u015flatma tehdidinde bulundu\u011funu savunurken, \u201cParis\u2019i as\u0131l kayg\u0131land\u0131ran T\u00fcrkiye\u2019nin Fransa\u2019n\u0131n imaj\u0131n\u0131 lekeleme tehditleri\u201d g\u00f6r\u00fc\u015f\u00fcn\u00fc \u00f6ne s\u00fcrd\u00fc. Times, haberinde, \u201cT\u00fcrkiye ve Fransa \u015fimdi birbirlerini 20. y\u00fczy\u0131l\u0131n en korkun\u00e7 katliamlar\u0131n\u0131n arkas\u0131nda olmakla su\u00e7luyor\u201d diye yazd\u0131. BBC\u2019nin yans\u0131tt\u0131\u011f\u0131 haberde, katliam su\u00e7lamalar\u0131n\u0131 reddeden T\u00fcrkiye\u2019nin, buna kar\u015f\u0131l\u0131k Fransa\u2019n\u0131n Ruanda ve Cezayir\u2019deki olaylarda rol\u00fcn\u00fc g\u00fcndeme getirdi\u011fi kaydedildi. 2006 y\u0131l\u0131nda benzer bir teklifin T\u00fcrkiye\u2019nin bask\u0131s\u0131n\u0131n ard\u0131ndan g\u00fcndemden d\u00fc\u015ft\u00fc\u011f\u00fcn\u00fc hat\u0131rlatan Times, Ba\u015fbakan Erdo\u011fan\u2019\u0131n Sarkozy\u2019yi geri ad\u0131m atmaya zorlamak i\u00e7in elinden geleni yapt\u0131\u011f\u0131n\u0131 belirtti. Gazete, \u201cYetkililer yasan\u0131n iki \u00fclke aras\u0131nda y\u0131lda 11.6 milyon euroyu bulan ticarete darbe vurabilece\u011fini s\u00f6ylerken, Paris\u2019i as\u0131l kayg\u0131land\u0131ran T\u00fcrkiye\u2019nin Fransa\u2019n\u0131n imaj\u0131n\u0131 lekeleme tehditleri\u201d g\u00f6r\u00fc\u015f\u00fcne yer verdi.<\/p>\n<p style=\"text-align: justify;\"><strong>Ermeni yalan\u0131na protesto \u00e7\u0131\u011f gibi<\/strong><\/p>\n<p style=\"text-align: justify;\">Avrupa\u2019da ya\u015fayan T\u00fcrk vatanda\u015flar\u0131n\u0131n, Ermeni yalanlar\u0131na protestosu s\u00fcr\u00fcyor. \u00d6nceki g\u00fcn Londra\u2019da Frans\u0131z B\u00fcy\u00fckel\u00e7ili\u011fi \u00f6n\u00fcnde ger\u00e7ekle\u015fen protesto g\u00f6sterisinin ard\u0131ndan Almanya\u2019n\u0131n ba\u015fkenti Berlin\u2019de de, Fransa B\u00fcy\u00fckel\u00e7ili\u011fi \u00f6n\u00fcnde g\u00f6steri d\u00fczenlendi. Berlin Atat\u00fcrk\u00e7\u00fc D\u00fc\u015f\u00fcnce Derne\u011fi (ADD), T\u00fcrkiye Gen\u00e7lik Birli\u011fi, Atilla \u0130lhan K\u00fclt\u00fcr Merkezi ve Berlin Ulusal Kanal G\u00f6n\u00fcll\u00fcleri adl\u0131 dernekler taraf\u0131ndan organize edilen g\u00f6steride Frans\u0131z Meclisi\u2019ne sunulan tasar\u0131n\u0131n d\u00fc\u015f\u00fcnce \u00f6zg\u00fcrl\u00fc\u011f\u00fcne ayk\u0131r\u0131 oldu\u011fu ifade edildi. Fransa\u2019daki T\u00fcrk dernekleri, yasa teklifinin yar\u0131n genel kurulda oylanmas\u0131ndan \u00f6nce meclis binas\u0131 \u00f6n\u00fcnde g\u00f6steri yapacak.<\/p>\n<p style=\"text-align: justify;\"><a href=\"http:\/\/www.yg.yenicaggazetesi.com.tr\/habergoster.php?haber=60720\" target=\"_blank\">Kaynak : Macit Soydan &#8211; Yeni\u00e7a\u011f Gazetesi<\/a><\/p>\n","protected":false},"excerpt":{"rendered":"<p style=\"text-align: center;\">\n<p style=\"text-align: justify;\">Koskoca T\u00fcrkiye Cumhuriyeti Devleti Frans\u0131zlara tarihe emsal olacak bir ders vermek yerine, r\u00fc\u015fvet, \u015fantaj ve tehditle sonu\u00e7 almaya \u00e7al\u0131\u015f\u0131yor&#8230;<\/p>\n<p style=\"text-align: justify;\">Son darbe Paris\u2019ten<\/p>\n<p style=\"text-align: justify;\">AKP\u2019nin \u201cs\u0131f\u0131r sorun\u201d iddias\u0131yla y\u00f6n vermeye \u00e7al\u0131\u015ft\u0131\u011f\u0131 d\u0131\u015f politika, Libya ve Suriye\u2019nin ard\u0131ndan bir darbe de Fransa\u2019dan ald\u0131. Ankara \u201cs\u00f6zde soyk\u0131r\u0131m\u0131 su\u00e7 saymayanlar\u0131 cezaland\u0131rmay\u0131\u201d <\/p>\n","protected":false},"author":1,"featured_media":0,"comment_status":"open","ping_status":"open","sticky":false,"template":"","format":"standard","meta":{"footnotes":""},"categories":[105],"tags":[],"class_list":["post-44621","post","type-post","status-publish","format-standard","hentry","category-gundem","odd"],"_links":{"self":[{"href":"http:\/\/www.korhanyilmaz.com\/index.php?rest_route=\/wp\/v2\/posts\/44621","targetHints":{"allow":["GET"]}}],"collection":[{"href":"http:\/\/www.korhanyilmaz.com\/index.php?rest_route=\/wp\/v2\/posts"}],"about":[{"href":"http:\/\/www.korhanyilmaz.com\/index.php?rest_route=\/wp\/v2\/types\/post"}],"author":[{"embeddable":true,"href":"http:\/\/www.korhanyilmaz.com\/index.php?rest_route=\/wp\/v2\/users\/1"}],"replies":[{"embeddable":true,"href":"http:\/\/www.korhanyilmaz.com\/index.php?rest_route=%2Fwp%2Fv2%2Fcomments&post=44621"}],"version-history":[{"count":0,"href":"http:\/\/www.korhanyilmaz.com\/index.php?rest_route=\/wp\/v2\/posts\/44621\/revisions"}],"wp:attachment":[{"href":"http:\/\/www.korhanyilmaz.com\/index.php?rest_route=%2Fwp%2Fv2%2Fmedia&parent=44621"}],"wp:term":[{"taxonomy":"category","embeddable":true,"href":"http:\/\/www.korhanyilmaz.com\/index.php?rest_route=%2Fwp%2Fv2%2Fcategories&post=44621"},{"taxonomy":"post_tag","embeddable":true,"href":"http:\/\/www.korhanyilmaz.com\/index.php?rest_route=%2Fwp%2Fv2%2Ftags&post=44621"}],"curies":[{"name":"wp","href":"https:\/\/api.w.org\/{rel}","templated":true}]}}