{"id":44617,"date":"2011-12-21T13:11:00","date_gmt":"2011-12-21T11:11:00","guid":{"rendered":"http:\/\/www.korhanyilmaz.com\/?p=44617"},"modified":"2011-12-21T13:38:16","modified_gmt":"2011-12-21T11:38:16","slug":"fransiz-bakandan-ankaraya-cagri","status":"publish","type":"post","link":"http:\/\/www.korhanyilmaz.com\/?p=44617","title":{"rendered":"Frans\u0131z Bakan&#8217;dan Ankara&#8217;ya \u00e7a\u011fr\u0131!"},"content":{"rendered":"<p style=\"text-align: center;\"><a href=\"http:\/\/www.korhanyilmaz.com\/wp-content\/uploads\/2011\/12\/8675.jpg\"  class=\"lightview\"><img loading=\"lazy\" decoding=\"async\" class=\"aligncenter  wp-image-44618\" src=\"http:\/\/www.korhanyilmaz.com\/wp-content\/uploads\/2011\/12\/8675.jpg\" alt=\"\" width=\"307\" height=\"236\" \/><\/a><\/p>\n<p style=\"text-align: justify;\">Fransa&#8217;n\u0131n Avrupa \u0130\u015flerinden Sorumlu Bakan\u0131 Jean Leonetti, T\u00fcrkiye&#8217;nin 1915 olaylar\u0131yla ilgili Ermeni iddialar\u0131n\u0131 tan\u0131mas\u0131 \u00e7a\u011fr\u0131s\u0131nda bulundu.<\/p>\n<p style=\"text-align: justify;\">Frans\u0131z bakan, senato televizyon kanal\u0131na yapt\u0131\u011f\u0131 a\u00e7\u0131klamada, 1915 olaylar\u0131yla ilgili Ermeni iddialar\u0131n\u0131, T\u00fcrkiye&#8217;nin &#8220;tarihi olay&#8221;&#8216; olarak tan\u0131mas\u0131 gerekti\u011fini iddia etti.\u00a0<!--more--><\/p>\n<p style=\"text-align: justify;\">Frans\u0131z bakan, &#8220;Halklar, tarihlerine geri d\u00f6n\u00fcp bakma konusunda a\u00e7\u0131k g\u00f6r\u00fc\u015fl\u00fc ve cesur olmal\u0131. Ermeni soyk\u0131r\u0131m\u0131 yakla\u015f\u0131k 100 y\u0131l \u00f6nce ger\u00e7ekle\u015fti ve bunun sorumlular\u0131 da \u00f6ld\u00fc. Bu sadece T\u00fcrkiye taraf\u0131ndan tarihi bir olay\u0131n tan\u0131nmas\u0131ndan ibaret. B\u00fcy\u00fck halklar a\u00e7\u0131k g\u00f6r\u00fc\u015fl\u00fcl\u00fckle tarihlerine bakarlarsa daha sayg\u0131 kazanmazlar m\u0131&#8221; dedi.<\/p>\n<p style=\"text-align: justify;\">Jean Leonetti, yasa teklifinin, se\u00e7im ve oy kayg\u0131s\u0131yla g\u00fcndeme geldi\u011fi iddias\u0131naysa reddetti.<\/p>\n<p style=\"text-align: justify;\">&#8220;E\u011fer bu g\u00f6r\u00fc\u015f do\u011fru olsayd\u0131, Sosyalistler buna &#8216;evet&#8217; demezlerdi. Sosyalistler, iktidar partisinden bir milletvekilinin sunaca\u011f\u0131 yasa teklifine kabul edecek&#8221; diyen Leonetti, yasa teklifinin de do\u011frudan T\u00fcrkiye&#8217;yi hedef almad\u0131\u011f\u0131n\u0131 s\u00f6zlerine ekledi.<\/p>\n<p style=\"text-align: justify;\"><a href=\"http:\/\/www.cnnturk.com\/2011\/dunya\/12\/21\/fransiz.bakandan.ankaraya.cagri\/641411.0\/index.html\" target=\"_blank\">Kaynak : CNN T\u00dcRK<\/a><\/p>\n","protected":false},"excerpt":{"rendered":"<p style=\"text-align: center;\">\n<p style=\"text-align: justify;\">Fransa&#8217;n\u0131n Avrupa \u0130\u015flerinden Sorumlu Bakan\u0131 Jean Leonetti, T\u00fcrkiye&#8217;nin 1915 olaylar\u0131yla ilgili Ermeni iddialar\u0131n\u0131 tan\u0131mas\u0131 \u00e7a\u011fr\u0131s\u0131nda bulundu.<\/p>\n<p style=\"text-align: justify;\">Frans\u0131z bakan, senato televizyon kanal\u0131na yapt\u0131\u011f\u0131 a\u00e7\u0131klamada, 1915 olaylar\u0131yla ilgili Ermeni iddialar\u0131n\u0131, T\u00fcrkiye&#8217;nin &#8220;tarihi olay&#8221;&#8216; olarak tan\u0131mas\u0131 gerekti\u011fini iddia etti. <\/p>\n","protected":false},"author":1,"featured_media":0,"comment_status":"open","ping_status":"open","sticky":false,"template":"","format":"standard","meta":{"footnotes":""},"categories":[105],"tags":[],"class_list":["post-44617","post","type-post","status-publish","format-standard","hentry","category-gundem","odd"],"_links":{"self":[{"href":"http:\/\/www.korhanyilmaz.com\/index.php?rest_route=\/wp\/v2\/posts\/44617","targetHints":{"allow":["GET"]}}],"collection":[{"href":"http:\/\/www.korhanyilmaz.com\/index.php?rest_route=\/wp\/v2\/posts"}],"about":[{"href":"http:\/\/www.korhanyilmaz.com\/index.php?rest_route=\/wp\/v2\/types\/post"}],"author":[{"embeddable":true,"href":"http:\/\/www.korhanyilmaz.com\/index.php?rest_route=\/wp\/v2\/users\/1"}],"replies":[{"embeddable":true,"href":"http:\/\/www.korhanyilmaz.com\/index.php?rest_route=%2Fwp%2Fv2%2Fcomments&post=44617"}],"version-history":[{"count":0,"href":"http:\/\/www.korhanyilmaz.com\/index.php?rest_route=\/wp\/v2\/posts\/44617\/revisions"}],"wp:attachment":[{"href":"http:\/\/www.korhanyilmaz.com\/index.php?rest_route=%2Fwp%2Fv2%2Fmedia&parent=44617"}],"wp:term":[{"taxonomy":"category","embeddable":true,"href":"http:\/\/www.korhanyilmaz.com\/index.php?rest_route=%2Fwp%2Fv2%2Fcategories&post=44617"},{"taxonomy":"post_tag","embeddable":true,"href":"http:\/\/www.korhanyilmaz.com\/index.php?rest_route=%2Fwp%2Fv2%2Ftags&post=44617"}],"curies":[{"name":"wp","href":"https:\/\/api.w.org\/{rel}","templated":true}]}}