{"id":44608,"date":"2011-12-21T08:01:34","date_gmt":"2011-12-21T06:01:34","guid":{"rendered":"http:\/\/www.korhanyilmaz.com\/?p=44608"},"modified":"2011-12-21T13:23:53","modified_gmt":"2011-12-21T11:23:53","slug":"french-kiss","status":"publish","type":"post","link":"http:\/\/www.korhanyilmaz.com\/?p=44608","title":{"rendered":"French kiss"},"content":{"rendered":"<div id=\"attachment_37365\" style=\"width: 115px\" class=\"wp-caption alignright\"><img loading=\"lazy\" decoding=\"async\" aria-describedby=\"caption-attachment-37365\" class=\" wp-image-37365 \" title=\"Y\u0131lmaz \u00d6zdil - H\u00fcrriyet Gazetesi\" src=\"http:\/\/www.korhanyilmaz.com\/wp-content\/uploads\/2011\/07\/257.jpg\" alt=\"\" width=\"105\" height=\"112\" \/><p id=\"caption-attachment-37365\" class=\"wp-caption-text\">Y\u0131lmaz \u00d6zdil<\/p><\/div>\n<p style=\"text-align: justify;\">Neymi\u015f efendim&#8230;<\/p>\n<p style=\"text-align: justify;\">Fransa bize ak\u0131l \u00f6\u011fretece\u011fine, Cezayir\u2019de yapt\u0131klar\u0131na baks\u0131nm\u0131\u015f.<\/p>\n<p style=\"text-align: justify;\">*<\/p>\n<p style=\"text-align: justify;\">(Zizu, Cezayirli&#8230; Yezid Zeyn\u00fcddin bin \u0130smail Zidane yani&#8230; Fransa milli tak\u0131m\u0131n\u0131n kaptan\u0131yd\u0131. Cezayir milli tak\u0131m\u0131 desen, 17 futbolcusu zaten Frans\u0131z vatanda\u015f\u0131.)<\/p>\n<p style=\"text-align: justify;\">*<!--more--><\/p>\n<p style=\"text-align: justify;\">Alan raz\u0131.<\/p>\n<p style=\"text-align: justify;\">Veren raz\u0131.<\/p>\n<p style=\"text-align: justify;\">Sana ne taaa Cezayir\u2019den?<\/p>\n<p style=\"text-align: justify;\">Allah\u2019\u0131n sala\u011f\u0131.<\/p>\n<p style=\"text-align: justify;\">*<\/p>\n<p style=\"text-align: justify;\">Antep neden Gazi?<\/p>\n<p style=\"text-align: justify;\">Mara\u015f neden Kahraman?<\/p>\n<p style=\"text-align: justify;\">Urfa Neden \u015eanl\u0131?<\/p>\n<p style=\"text-align: justify;\">*<\/p>\n<p style=\"text-align: justify;\">Niye takt\u0131k bu s\u0131fatlar\u0131 bu \u015fehirlerimize? Kim silah zoruyla oturdu buralara daha d\u00fcn? Yedi C\u00fcceler mi? \u201cBiz soyk\u0131r\u0131mda yok olduk\u201d diyen Ermeniler, hangi \u00fclkenin askeri \u00fcniformas\u0131n\u0131 giyip, katliam\u0131n feri\u015ftah\u0131n\u0131 yapt\u0131 oralarda? S\u00fct\u00e7\u00fc \u0130mam\u2019\u0131 mand\u0131rac\u0131 filan m\u0131 zannediyorsun?<\/p>\n<p style=\"text-align: justify;\">*<\/p>\n<p style=\"text-align: justify;\">Frans\u0131z su\u00e7u ar\u0131yorsan&#8230;<\/p>\n<p style=\"text-align: justify;\">Antep kan\u0131t.<\/p>\n<p style=\"text-align: justify;\">Mara\u015f kan\u0131t.<\/p>\n<p style=\"text-align: justify;\">Urfa kan\u0131t.<\/p>\n<p style=\"text-align: justify;\">*<\/p>\n<p style=\"text-align: justify;\">\u0130lla tarihi ay\u0131p ar\u0131yorsan&#8230;<\/p>\n<p style=\"text-align: justify;\">Unutuyorsun!<\/p>\n<p style=\"text-align: justify;\">As\u0131l ay\u0131p bu.<\/p>\n<p style=\"text-align: justify;\">*<\/p>\n<p style=\"text-align: justify;\">(Yana yak\u0131la NATO\u2019nun askeri kanad\u0131na d\u00f6nmek isteyen Fransa\u2019y\u0131 veto etme hakk\u0131 varken, zart diye yolu a\u00e7an kim?)<\/p>\n<p style=\"text-align: justify;\">*<\/p>\n<p style=\"text-align: justify;\">(Bir milyon Ermeni\u2019yi do\u011frad\u0131k diyen Pamuk efendiyi, \u00c7ankaya K\u00f6\u015fk\u00fc\u2019ne t\u00f6renle davet edip, pamuklara saran kim?)<\/p>\n<p style=\"text-align: justify;\">*<\/p>\n<p style=\"text-align: justify;\">(Frans\u0131z i\u015fgali alt\u0131nda inim inim inleyen Gaziantep\u2019in Belediye Ba\u015fkan\u0131, bu rezalet ortaya \u00e7\u0131kana kadar Frans\u0131z mal\u0131 makam arac\u0131 kullan\u0131yordu&#8230; Hangi boykottan bahsediyorsun?)<\/p>\n<p style=\"text-align: justify;\">*<\/p>\n<p style=\"text-align: justify;\">Irz\u0131na ge\u00e7enle&#8230;<\/p>\n<p style=\"text-align: justify;\">Enseye tokat oluyorsun.<\/p>\n<p style=\"text-align: justify;\">Neticede ne bekliyorsun&#8230;<\/p>\n<p style=\"text-align: justify;\">Frans\u0131z \u00f6p\u00fcc\u00fc\u011f\u00fc m\u00fc?<\/p>\n<p style=\"text-align: justify;\"><a href=\"http:\/\/www.hurriyet.com.tr\/yazarlar\/19510187.asp\" target=\"_blank\">Kaynak : H\u00fcrriyet.com.tr<\/a><\/p>\n","protected":false},"excerpt":{"rendered":"<p id=\"caption-attachment-37365\" class=\"wp-caption-text\">Y\u0131lmaz \u00d6zdil<\/p>\n<p style=\"text-align: justify;\">Neymi\u015f efendim&#8230;<\/p>\n<p style=\"text-align: justify;\">Fransa bize ak\u0131l \u00f6\u011fretece\u011fine, Cezayir\u2019de yapt\u0131klar\u0131na baks\u0131nm\u0131\u015f.<\/p>\n<p style=\"text-align: justify;\">*<\/p>\n<p style=\"text-align: justify;\">(Zizu, Cezayirli&#8230; Yezid Zeyn\u00fcddin bin \u0130smail Zidane yani&#8230; Fransa milli tak\u0131m\u0131n\u0131n kaptan\u0131yd\u0131. Cezayir milli tak\u0131m\u0131 desen, 17 futbolcusu zaten Frans\u0131z vatanda\u015f\u0131.)<\/p>\n<p style=\"text-align: justify;\">*<\/p>\n","protected":false},"author":1,"featured_media":0,"comment_status":"open","ping_status":"open","sticky":false,"template":"","format":"standard","meta":{"footnotes":""},"categories":[16],"tags":[30],"class_list":["post-44608","post","type-post","status-publish","format-standard","hentry","category-kose-yazilari","tag-yilmaz-ozdil","odd"],"_links":{"self":[{"href":"http:\/\/www.korhanyilmaz.com\/index.php?rest_route=\/wp\/v2\/posts\/44608","targetHints":{"allow":["GET"]}}],"collection":[{"href":"http:\/\/www.korhanyilmaz.com\/index.php?rest_route=\/wp\/v2\/posts"}],"about":[{"href":"http:\/\/www.korhanyilmaz.com\/index.php?rest_route=\/wp\/v2\/types\/post"}],"author":[{"embeddable":true,"href":"http:\/\/www.korhanyilmaz.com\/index.php?rest_route=\/wp\/v2\/users\/1"}],"replies":[{"embeddable":true,"href":"http:\/\/www.korhanyilmaz.com\/index.php?rest_route=%2Fwp%2Fv2%2Fcomments&post=44608"}],"version-history":[{"count":0,"href":"http:\/\/www.korhanyilmaz.com\/index.php?rest_route=\/wp\/v2\/posts\/44608\/revisions"}],"wp:attachment":[{"href":"http:\/\/www.korhanyilmaz.com\/index.php?rest_route=%2Fwp%2Fv2%2Fmedia&parent=44608"}],"wp:term":[{"taxonomy":"category","embeddable":true,"href":"http:\/\/www.korhanyilmaz.com\/index.php?rest_route=%2Fwp%2Fv2%2Fcategories&post=44608"},{"taxonomy":"post_tag","embeddable":true,"href":"http:\/\/www.korhanyilmaz.com\/index.php?rest_route=%2Fwp%2Fv2%2Ftags&post=44608"}],"curies":[{"name":"wp","href":"https:\/\/api.w.org\/{rel}","templated":true}]}}