{"id":44603,"date":"2011-12-21T08:12:54","date_gmt":"2011-12-21T06:12:54","guid":{"rendered":"http:\/\/www.korhanyilmaz.com\/?p=44603"},"modified":"2011-12-21T10:41:04","modified_gmt":"2011-12-21T08:41:04","slug":"turkiyenin-dusmanca-yuzu","status":"publish","type":"post","link":"http:\/\/www.korhanyilmaz.com\/?p=44603","title":{"rendered":"&#8220;T\u00fcrkiye&#8217;nin d\u00fc\u015fmanca y\u00fcz\u00fc&#8230; &#8220;"},"content":{"rendered":"<p style=\"text-align: center;\">\n<p style=\"text-align: justify;\"><a href=\"http:\/\/www.korhanyilmaz.com\/wp-content\/uploads\/2011\/12\/86741.jpg\"  class=\"lightview\"><img loading=\"lazy\" decoding=\"async\" class=\"aligncenter size-full wp-image-44605\" title=\"\" src=\"http:\/\/www.korhanyilmaz.com\/wp-content\/uploads\/2011\/12\/86741.jpg\" alt=\"\" width=\"292\" height=\"199\" \/><\/a><\/p>\n<p style=\"text-align: justify;\">K\u0131br\u0131s Rum y\u00f6netiminin D\u0131\u015fi\u015fleri Bakan\u0131 Erato Kozaku Markulli, Rum y\u00f6netiminin Do\u011fu Akdeniz&#8217;deki sondaj \u00e7al\u0131\u015fmalar\u0131n\u0131n &#8220;yasal ve kendi egemenlik haklar\u0131na uygun&#8221; oldu\u011funu \u00f6ne s\u00fcrerek, T\u00fcrkiye&#8217;yi bu konuda kendilerine kar\u015f\u0131 &#8220;tehditkar&#8221; tav\u0131r izlemekle su\u00e7lad\u0131.\u00a0<!--more--><\/p>\n<p style=\"text-align: justify;\">ABD&#8217;deki d\u00fc\u015f\u00fcnce kurulu\u015fu Woodrow Wilson Merkezi&#8217;nde bir konu\u015fma yapan Markulli, &#8220;son 6 ay i\u00e7erisinde T\u00fcrkiye&#8217;nin yeni bir d\u00fc\u015fmanca y\u00fcz\u00fcne tan\u0131kl\u0131k ettiklerini&#8221; iddia etti.<\/p>\n<p style=\"text-align: justify;\">T\u00fcrkiye&#8217;nin KKTC ile petrol arama \u00e7al\u0131\u015fmalar\u0131n\u0131 &#8220;yasa d\u0131\u015f\u0131&#8221; olarak tan\u0131mlayan ve kendi egemenlik sahas\u0131n\u0131 ihlal etti\u011fini ileri s\u00fcren Markulli, T\u00fcrkiye&#8217;nin artan kendine g\u00fcveni ve ekonomik b\u00fcy\u00fcmesiyle &#8220;b\u00f6lge kabaday\u0131l\u0131\u011f\u0131na&#8221; soyundu\u011funu iddia etti.<\/p>\n<p style=\"text-align: justify;\">Markulli, T\u00fcrkiye&#8217;yi AB \u00fcyelik s\u00fcrecinde \u00fczerine d\u00fc\u015fenleri yerine getirmemekle ve AB&#8217;ye kendi kurallar\u0131n\u0131 dikte etmeye \u00e7al\u0131\u015fmakla su\u00e7larken,T\u00fcrkiye&#8217;nin t\u00fcm itirazlar\u0131na ra\u011fmen, K\u0131br\u0131s Rum y\u00f6netimi olarak AB d\u00f6nem ba\u015fkan\u0131 olacaklar\u0131n\u0131 s\u00f6yledi.<\/p>\n<p style=\"text-align: justify;\">KKTC ile yap\u0131lan m\u00fczakerelerde kritik konularda \u00f6nemli ilerlemelerin sa\u011flanamad\u0131\u011f\u0131n\u0131 savunan Markulli, bu konuda da KKTC y\u00f6netimini su\u00e7lad\u0131.<\/p>\n<p style=\"text-align: justify;\">Markulli,&#8221;Birlikte ya\u015famaktan ba\u015fka alternatifimiz yok&#8221; diyerek, birle\u015fmi\u015f bir K\u0131br\u0131s&#8217;\u0131n zenginlik ve refah a\u00e7\u0131s\u0131ndan muazzam geli\u015fmeler sa\u011flayabilece\u011fini, b\u00f6yle bir K\u0131br\u0131s ile T\u00fcrkiye&#8217;nin de hemen her sekt\u00f6rde i\u015fbirli\u011finden \u00e7ok fayd asa\u011flayabilece\u011fini kaydetti.<\/p>\n<p style=\"text-align: justify;\">Markulli&#8217;ye KKTC temsilcili\u011finden yan\u0131t<\/p>\n<p style=\"text-align: justify;\">Toplant\u0131n\u0131n soru-cevap b\u00f6l\u00fcm\u00fcnde s\u00f6z alan KKTC&#8217;nin Washington Temsilcili\u011fi&#8217;nden Mustafa Tun\u00e7, Markulli&#8217;yi, konu\u015fmas\u0131nda genel anlamda K\u0131br\u0131sl\u0131 Rumlar\u0131n bak\u0131\u015f a\u00e7\u0131s\u0131n\u0131 yans\u0131tmakla ele\u015ftirerek, &#8220;Bir K\u0131br\u0131sl\u0131 T\u00fcrk olarak biraz g\u00f6rmezden gelindi\u011fim hissine kap\u0131ld\u0131m&#8221; dedi.<\/p>\n<p style=\"text-align: justify;\">Tun\u00e7, &#8220;Konu\u015fman\u0131zda K\u0131br\u0131s Rum y\u00f6netiminin AB&#8217;ye kat\u0131l\u0131m\u0131n\u0131, aday\u0131 birle\u015ftirme iste\u011finizin motive etti\u011fini s\u00f6ylediniz, ama bu hususla alakal\u0131 olarakbir Annan plan\u0131 ve referandumu vard\u0131 ve K\u0131br\u0131sl\u0131 Rumlar bu birle\u015fme plan\u0131na &#8216;hay\u0131r&#8217; dedi. O d\u00f6nemde ben K\u0131br\u0131s&#8217;tayken bu bana biraz \u00e7eli\u015fkili g\u00f6r\u00fcnm\u00fc\u015ft\u00fc. \u015eu anda y\u00f6netiminiz, bu sefer bir bar\u0131\u015f ve birle\u015fme plan\u0131na &#8216;evet&#8217; demeleri i\u00e7in halk\u0131n\u0131 te\u015fvik ediyor mu? E\u011fer halk\u0131n\u0131z yine &#8216;hay\u0131r&#8217; der ve yine bir \u00e7\u00f6z\u00fcme varamazsak, AB d\u00f6nem ba\u015fkanl\u0131\u011f\u0131n\u0131z s\u0131ras\u0131nda, K\u0131br\u0131sl\u0131 T\u00fcrklerin dezavantajlar\u0131n\u0131 avantaja \u00e7evirme yolunda y\u00f6netiminizin plan\u0131 nedir?&#8221; diye sordu.<\/p>\n<p style=\"text-align: justify;\">Markulli ise cevab\u0131nda, &#8220;yeni bir anayasa haz\u0131rlamaya \u00e7al\u0131\u015ft\u0131klar\u0131n\u0131 ve her anayasan\u0131n halk taraf\u0131ndan yaz\u0131lmas\u0131 gerekti\u011fini ama Annan plan\u0131n\u0131n ba\u015fkalar\u0131 taraf\u0131ndan yaz\u0131l\u0131p, \u00e7\u00f6z\u00fcm\u00fc K\u0131br\u0131sl\u0131lara empoze etmeye \u00e7al\u0131\u015fan bir plan oldu\u011funu&#8221; savundu.<\/p>\n<p style=\"text-align: justify;\">Markulli&#8217;nin adan\u0131n kuzeyindeki kiliselerin tahrip edilip ya\u011fmaland\u0131\u011f\u0131na y\u00f6nelik s\u00f6zleri \u00fczerine tekrar s\u00f6z alan Tun\u00e7, kendisinin elinde de K\u0131br\u0131sl\u0131 T\u00fcrklere ait \u00e7ok say\u0131da terk edilmi\u015f mezarl\u0131\u011f\u0131n, tahrip edilmi\u015f camilerin resimleri bulundu\u011funu s\u00f6yledi.<\/p>\n<p style=\"text-align: justify;\">Tun\u00e7, madalyonun iki y\u00fcz\u00fcne de bakmak gerekti\u011fine dikkati \u00e7ekerek, &#8220;Bu konularda birbirimize sadece kendi pozisyonlar\u0131m\u0131z\u0131 aktarmak yerine, i\u015fbirli\u011fi yapmal\u0131y\u0131z. \u00c7\u00fcnk\u00fc e\u011fer birbirimizle bar\u0131\u015f\u0131k ya\u015famak istiyorsak, birbirimizin dini ve k\u00fclt\u00fcrel miras\u0131na sayg\u0131 g\u00f6stermeliyiz. Sadece Hristiyan k\u00fclt\u00fcrel miras\u0131n\u0131 de\u011fil, t\u00fcm k\u00fclt\u00fcrel miras\u0131 korumak hepimizin ortak sorumlulu\u011fu&#8221; dedi.<\/p>\n<p style=\"text-align: justify;\"><a href=\"http:\/\/www.cnnturk.com\/2011\/dunya\/12\/21\/turkiyenin.dusmanca.yuzu\/641341.0\/index.html\" target=\"_blank\">Kaynak : CNN T\u00dcRK<\/a><\/p>\n","protected":false},"excerpt":{"rendered":"<p style=\"text-align: center;\">\n<p style=\"text-align: justify;\">\n<p style=\"text-align: justify;\">K\u0131br\u0131s Rum y\u00f6netiminin D\u0131\u015fi\u015fleri Bakan\u0131 Erato Kozaku Markulli, Rum y\u00f6netiminin Do\u011fu Akdeniz&#8217;deki sondaj \u00e7al\u0131\u015fmalar\u0131n\u0131n &#8220;yasal ve kendi egemenlik haklar\u0131na uygun&#8221; oldu\u011funu \u00f6ne s\u00fcrerek, T\u00fcrkiye&#8217;yi bu konuda kendilerine kar\u015f\u0131 &#8220;tehditkar&#8221; tav\u0131r izlemekle su\u00e7lad\u0131. <\/p>\n","protected":false},"author":1,"featured_media":0,"comment_status":"open","ping_status":"open","sticky":false,"template":"","format":"standard","meta":{"footnotes":""},"categories":[105],"tags":[],"class_list":["post-44603","post","type-post","status-publish","format-standard","hentry","category-gundem","odd"],"_links":{"self":[{"href":"http:\/\/www.korhanyilmaz.com\/index.php?rest_route=\/wp\/v2\/posts\/44603","targetHints":{"allow":["GET"]}}],"collection":[{"href":"http:\/\/www.korhanyilmaz.com\/index.php?rest_route=\/wp\/v2\/posts"}],"about":[{"href":"http:\/\/www.korhanyilmaz.com\/index.php?rest_route=\/wp\/v2\/types\/post"}],"author":[{"embeddable":true,"href":"http:\/\/www.korhanyilmaz.com\/index.php?rest_route=\/wp\/v2\/users\/1"}],"replies":[{"embeddable":true,"href":"http:\/\/www.korhanyilmaz.com\/index.php?rest_route=%2Fwp%2Fv2%2Fcomments&post=44603"}],"version-history":[{"count":0,"href":"http:\/\/www.korhanyilmaz.com\/index.php?rest_route=\/wp\/v2\/posts\/44603\/revisions"}],"wp:attachment":[{"href":"http:\/\/www.korhanyilmaz.com\/index.php?rest_route=%2Fwp%2Fv2%2Fmedia&parent=44603"}],"wp:term":[{"taxonomy":"category","embeddable":true,"href":"http:\/\/www.korhanyilmaz.com\/index.php?rest_route=%2Fwp%2Fv2%2Fcategories&post=44603"},{"taxonomy":"post_tag","embeddable":true,"href":"http:\/\/www.korhanyilmaz.com\/index.php?rest_route=%2Fwp%2Fv2%2Ftags&post=44603"}],"curies":[{"name":"wp","href":"https:\/\/api.w.org\/{rel}","templated":true}]}}