{"id":44599,"date":"2011-12-20T11:37:33","date_gmt":"2011-12-20T09:37:33","guid":{"rendered":"http:\/\/www.korhanyilmaz.com\/?p=44599"},"modified":"2011-12-20T17:10:10","modified_gmt":"2011-12-20T15:10:10","slug":"vatandas-kacak-oranini-artik-gormeyecek","status":"publish","type":"post","link":"http:\/\/www.korhanyilmaz.com\/?p=44599","title":{"rendered":"Vatanda\u015f ka\u00e7ak oran\u0131n\u0131 art\u0131k g\u00f6rmeyecek"},"content":{"rendered":"<p style=\"text-align: center;\"><a href=\"http:\/\/www.korhanyilmaz.com\/wp-content\/uploads\/2011\/12\/8673.jpg\"  class=\"lightview\"><img loading=\"lazy\" decoding=\"async\" class=\"aligncenter  wp-image-44600\" src=\"http:\/\/www.korhanyilmaz.com\/wp-content\/uploads\/2011\/12\/8673.jpg\" alt=\"\" width=\"396\" height=\"180\" \/><\/a><\/p>\n<p style=\"text-align: justify;\">Enerji Piyasas\u0131 D\u00fczenleme Kurumu elektrik faturalar\u0131nda yeni bir d\u00fczenlemeye haz\u0131rlan\u0131yor.<\/p>\n<p style=\"text-align: justify;\">Halen elektrik faturalar\u0131, &#8221;Perakende sat\u0131\u015f bedeli, enerji nakil bedeli, TRT pay\u0131, Enerji Fonu, Belediye T\u00fcketim Vergisi ve Saya\u00e7 Okuma Bedeli&#8221; olmak \u00fczere 6 kalemden olu\u015fuyor.<!--more--><\/p>\n<p style=\"text-align: justify;\">EPDK, 2012 y\u0131l\u0131 ba\u015f\u0131ndan ge\u00e7erli olmak \u00fczere, faturalardaki s\u00f6z konusu detaylar\u0131 &#8221;Enerji bedeli, nakil bedeli, vergi ve fonlar&#8221; olmak \u00fczere 3 ba\u015fl\u0131k alt\u0131nda toplamay\u0131 planl\u0131yor. B\u00f6ylece, TRT pay\u0131, kay\u0131p-ka\u00e7ak bedeli gibi detaylar faturalarda ayr\u0131 ayr\u0131 g\u00f6sterilmeyecek, &#8221;enerji bedeli&#8221; ad\u0131 alt\u0131nda toplanacak. Konu, bug\u00fcn toplanacak kurulun g\u00fcndeminde yer alacak.<\/p>\n<p style=\"text-align: justify;\">Kay\u0131p-ka\u00e7ak ve TRT pay\u0131n\u0131n bu y\u0131l\u0131n \u015fubat ay\u0131ndan itibaren faturalarda detayl\u0131 olarak yaz\u0131lmas\u0131yla kamuoyunda tart\u0131\u015fma ba\u015flam\u0131\u015f ve baz\u0131 t\u00fcketici dernekleri kay\u0131p-ka\u00e7ak bedellerinin t\u00fcketiciler taraf\u0131ndan \u00f6denmemesi i\u00e7in dava a\u00e7m\u0131\u015ft\u0131.<\/p>\n<p style=\"text-align: justify;\"><a href=\"http:\/\/www.gazeteport.com.tr\/haber\/69282\/vatandas_kacak_oranini_artik_gormeyecek\">Kaynak : GAZETEPORT<\/a><\/p>\n","protected":false},"excerpt":{"rendered":"<p style=\"text-align: center;\">\n<p style=\"text-align: justify;\">Enerji Piyasas\u0131 D\u00fczenleme Kurumu elektrik faturalar\u0131nda yeni bir d\u00fczenlemeye haz\u0131rlan\u0131yor.<\/p>\n<p style=\"text-align: justify;\">Halen elektrik faturalar\u0131, &#8221;Perakende sat\u0131\u015f bedeli, enerji nakil bedeli, TRT pay\u0131, Enerji Fonu, Belediye T\u00fcketim Vergisi ve Saya\u00e7 Okuma Bedeli&#8221; olmak \u00fczere 6 kalemden olu\u015fuyor.<\/p>\n","protected":false},"author":1,"featured_media":0,"comment_status":"open","ping_status":"open","sticky":false,"template":"","format":"standard","meta":{"footnotes":""},"categories":[7],"tags":[],"class_list":["post-44599","post","type-post","status-publish","format-standard","hentry","category-ekonomi","odd"],"_links":{"self":[{"href":"http:\/\/www.korhanyilmaz.com\/index.php?rest_route=\/wp\/v2\/posts\/44599","targetHints":{"allow":["GET"]}}],"collection":[{"href":"http:\/\/www.korhanyilmaz.com\/index.php?rest_route=\/wp\/v2\/posts"}],"about":[{"href":"http:\/\/www.korhanyilmaz.com\/index.php?rest_route=\/wp\/v2\/types\/post"}],"author":[{"embeddable":true,"href":"http:\/\/www.korhanyilmaz.com\/index.php?rest_route=\/wp\/v2\/users\/1"}],"replies":[{"embeddable":true,"href":"http:\/\/www.korhanyilmaz.com\/index.php?rest_route=%2Fwp%2Fv2%2Fcomments&post=44599"}],"version-history":[{"count":0,"href":"http:\/\/www.korhanyilmaz.com\/index.php?rest_route=\/wp\/v2\/posts\/44599\/revisions"}],"wp:attachment":[{"href":"http:\/\/www.korhanyilmaz.com\/index.php?rest_route=%2Fwp%2Fv2%2Fmedia&parent=44599"}],"wp:term":[{"taxonomy":"category","embeddable":true,"href":"http:\/\/www.korhanyilmaz.com\/index.php?rest_route=%2Fwp%2Fv2%2Fcategories&post=44599"},{"taxonomy":"post_tag","embeddable":true,"href":"http:\/\/www.korhanyilmaz.com\/index.php?rest_route=%2Fwp%2Fv2%2Ftags&post=44599"}],"curies":[{"name":"wp","href":"https:\/\/api.w.org\/{rel}","templated":true}]}}