{"id":44588,"date":"2011-12-20T13:13:15","date_gmt":"2011-12-20T11:13:15","guid":{"rendered":"http:\/\/www.korhanyilmaz.com\/?p=44588"},"modified":"2011-12-20T14:17:37","modified_gmt":"2011-12-20T12:17:37","slug":"soykirim-yasasi-parlamento-gundeminde","status":"publish","type":"post","link":"http:\/\/www.korhanyilmaz.com\/?p=44588","title":{"rendered":"&#8220;Soyk\u0131r\u0131m&#8221; yasas\u0131 parlamento g\u00fcndeminde"},"content":{"rendered":"<p style=\"text-align: center;\"><a href=\"http:\/\/www.korhanyilmaz.com\/wp-content\/uploads\/2011\/12\/8671.jpg\"  class=\"lightview\"><img loading=\"lazy\" decoding=\"async\" class=\"aligncenter  wp-image-44589\" src=\"http:\/\/www.korhanyilmaz.com\/wp-content\/uploads\/2011\/12\/8671.jpg\" alt=\"\" width=\"324\" height=\"206\" \/><\/a><\/p>\n<p style=\"text-align: justify;\">Kamuoyunda &#8220;soyk\u0131r\u0131m\u0131 inkar yasas\u0131&#8221; olarak bilinen ve 1915 olaylar\u0131yla ilgili Ermeni iddialar\u0131n\u0131n reddedilmesini su\u00e7 sayan yasa teklifi, Frans\u0131z parlamentosunun g\u00fcndemine al\u0131nd\u0131.<\/p>\n<p style=\"text-align: justify;\">Anadolu Ajans\u0131&#8217;n\u0131n haberine g\u00f6re, Frans\u0131z h\u00fck\u00fcmeti, bug\u00fcn ger\u00e7ekle\u015ftirilen meclis ba\u015fkanl\u0131k divan\u0131 toplant\u0131s\u0131nda, T\u00fcrkiye&#8217;nin sert tepkisine neden olan tart\u0131\u015fmal\u0131 yasa teklifinin g\u00fcndeme al\u0131nmas\u0131na itiraz etmedi.\u00a0<!--more--><\/p>\n<p style=\"text-align: justify;\">H\u00fck\u00fcmetin tasar\u0131n\u0131n g\u00fcndeme al\u0131nmas\u0131na itiraz etmemesiyle yasa tasar\u0131s\u0131n\u0131n Per\u015fembe g\u00fcn\u00fc parlamento genel kurulunda oylamaya sunulmas\u0131 kesinle\u015fti.<\/p>\n<p style=\"text-align: justify;\">\u0130ktidardaki Halk Hareketi Birli\u011fi (UMP) Marsilya milletvekili Valerie Boyer taraf\u0131ndan haz\u0131rlanan ve Fransa meclisindeki yasalar komisyonunda ge\u00e7en hafta kabul edilen yasa teklifinde, \u201cFrans\u0131z yasalar\u0131 taraf\u0131ndan tan\u0131nan soyk\u0131r\u0131mlar\u0131n inkar\u0131, bir y\u0131l ile 45 bin euro para cezas\u0131na \u00e7arpt\u0131r\u0131l\u0131r\u201d ifadesi yer al\u0131yor.<\/p>\n<p style=\"text-align: justify;\">Fransa parlamentosu, 29 Ocak 2001 tarihinde, \u201cFransa, 1915 y\u0131l\u0131ndaki Ermeni soyk\u0131r\u0131m\u0131n\u0131 tan\u0131r\u201d ifadesini i\u00e7eren bir yasay\u0131 onaylam\u0131\u015ft\u0131.<\/p>\n<p style=\"text-align: justify;\"><a href=\"http:\/\/www.hurriyet.com.tr\/planet\/19505761.asp\" target=\"_blank\">Kaynak : H\u00fcrriyet.com.tr<\/a><\/p>\n","protected":false},"excerpt":{"rendered":"<p style=\"text-align: center;\">\n<p style=\"text-align: justify;\">Kamuoyunda &#8220;soyk\u0131r\u0131m\u0131 inkar yasas\u0131&#8221; olarak bilinen ve 1915 olaylar\u0131yla ilgili Ermeni iddialar\u0131n\u0131n reddedilmesini su\u00e7 sayan yasa teklifi, Frans\u0131z parlamentosunun g\u00fcndemine al\u0131nd\u0131.<\/p>\n<p style=\"text-align: justify;\">Anadolu Ajans\u0131&#8217;n\u0131n haberine g\u00f6re, Frans\u0131z h\u00fck\u00fcmeti, bug\u00fcn ger\u00e7ekle\u015ftirilen meclis ba\u015fkanl\u0131k divan\u0131 toplant\u0131s\u0131nda, T\u00fcrkiye&#8217;nin sert tepkisine neden olan tart\u0131\u015fmal\u0131 yasa teklifinin g\u00fcndeme al\u0131nmas\u0131na itiraz etmedi. <\/p>\n","protected":false},"author":1,"featured_media":0,"comment_status":"open","ping_status":"open","sticky":false,"template":"","format":"standard","meta":{"footnotes":""},"categories":[105],"tags":[],"class_list":["post-44588","post","type-post","status-publish","format-standard","hentry","category-gundem","odd"],"_links":{"self":[{"href":"http:\/\/www.korhanyilmaz.com\/index.php?rest_route=\/wp\/v2\/posts\/44588","targetHints":{"allow":["GET"]}}],"collection":[{"href":"http:\/\/www.korhanyilmaz.com\/index.php?rest_route=\/wp\/v2\/posts"}],"about":[{"href":"http:\/\/www.korhanyilmaz.com\/index.php?rest_route=\/wp\/v2\/types\/post"}],"author":[{"embeddable":true,"href":"http:\/\/www.korhanyilmaz.com\/index.php?rest_route=\/wp\/v2\/users\/1"}],"replies":[{"embeddable":true,"href":"http:\/\/www.korhanyilmaz.com\/index.php?rest_route=%2Fwp%2Fv2%2Fcomments&post=44588"}],"version-history":[{"count":0,"href":"http:\/\/www.korhanyilmaz.com\/index.php?rest_route=\/wp\/v2\/posts\/44588\/revisions"}],"wp:attachment":[{"href":"http:\/\/www.korhanyilmaz.com\/index.php?rest_route=%2Fwp%2Fv2%2Fmedia&parent=44588"}],"wp:term":[{"taxonomy":"category","embeddable":true,"href":"http:\/\/www.korhanyilmaz.com\/index.php?rest_route=%2Fwp%2Fv2%2Fcategories&post=44588"},{"taxonomy":"post_tag","embeddable":true,"href":"http:\/\/www.korhanyilmaz.com\/index.php?rest_route=%2Fwp%2Fv2%2Ftags&post=44588"}],"curies":[{"name":"wp","href":"https:\/\/api.w.org\/{rel}","templated":true}]}}