{"id":44583,"date":"2011-12-20T13:42:17","date_gmt":"2011-12-20T11:42:17","guid":{"rendered":"http:\/\/www.korhanyilmaz.com\/?p=44583"},"modified":"2011-12-20T14:03:42","modified_gmt":"2011-12-20T12:03:42","slug":"chpli-belediyelerden-basbakana-5er-bin-liralik-dava","status":"publish","type":"post","link":"http:\/\/www.korhanyilmaz.com\/?p=44583","title":{"rendered":"CHP&#8217;li belediyelerden Ba\u015fbakan&#8217;a 5&#8217;er bin liral\u0131k dava"},"content":{"rendered":"<p style=\"text-align: center;\"><a href=\"http:\/\/www.korhanyilmaz.com\/wp-content\/uploads\/2011\/12\/8670.jpg\"  class=\"lightview\"><img loading=\"lazy\" decoding=\"async\" class=\"aligncenter  wp-image-44584\" src=\"http:\/\/www.korhanyilmaz.com\/wp-content\/uploads\/2011\/12\/8670.jpg\" alt=\"\" width=\"288\" height=\"193\" \/><\/a><\/p>\n<p style=\"text-align: justify;\">CHP&#8217;nin t\u00fcm illerdeki b\u00fcy\u00fck\u015fehir, il ve il\u00e7e belediye ba\u015fkanlar\u0131, Ba\u015fbakan Recep Tayyip Erdo\u011fan&#8217;a 5&#8217;er bin TL&#8217;lik manevi tazminat davas\u0131 a\u00e7maya haz\u0131rlan\u0131yor.<\/p>\n<p style=\"text-align: justify;\">\u0130ZM\u0130R &#8211; Genel Merkez taraf\u0131ndan il\u00e7e ve b\u00fcy\u00fck\u015fehir belediyelerine g\u00f6nderilen genelgede, \u201cT\u00fcm b\u00fcy\u00fck\u015fehir, il ve il\u00e7e belediyelerimizin, \u00f6rnek dava dilek\u00e7esinin bo\u015f yerleri doldurarak 5 bin TL\u2019lik manevi tazminat davas\u0131n\u0131 ivedilikle a\u00e7mas\u0131n\u0131 rica ederiz\u201d denildi.\u00a0<!--more--><\/p>\n<p style=\"text-align: justify;\">Ba\u015fbakan Recep Tayyip Erdo\u011fan\u2019\u0131n, \u201cCHP\u2019li ve BDP\u2019li belediyelerin Alman Vak\u0131flar\u0131 \u00fczerinden PKK\u2019ya yard\u0131m ettikleri\u201d iddias\u0131 daval\u0131k oluyor. Erdo\u011fan\u2019\u0131n bu \u00e7\u0131k\u0131\u015f\u0131 sonras\u0131 CHP Genel Ba\u015fkan\u0131 Kemal K\u0131l\u0131\u00e7daro\u011flu, Ba\u015fbakan&#8217;\u0131 iddialar\u0131n\u0131 kan\u0131tlamaya davet etmi\u015f, aksi halde CHP\u2019li belediyelerin hakk\u0131nda tazminat davas\u0131 a\u00e7aca\u011f\u0131n\u0131 a\u00e7\u0131klam\u0131\u015ft\u0131.<\/p>\n<p style=\"text-align: justify;\">CHP Genel Merkezi, Ba\u015fbakan Erdo\u011fan\u2019\u0131n bu konudaki iddialar\u0131n\u0131 kan\u0131tlayamad\u0131\u011f\u0131n\u0131 \u00f6ne s\u00fcrerek partili b\u00fcy\u00fck\u015fehir, il ve il\u00e7e belediyelerine birer yaz\u0131 g\u00f6ndererek 5\u2019er bin TL\u2019lik manevi tazminat davas\u0131 a\u00e7malar\u0131 y\u00f6n\u00fcnde talimat verdi. Belediyelere genelgenin yan\u0131nda bir de \u00f6rnek dava dilek\u00e7esi g\u00f6nderildi.<\/p>\n<p style=\"text-align: justify;\"><strong>\u0130\u015eTE O GENELGE\u00a0<\/strong><\/p>\n<p style=\"text-align: justify;\">CHP Genel Ba\u015fkan Yard\u0131mc\u0131lar\u0131 G\u00f6khan G\u00fcnayd\u0131n ve Atila Emek imzal\u0131 genelgede \u015fu ifadeler yerald\u0131:<\/p>\n<p style=\"text-align: justify;\">\u201cBilindi\u011fi \u00fczere Ba\u015fbakan Recep Tayip Erdo\u011fan\u2019\u0131n, &#8216;CHP\u2019li belediyelerin Alman Vak\u0131flar\u0131yla kredi s\u00f6zle\u015fmesi yapt\u0131klar\u0131, s\u00f6zle\u015fme kapsam\u0131nda i\u015f verdikleri m\u00fcteahhitler arac\u0131l\u0131\u011f\u0131 ile PKK\u2019ya para aktard\u0131klar\u0131&#8217; yolundaki iddialar\u0131 2 Ekim 2011 tarihli gazetelerde geni\u015f oranda yer bulmu\u015ftur. Ayn\u0131 g\u00fcn Genel Merkezimizde yap\u0131lan bas\u0131n toplant\u0131s\u0131nda, hi\u00e7bir CHP\u2019li belediyenin Alman Vak\u0131flar\u0131ndan kredi almad\u0131\u011f\u0131, dolay\u0131s\u0131yla kredi al\u0131n\u0131p ter\u00f6r \u00f6rg\u00fct\u00fcne para aktar\u0131ld\u0131\u011f\u0131 iddias\u0131n\u0131n iftira niteli\u011finde oldu\u011fu ifade edilmi\u015f ve Ba\u015fbakan iddialar\u0131n\u0131 kan\u0131tlanmaya davet edilmi\u015ftir. Genel Ba\u015fkan\u0131m\u0131zdan da Ba\u015fbakan\u2019\u0131n CHP\u2019li belediyelerden \u00f6z\u00fcr dilememesi ya da iddialar\u0131 kan\u0131tlayamamas\u0131 durumunda, belediyelerimizin tazminat davalar\u0131 a\u00e7aca\u011f\u0131 kamuoyuna duyurulmu\u015ftur. Aradan ge\u00e7en zaman diliminde ne \u00f6z\u00fcr dilenmi\u015f ne de bir kan\u0131t g\u00f6sterilmi\u015ftir. Bu \u00e7er\u00e7evede konu ile ilgili olarak haz\u0131rlanan \u00f6rnek dava dilek\u00e7esi ekte iletilmektedir. Yaz\u0131m\u0131z\u0131n al\u0131nmas\u0131yla birlikte t\u00fcm B\u00fcy\u00fck\u015fehir, il ve il\u00e7e belediyelerimizin, \u00f6rnek dava dilek\u00e7esinin bo\u015f yerlerini doldurarak 5 bin TL\u2019lik manevi tazminat davas\u0131n\u0131 ivedilikle a\u00e7mas\u0131 ve sonu\u00e7tan Genel Merkezimiz yerel y\u00f6netimler birimine haber vermelerini \u00f6nemle rica ederiz.\u201d<\/p>\n<p style=\"text-align: justify;\"><strong>\u00d6rnek dilek\u00e7e de g\u00f6nderildi\u00a0<\/strong><\/p>\n<p style=\"text-align: justify;\">CHP\u2019li belediyelere \u00f6rnek dava dilek\u00e7esi de g\u00f6nderildi. &#8220;N\u00f6bet\u00e7i Asliye Hukuk Mahkemesi\u2019ne\u201d diye ba\u015flayan, davac\u0131 ad\u0131n\u0131n bo\u015f b\u0131rak\u0131ld\u0131\u011f\u0131 dilek\u00e7ede \u015f\u00f6yle denildi:<\/p>\n<p style=\"text-align: justify;\">\u201cDaval\u0131 bu a\u00e7\u0131klamay\u0131, devletin b\u00fct\u00fcn bilgi, belge ve istihbarat bilgilerinin, faaliyetlerinin ba\u011fl\u0131 oldu\u011fu Ba\u015fbakanl\u0131k g\u00f6revini s\u00fcrd\u00fcr\u00fcrken yapm\u0131\u015ft\u0131r. Ba\u015fbakanl\u0131k g\u00f6revini yerine getiren bir ki\u015finin bu g\u00f6revinin gerektirdi\u011fi sorumluluk ve hassasiyet i\u00e7inde davranarak, elinde bilgi ve belge olmaks\u0131z\u0131n a\u011f\u0131r cezada yarg\u0131lanmay\u0131 gerektirir bir su\u00e7la ilgili isnatta bulunmayaca\u011f\u0131 ulusal ve uluslararas\u0131 kamuoyunun kabul ve beklentisidir. Bu kabul ve beklentinin sonucu olarak daval\u0131n\u0131n yapm\u0131\u015f oldu\u011fu a\u00e7\u0131klama ve su\u00e7laman\u0131n ger\u00e7ekli\u011fi konusunda ciddi intibalar\u0131n olu\u015fmas\u0131na neden olmu\u015ftur. Daval\u0131 a\u00e7\u0131klamalar\u0131nda \u201cCHP\u2019li belediye\u201d tabirini kullanarak belediyenin CHP\u2019li ba\u015fkanlar taraf\u0131ndan y\u00f6netiliyor olmas\u0131na dikkat \u00e7ekmi\u015ftir. Bu vurgusu ile belediyenin CHP\u2019li kimli\u011fini hedef alm\u0131\u015ft\u0131r. Daval\u0131n\u0131n bas\u0131na yapt\u0131\u011f\u0131 a\u00e7\u0131klamalarda yer alan isnatlar maddi dayanaktan yoksun afaki, salt davac\u0131y\u0131 ve ayn\u0131 durumdaki s\u0131n\u0131rl\u0131 say\u0131daki di\u011fer belediye ba\u015fkanlar\u0131n\u0131 zan alt\u0131nda b\u0131rakmak ve kamuoyu nezdinde y\u0131pratmak amac\u0131yla ortaya konulmu\u015f isnatlard\u0131r. Davac\u0131n\u0131n a\u00e7\u0131klamalar\u0131nda yer alan davaya konu isnatlar t\u00fcm\u00fcyle haks\u0131z, hukuka ayk\u0131r\u0131 ve k\u00f6t\u00fc niyetlidir. Bas\u0131n yolu ile b\u00fct\u00fcn toplumun \u00f6n\u00fcnde sarf edilen bu a\u011f\u0131r isnatlar kesinlikle siyasi ele\u015ftiri ve d\u00fc\u015f\u00fcnce a\u00e7\u0131klamas\u0131 kapsam\u0131nda de\u011ferlendirilemez..\u201d<\/p>\n<p style=\"text-align: justify;\">\u201c&#8230;Daval\u0131n\u0131n bu haks\u0131z isnat ve sald\u0131r\u0131s\u0131n\u0131n, davac\u0131n\u0131n manevi d\u00fcnyas\u0131nda yaratt\u0131\u011f\u0131 b\u00fcy\u00fck olumsuz etkilerin t\u00fcm\u00fcyle giderilmesi olanaks\u0131zd\u0131r. Ancak buna ra\u011fmen bir nebze bu etkilerin giderilmesi i\u00e7in 5 bin TL manevi tazminat\u0131n daval\u0131 yandan al\u0131narak davac\u0131ya \u00f6denmesini talep ediyoruz.\u201d<\/p>\n<p style=\"text-align: justify;\"><a href=\"http:\/\/www.radikal.com.tr\/Radikal.aspx?aType=RadikalDetayV3&amp;ArticleID=1073071&amp;Date=20.12.2011&amp;CategoryID=78\">Kaynak : Radikal.com.tr<\/a><\/p>\n","protected":false},"excerpt":{"rendered":"<p style=\"text-align: center;\">\n<p style=\"text-align: justify;\">CHP&#8217;nin t\u00fcm illerdeki b\u00fcy\u00fck\u015fehir, il ve il\u00e7e belediye ba\u015fkanlar\u0131, Ba\u015fbakan Recep Tayyip Erdo\u011fan&#8217;a 5&#8217;er bin TL&#8217;lik manevi tazminat davas\u0131 a\u00e7maya haz\u0131rlan\u0131yor.<\/p>\n<p style=\"text-align: justify;\">\u0130ZM\u0130R &#8211; Genel Merkez taraf\u0131ndan il\u00e7e ve b\u00fcy\u00fck\u015fehir belediyelerine g\u00f6nderilen genelgede, \u201cT\u00fcm b\u00fcy\u00fck\u015fehir, il ve il\u00e7e belediyelerimizin, \u00f6rnek dava dilek\u00e7esinin bo\u015f yerleri doldurarak 5 bin TL\u2019lik manevi <\/p>\n","protected":false},"author":1,"featured_media":0,"comment_status":"open","ping_status":"open","sticky":false,"template":"","format":"standard","meta":{"footnotes":""},"categories":[105],"tags":[],"class_list":["post-44583","post","type-post","status-publish","format-standard","hentry","category-gundem","odd"],"_links":{"self":[{"href":"http:\/\/www.korhanyilmaz.com\/index.php?rest_route=\/wp\/v2\/posts\/44583","targetHints":{"allow":["GET"]}}],"collection":[{"href":"http:\/\/www.korhanyilmaz.com\/index.php?rest_route=\/wp\/v2\/posts"}],"about":[{"href":"http:\/\/www.korhanyilmaz.com\/index.php?rest_route=\/wp\/v2\/types\/post"}],"author":[{"embeddable":true,"href":"http:\/\/www.korhanyilmaz.com\/index.php?rest_route=\/wp\/v2\/users\/1"}],"replies":[{"embeddable":true,"href":"http:\/\/www.korhanyilmaz.com\/index.php?rest_route=%2Fwp%2Fv2%2Fcomments&post=44583"}],"version-history":[{"count":0,"href":"http:\/\/www.korhanyilmaz.com\/index.php?rest_route=\/wp\/v2\/posts\/44583\/revisions"}],"wp:attachment":[{"href":"http:\/\/www.korhanyilmaz.com\/index.php?rest_route=%2Fwp%2Fv2%2Fmedia&parent=44583"}],"wp:term":[{"taxonomy":"category","embeddable":true,"href":"http:\/\/www.korhanyilmaz.com\/index.php?rest_route=%2Fwp%2Fv2%2Fcategories&post=44583"},{"taxonomy":"post_tag","embeddable":true,"href":"http:\/\/www.korhanyilmaz.com\/index.php?rest_route=%2Fwp%2Fv2%2Ftags&post=44583"}],"curies":[{"name":"wp","href":"https:\/\/api.w.org\/{rel}","templated":true}]}}