{"id":44569,"date":"2011-12-20T10:05:05","date_gmt":"2011-12-20T08:05:05","guid":{"rendered":"http:\/\/www.korhanyilmaz.com\/?p=44569"},"modified":"2011-12-20T13:12:06","modified_gmt":"2011-12-20T11:12:06","slug":"akpye-ilginc-gonderme","status":"publish","type":"post","link":"http:\/\/www.korhanyilmaz.com\/?p=44569","title":{"rendered":"AKP&#8217;ye ilgin\u00e7 g\u00f6nderme"},"content":{"rendered":"<p style=\"text-align: center;\"><a href=\"http:\/\/www.korhanyilmaz.com\/wp-content\/uploads\/2011\/12\/8667.jpg\"  class=\"lightview\"><img loading=\"lazy\" decoding=\"async\" class=\"aligncenter  wp-image-44571\" src=\"http:\/\/www.korhanyilmaz.com\/wp-content\/uploads\/2011\/12\/8667.jpg\" alt=\"\" width=\"293\" height=\"210\" \/><\/a><\/p>\n<p style=\"text-align: justify;\">Abd\u00fcllatif \u015eener, &#8221;Siyasete Ak Parti&#8217;de neden devam etmedi\u011fi&#8221; y\u00f6n\u00fcndeki soruya AKP&#8217;lileri k\u0131zd\u0131racak bir benzetmeyle yan\u0131t verdi.<\/p>\n<p style=\"text-align: justify;\">\u0130ZM\u0130R &#8211; T\u00fcrkiye Partisi Lideri Abd\u00fcllatif \u015eener, &#8221;Siyasete Ak Parti&#8217;de neden devam etmedi\u011fi&#8221; y\u00f6n\u00fcndeki soruya &#8216;E\u011fer ayakta kalmak, g\u00fc\u00e7 sahibi olmak hakl\u0131l\u0131\u011f\u0131, zay\u0131f d\u00fc\u015fmek veya yok olmak haks\u0131zl\u0131\u011f\u0131 g\u00f6steriyor olsayd\u0131 Yezid&#8217;i hakl\u0131, Hazreti H\u00fcseyin&#8217;i haks\u0131z g\u00f6rmemiz gerekirdi&#8217; yan\u0131t\u0131n\u0131 verdi.\u00a0<!--more--><\/p>\n<p style=\"text-align: justify;\">T\u00fcrkiye Partisi \u0130zmir \u0130l Ba\u015fkanl\u0131\u011f\u0131 taraf\u0131ndan Fuar Anemon Otel\u2019de d\u00fczenlenen s\u00f6yle\u015fiye kat\u0131lan Genel Ba\u015fkan Abd\u00fcllatif \u015eener, iktidar partisine \u0130zmir\u2019den y\u00fcklendi.<\/p>\n<p style=\"text-align: justify;\">Ge\u00e7mi\u015f d\u00f6nemde Ba\u015fbakan Yard\u0131mc\u0131l\u0131\u011f\u0131 ve Maliye Bakanl\u0131\u011f\u0131 yapt\u0131\u011f\u0131 eski partisine y\u00f6nelik \u00f6zellikle d\u0131\u015f politika, ekonomi ve demokrasi konusunda sert ele\u015ftiriler y\u00f6nelten \u015eener, AK Parti\u2019nin bug\u00fcnk\u00fc g\u00fcc\u00fcne ve kendisinin bu partiden ayr\u0131ld\u0131\u011f\u0131na i\u015faret edilmesi \u00fczerine \u00e7arp\u0131c\u0131 yan\u0131tlar verdi.<\/p>\n<p style=\"text-align: justify;\"><strong>DO\u011eRUNUN \u00d6L\u00c7\u00dcS\u00dc \u0130KT\u0130DAR DE\u011e\u0130LD\u0130R<\/strong><\/p>\n<p style=\"text-align: justify;\">&#8220;Bu eskimi\u015f bir hikaye&#8221; diyen \u015eener, kendisine pek \u00e7ok kez &#8220;B\u00f6ylesine bir g\u00fc\u00e7 merkezini niye b\u0131rakt\u0131n? Pi\u015fman m\u0131s\u0131n?&#8221; sorular\u0131n\u0131n s\u0131k s\u0131k soruldu\u011funu belirtti ve bu sorular\u0131 soranlar\u0131n &#8220;istikametin ve pozisyonun do\u011fru olup olmad\u0131\u011f\u0131n\u0131&#8221; sormad\u0131\u011f\u0131n\u0131 \u00fcz\u00fclerek g\u00f6rd\u00fc\u011f\u00fcn\u00fc ifade etti. \u015eener, s\u00f6zlerini \u015f\u00f6yle s\u00fcrd\u00fcrd\u00fc:<\/p>\n<p style=\"text-align: justify;\">&#8220;Siz de \u2018\u0130yi yapt\u0131m diyor musunuz\u2019 diye sordunuz. Elbette iyi yapt\u0131m. Bulundu\u011fum nokta, \u00fclkem ad\u0131na da kendi ad\u0131ma da do\u011fru noktad\u0131r. Bir yerin do\u011fru veya yanl\u0131\u015f oldu\u011funu g\u00fcc\u00fcyle \u00f6l\u00e7emezsiniz. Do\u011frunun \u00f6l\u00e7\u00fcs\u00fc g\u00fc\u00e7 de\u011fildir. Do\u011frunun \u00f6l\u00e7\u00fcs\u00fc iktidara ula\u015fm\u0131\u015f olmak da de\u011fildir. Se\u00e7im sonu\u00e7lar\u0131 da de\u011fildir. Se\u00e7im sonu\u00e7lar\u0131 sadece \u00fclkedeki erklerin hangi organizasyon taraf\u0131ndan kullan\u0131laca\u011f\u0131n\u0131 belirler. Yoksa hakl\u0131y\u0131 haks\u0131z\u0131 belirlemez. \u00c7\u00fcnk\u00fc se\u00e7imler bir mahkeme de\u011fildir. E\u011fer ayakta kalmak, g\u00fc\u00e7 sahibi olmak hakl\u0131l\u0131\u011f\u0131; zay\u0131f d\u00fc\u015fmek veya yok olmak haks\u0131zl\u0131\u011f\u0131 g\u00f6steriyor olsayd\u0131 Yezid\u2019i hakl\u0131, Hazreti H\u00fcseyin\u2019i haks\u0131z g\u00f6rmemiz gerekirdi. Ama kamu vicdan\u0131 da yery\u00fcz\u00fcndeki 1.5 milyar M\u00fcsl\u00fcman\u0131n duygular\u0131, d\u00fc\u015f\u00fcnceleri, vicdan\u0131 der ki; Hz. H\u00fcseyin do\u011fruyu temsil ediyordu, Yezid\u2019in \u00e7izgisi yanl\u0131\u015ft\u0131r.&#8221;<\/p>\n<p style=\"text-align: justify;\"><strong>H\u0130TLER \u0130LE G\u00d6NDERME YAPTI<\/strong><\/p>\n<p style=\"text-align: justify;\">Son g\u00fcnlerde dini kaynaklardan referans kullan\u0131lmas\u0131na da g\u00f6ndermede bulunan \u015eener, &#8220;\u015eimdi dini kaynaklardan referans kullanan pek \u00e7ok ki\u015fi, ayd\u0131n, kurulu\u015f, siyasiler nerdeyse do\u011frunun \u00f6l\u00e7\u00fcs\u00fcn\u00fc g\u00fc\u00e7 olarak g\u00f6stermeye \u00e7aba harc\u0131yorlar. \u2018Biz iktidarday\u0131z&#8221; Hay\u0131r. Saddam H\u00fcseyin de bir zamanlar \u00e7ok g\u00fc\u00e7l\u00fcyd\u00fc ama Irak\u2019\u0131n ba\u015f\u0131na en b\u00fcy\u00fck felaketi de o getirdi. Hitler, Almanya\u2019da oyla iktidara gelmi\u015ftir. Hitler\u2019in ula\u015ft\u0131\u011f\u0131 oy deste\u011fine kolay kolay kimse ula\u015famam\u0131\u015ft\u0131r. Ama, Alman milletinin ba\u015f\u0131na Hitler\u2019den daha b\u00fcy\u00fck bela hi\u00e7 gelmemi\u015ftir. \u2018Oy her\u015feydir, hakk\u0131 da belirler, do\u011fruyu da e\u011friyi de belirler\u2019 diyenler ger\u00e7eklerden haberdar de\u011fillerdir&#8221; dedi.<\/p>\n<p style=\"text-align: justify;\"><strong>&#8220;D\u0130NLEYEN\u0130 D\u0130NLERLER&#8221;<\/strong><\/p>\n<p style=\"text-align: justify;\">T\u00fcrkiye\u2019deki telefon dinleme olaylar\u0131n\u0131n hukuk devleti ilkelerini ihlal etti\u011fini de vurgulayan \u015eener, &#8220;T\u00fcrkiye\u2019de dinlemekten daha me\u015fru sanki hi\u00e7bir \u015fey kalmad\u0131. Bu kadar \u00e7ok dinlemenin var oldu\u011fu bir \u00fclkede hi\u00e7 piyasaya \u00e7\u0131kmamakla birlikte iktidar\u0131n, ba\u015fbakan\u0131n da birileri g\u00f6r\u00fcnt\u00fclerini kaydetmedi diye mi d\u00fc\u015f\u00fcnece\u011fiz. Dinleyeni dinlerler. \u015eunu herkes bilsin ki dinlemeler ve g\u00f6r\u00fcnt\u00fc tespitleri birileri \u00fczerinde hep \u015fantaj ve siyasi maksatlarla kullan\u0131l\u0131yorsa; en fazla \u015fantaj yap\u0131labilecek, \u00fczerinden siyaset yap\u0131labilecek g\u00f6r\u00fcnt\u00fcler ve dinlemeler iktidara ait g\u00f6r\u00fcnt\u00fc ve dinlemeler olur. Bakanlara, ba\u015fbakanlara ait g\u00f6r\u00fcnt\u00fcler olur. Teorik olarak bu b\u00f6yledir. Bunu biryerlerde birilerinin ar\u015fivlemedi\u011fini d\u00fc\u015f\u00fcnebilir misiniz?&#8221; diye sordu.<\/p>\n<p style=\"text-align: justify;\"><strong>&#8220;B\u0130R\u0130LER\u0130 B\u0130R\u015eEYLER\u0130 BLOKE M\u0130 ED\u0130YOR?&#8221;<\/strong><\/p>\n<p style=\"text-align: justify;\">Buna y\u00f6nelik \u00f6rnekler de veren \u015eener, &#8220;Libya Lideri\u2019nden \u00f6d\u00fcl alacaks\u0131n\u0131z. Karde\u015fim diyeceksiniz. Bir hafta ge\u00e7meden Ba\u015fbakan\u2019\u0131n teskeresi Meclis\u2019e gidecek, oylanacak. Libya\u2019y\u0131 vuran silah g\u00fcc\u00fc NATO\u2019nun i\u00e7inde T\u00fcrkiye de olacak. Bunda bir gariplik yok mu? Birileri bir\u015feyleri bloke mi ediyor. Suriye konusu da ayn\u0131. S\u0131f\u0131r sorun deniyordu. T\u00fcrkiye Cumhuriyeti tarihinde ilk kez ortak bakanlar kurulu toplant\u0131s\u0131 yap\u0131lan \u00fclke Suriye. Aradan bir ay ge\u00e7meden T\u00fcrkiye, Suriyeli muhalifleri \u00f6rg\u00fctlemeye, bar\u0131nd\u0131rmaya, kom\u015fusunu rahats\u0131z etmeye ba\u015flam\u0131\u015ft\u0131r&#8221; dedi.<\/p>\n<p style=\"text-align: justify;\"><strong>\u0130ZM\u0130R \u2019AYRI\u015eTIRMADAN\u2019 PAYINI ALIYOR<\/strong><\/p>\n<p style=\"text-align: justify;\">\u0130ktidar\u0131n vatanda\u015flar\u0131 kutupla\u015ft\u0131rd\u0131\u011f\u0131n\u0131, bunun \u0130zmir\u2019de de ya\u015fand\u0131\u011f\u0131n\u0131 dile getiren \u015eener, etnik farklar\u0131n yan\u0131 s\u0131ra zaman zaman kentlere y\u00f6nelik ayr\u0131\u015ft\u0131rmaya da rastland\u0131\u011f\u0131n\u0131 anlatt\u0131. \u015eener, &#8220;B\u00f6yle olunca \u0130zmir bundan nasibini al\u0131yor mu alm\u0131yor mu, diye sormaya gerek yok. Zaten var olan bir hadise bu&#8221; dedi ve bu tablodan son derece rahats\u0131z olduklar\u0131n\u0131 da s\u00f6zlerine ekledi.<\/p>\n<p style=\"text-align: justify;\"><a href=\"http:\/\/www.gazeteport.com.tr\/haber\/69254\/akpye_ilginc_gonderme\" target=\"_blank\">Kaynak : GAZETEPORT<\/a><\/p>\n","protected":false},"excerpt":{"rendered":"<p style=\"text-align: center;\">\n<p style=\"text-align: justify;\">Abd\u00fcllatif \u015eener, &#8221;Siyasete Ak Parti&#8217;de neden devam etmedi\u011fi&#8221; y\u00f6n\u00fcndeki soruya AKP&#8217;lileri k\u0131zd\u0131racak bir benzetmeyle yan\u0131t verdi.<\/p>\n<p style=\"text-align: justify;\">\u0130ZM\u0130R &#8211; T\u00fcrkiye Partisi Lideri Abd\u00fcllatif \u015eener, &#8221;Siyasete Ak Parti&#8217;de neden devam etmedi\u011fi&#8221; y\u00f6n\u00fcndeki soruya &#8216;E\u011fer ayakta kalmak, g\u00fc\u00e7 sahibi olmak hakl\u0131l\u0131\u011f\u0131, zay\u0131f d\u00fc\u015fmek veya yok olmak haks\u0131zl\u0131\u011f\u0131 g\u00f6steriyor olsayd\u0131 Yezid&#8217;i hakl\u0131, <\/p>\n","protected":false},"author":1,"featured_media":0,"comment_status":"open","ping_status":"open","sticky":false,"template":"","format":"standard","meta":{"footnotes":""},"categories":[105],"tags":[],"class_list":["post-44569","post","type-post","status-publish","format-standard","hentry","category-gundem","odd"],"_links":{"self":[{"href":"http:\/\/www.korhanyilmaz.com\/index.php?rest_route=\/wp\/v2\/posts\/44569","targetHints":{"allow":["GET"]}}],"collection":[{"href":"http:\/\/www.korhanyilmaz.com\/index.php?rest_route=\/wp\/v2\/posts"}],"about":[{"href":"http:\/\/www.korhanyilmaz.com\/index.php?rest_route=\/wp\/v2\/types\/post"}],"author":[{"embeddable":true,"href":"http:\/\/www.korhanyilmaz.com\/index.php?rest_route=\/wp\/v2\/users\/1"}],"replies":[{"embeddable":true,"href":"http:\/\/www.korhanyilmaz.com\/index.php?rest_route=%2Fwp%2Fv2%2Fcomments&post=44569"}],"version-history":[{"count":0,"href":"http:\/\/www.korhanyilmaz.com\/index.php?rest_route=\/wp\/v2\/posts\/44569\/revisions"}],"wp:attachment":[{"href":"http:\/\/www.korhanyilmaz.com\/index.php?rest_route=%2Fwp%2Fv2%2Fmedia&parent=44569"}],"wp:term":[{"taxonomy":"category","embeddable":true,"href":"http:\/\/www.korhanyilmaz.com\/index.php?rest_route=%2Fwp%2Fv2%2Fcategories&post=44569"},{"taxonomy":"post_tag","embeddable":true,"href":"http:\/\/www.korhanyilmaz.com\/index.php?rest_route=%2Fwp%2Fv2%2Ftags&post=44569"}],"curies":[{"name":"wp","href":"https:\/\/api.w.org\/{rel}","templated":true}]}}