{"id":44564,"date":"2011-12-20T12:05:29","date_gmt":"2011-12-20T10:05:29","guid":{"rendered":"http:\/\/www.korhanyilmaz.com\/?p=44564"},"modified":"2011-12-20T12:31:15","modified_gmt":"2011-12-20T10:31:15","slug":"gazetecilere-kck-baskini","status":"publish","type":"post","link":"http:\/\/www.korhanyilmaz.com\/?p=44564","title":{"rendered":"Gazetecilere KCK bask\u0131n\u0131"},"content":{"rendered":"<p style=\"text-align: center;\"><a href=\"http:\/\/www.korhanyilmaz.com\/wp-content\/uploads\/2011\/12\/86651.jpg\"  class=\"lightview\"><img loading=\"lazy\" decoding=\"async\" class=\"aligncenter  wp-image-44565\" src=\"http:\/\/www.korhanyilmaz.com\/wp-content\/uploads\/2011\/12\/86651.jpg\" alt=\"\" width=\"396\" height=\"180\" \/><\/a><\/p>\n<p style=\"text-align: justify;\">\u0130stanbul Cumhuriyet Ba\u015fsavc\u0131l\u0131\u011f\u0131&#8217;n\u0131n y\u00fcr\u00fctt\u00fc\u011f\u00fc KCK&#8217;ya y\u00f6nelik 7 ilde yap\u0131lan operasyonlarda gazetecilerin de aralar\u0131nda bulundu\u011fu 38 ki\u015fi g\u00f6zalt\u0131na al\u0131nd\u0131. Baz\u0131 bas\u0131n kurulu\u015flar\u0131n\u0131n merkezlerine ve gazetecilerin evlerine Ter\u00f6rle M\u00fccadele ekiplerince bask\u0131nlar d\u00fczenlendi.<!--more--><\/p>\n<p style=\"text-align: justify;\">\u0130stanbul&#8217;da yeni bir K\u00fcrdistan Topluluklar Birli\u011fi (KCK) operasyonu ba\u015flad\u0131. Saat 06.00&#8217;a do\u011fru ba\u015flayan operasyonun bas\u0131n merkezlerinde yo\u011funla\u015ft\u0131\u011f\u0131 belirtiliyor. Etkin Haber Ajans\u0131 (ETHA), Dicle Haber Ajans\u0131 (D\u0130HA) ve \u00d6zg\u00fcr G\u00fcndem bas\u0131lan haber merkezlerinden. \u00d6te yandan bu yay\u0131n kurulu\u015flar\u0131nda \u00e7al\u0131\u015fan gazetecilerin evleri de bas\u0131ld\u0131. Bu bask\u0131nlarda g\u00f6zalt\u0131na al\u0131nan gazetecilerden baz\u0131lar\u0131n\u0131n D\u0130HA \u0130stanbul Haber M\u00fcd\u00fcr\u00fc Fatma Ko\u00e7ak, ETHA edit\u00f6r\u00fc Arzu Demir, Berxwedan Yaruk, Nahide Ermi\u015f, \u00c7a\u011fda\u015f Kaplan, \u00d6mer \u00c7elik, \u00c7i\u011fdem Aslan, Cihan Albay, Kenan K\u0131rkaya, Semiha Alanku\u015f, Sad\u0131k Topalo\u011flu, Zuhal Tekiner, Ertu\u015f Bozkurt oldu\u011fu \u00f6\u011frenildi.<\/p>\n<p style=\"text-align: justify;\"><strong>Van&#8217;da \u00e7ad\u0131rda g\u00f6zalt\u0131na al\u0131nd\u0131\u00a0<\/strong><\/p>\n<p style=\"text-align: justify;\">Al\u0131nan bilgilere g\u00f6re, Van&#8217;da da D\u0130HA&#8217;n\u0131n b\u00fcro olarak kulland\u0131\u011f\u0131 \u00e7ad\u0131ra da bask\u0131n yap\u0131ld\u0131 ve t\u00fcm hardisklere el kondu. D\u0130HA muhabiri Evrim Kepenek ise g\u00f6rev yapt\u0131\u011f\u0131 deprem b\u00f6lgesindeki \u00e7ad\u0131rda g\u00f6zalt\u0131na al\u0131nd\u0131.<\/p>\n<p style=\"text-align: justify;\"><strong>Birg\u00fcn ve Vatan muhabirleri de var\u00a0<\/strong><\/p>\n<p style=\"text-align: justify;\">25&#8217;i \u0130stanbul&#8217;da toplam 38 ki\u015finin g\u00f6zalt\u0131na al\u0131nd\u0131\u011f\u0131n\u0131n \u00f6\u011frenildi\u011fi operasyonda Birg\u00fcn gazetesi muhabiri Zeynep Kuray&#8217;\u0131n ve Vatan gazetesi muhabiri \u00c7a\u011fda\u015f Ulus&#8217;un da evi bas\u0131ld\u0131 ve g\u00f6zalt\u0131na al\u0131nd\u0131. Fransa merkezli uluslararas\u0131 bir ajans olan AFP&#8217;nin foto-muhabiri Mustafa \u00d6zer de g\u00f6zalt\u0131ndaki isimler aras\u0131nda.<\/p>\n<p style=\"text-align: justify;\">G\u00f6zalt\u0131na al\u0131nanlar Adli T\u0131p Kurumu&#8217;ndaki sa\u011fl\u0131k kontrollerinin ard\u0131ndan Emniyet M\u00fcd\u00fcrl\u00fc\u011f\u00fc&#8217;ne g\u00f6t\u00fcr\u00fcld\u00fc.<\/p>\n<p style=\"text-align: justify;\"><a href=\"http:\/\/www.cnnturk.com\/2011\/turkiye\/12\/20\/gazetecilere.kck.baskini\/641221.0\/index.html\" target=\"_blank\">Kaynak : CNN T\u00dcRK<\/a><\/p>\n","protected":false},"excerpt":{"rendered":"<p style=\"text-align: center;\">\n<p style=\"text-align: justify;\">\u0130stanbul Cumhuriyet Ba\u015fsavc\u0131l\u0131\u011f\u0131&#8217;n\u0131n y\u00fcr\u00fctt\u00fc\u011f\u00fc KCK&#8217;ya y\u00f6nelik 7 ilde yap\u0131lan operasyonlarda gazetecilerin de aralar\u0131nda bulundu\u011fu 38 ki\u015fi g\u00f6zalt\u0131na al\u0131nd\u0131. Baz\u0131 bas\u0131n kurulu\u015flar\u0131n\u0131n merkezlerine ve gazetecilerin evlerine Ter\u00f6rle M\u00fccadele ekiplerince bask\u0131nlar d\u00fczenlendi.<\/p>\n","protected":false},"author":1,"featured_media":0,"comment_status":"open","ping_status":"open","sticky":false,"template":"","format":"standard","meta":{"footnotes":""},"categories":[105],"tags":[],"class_list":["post-44564","post","type-post","status-publish","format-standard","hentry","category-gundem","odd"],"_links":{"self":[{"href":"http:\/\/www.korhanyilmaz.com\/index.php?rest_route=\/wp\/v2\/posts\/44564","targetHints":{"allow":["GET"]}}],"collection":[{"href":"http:\/\/www.korhanyilmaz.com\/index.php?rest_route=\/wp\/v2\/posts"}],"about":[{"href":"http:\/\/www.korhanyilmaz.com\/index.php?rest_route=\/wp\/v2\/types\/post"}],"author":[{"embeddable":true,"href":"http:\/\/www.korhanyilmaz.com\/index.php?rest_route=\/wp\/v2\/users\/1"}],"replies":[{"embeddable":true,"href":"http:\/\/www.korhanyilmaz.com\/index.php?rest_route=%2Fwp%2Fv2%2Fcomments&post=44564"}],"version-history":[{"count":0,"href":"http:\/\/www.korhanyilmaz.com\/index.php?rest_route=\/wp\/v2\/posts\/44564\/revisions"}],"wp:attachment":[{"href":"http:\/\/www.korhanyilmaz.com\/index.php?rest_route=%2Fwp%2Fv2%2Fmedia&parent=44564"}],"wp:term":[{"taxonomy":"category","embeddable":true,"href":"http:\/\/www.korhanyilmaz.com\/index.php?rest_route=%2Fwp%2Fv2%2Fcategories&post=44564"},{"taxonomy":"post_tag","embeddable":true,"href":"http:\/\/www.korhanyilmaz.com\/index.php?rest_route=%2Fwp%2Fv2%2Ftags&post=44564"}],"curies":[{"name":"wp","href":"https:\/\/api.w.org\/{rel}","templated":true}]}}