{"id":4455,"date":"2009-03-02T17:35:41","date_gmt":"2009-03-02T15:35:41","guid":{"rendered":"http:\/\/www.korhanyilmaz.com\/?p=4455"},"modified":"2009-03-02T17:35:41","modified_gmt":"2009-03-02T15:35:41","slug":"sen-ne-ayaksin-perincek","status":"publish","type":"post","link":"http:\/\/www.korhanyilmaz.com\/?p=4455","title":{"rendered":"Sen ne ayaks\u0131n Perin\u00e7ek!"},"content":{"rendered":"<p style=\"text-align: justify;\"><img loading=\"lazy\" decoding=\"async\" class=\"aligncenter size-full wp-image-4456\" title=\"Ergenekon\u2019un d\u00fcnk\u00fc duru\u015fmas\u0131nda \u00e7arpraz sorguya al\u0131nan tutuklu san\u0131k H\u00fcseyin G\u00f6r\u00fcm yine \u015fov yapt\u0131.\" src=\"http:\/\/www.korhanyilmaz.com\/wp-content\/uploads\/2009\/03\/030320090418225587355.jpg\" alt=\"Ergenekon\u2019un d\u00fcnk\u00fc duru\u015fmas\u0131nda \u00e7arpraz sorguya al\u0131nan tutuklu san\u0131k H\u00fcseyin G\u00f6r\u00fcm yine \u015fov yapt\u0131.\" width=\"376\" height=\"240\" \/><\/p>\n<p style=\"text-align: justify;\"><strong>\u00c7apraz sorgusu yap\u0131lan H\u00fcseyin G\u00f6r\u00fcm&#8217;le hakim aras\u0131nda ilgi\u00e7 diyalog<\/strong><\/p>\n<p style=\"text-align: justify;\">Ergenekon&#8217;un d\u00fcnk\u00fc duru\u015fmas\u0131nda \u00e7arpraz sorguya al\u0131nan tutuklu san\u0131k H\u00fcseyin G\u00f6r\u00fcm yine \u015fov yapt\u0131. Veli K\u00fc\u00e7\u00fck, Fikri Karada\u011f, Do\u011fu Perin\u00e7ek ve Alparslan Arslan hakk\u0131nda iddialarda bulunan G\u00f6r\u00fcm, s\u00f6zleriyle de salonu k\u0131rd\u0131 ge\u00e7irdi<\/p>\n<p style=\"text-align: justify;\">Ergenekon davas\u0131n\u0131n 58&#8217;inci duru\u015fmas\u0131nda tutuklu san\u0131k H\u00fcseyin G\u00f6r\u00fcm&#8217;\u00fcn \u00e7apraz sorgusu yap\u0131ld\u0131. \u0130stanbul 13. A\u011f\u0131r Ceza Mahkemesi&#8217;nde g\u00f6r\u00fclen Ergenekon davas\u0131n\u0131n en &#8220;konu\u015fkan&#8221; san\u0131klar\u0131ndan olan G\u00f6r\u00fcm&#8217;\u00fcn sorgusu s\u0131ras\u0131nda anlatt\u0131klar\u0131 ve \u00fcslubu mahkemede kahkahalar\u0131n at\u0131lmas\u0131na neden oldu.<!--more--><\/p>\n<p style=\"text-align: justify;\"><strong>BEN DE \u00c7\u00d6ZEMED\u0130M<\/strong><\/p>\n<p style=\"text-align: justify;\">RE\u0130S H\u00fcseyin G\u00f6r\u00fcm, Cumhuriyet Savc\u0131s\u0131 Mehmet Ali Pekg\u00fczel&#8217;in sordu\u011fu bir soru \u00fczerine &#8220;Kendisini M\u0130T&#8217;\u00e7i olarak tan\u0131tan \u00dcmit Selman, PKK ile ilgili bir dosyay\u0131 bana verdi. Ben de ka\u00e7ak\u00e7\u0131l\u0131k \u015fubesine g\u00f6t\u00fcrd\u00fcm&#8221; dedi. Mahkeme Heyeti Ba\u015fkan\u0131 K\u00f6ksal \u015eeng\u00fcn&#8217;\u00fcn, &#8220;Bu dosyalar sana niye geliyor? \u00d6zelli\u011fin ne?&#8221; diye sordu\u011fu G\u00f6r\u00fcm &#8220;Ben de \u00e7\u00f6zemedim reis&#8221; yan\u0131t\u0131n\u0131 verdi.<\/p>\n<p style=\"text-align: justify;\"><strong>MUZAFFER TEK\u0130N BEN\u0130 KIRDI <\/strong><\/p>\n<p style=\"text-align: justify;\">Emekli Y\u00fczba\u015f\u0131 Muzaffer Tekin&#8217;e hep a\u011fabey dedi\u011fini, ama onun kendisini k\u0131rd\u0131\u011f\u0131n\u0131 belirten G\u00f6r\u00fcm, Ba\u015fkan K\u00f6ksal \u015eeng\u00fcn&#8217;\u00fcn, &#8220;Ne yapt\u0131 da seni k\u0131rd\u0131?&#8221; sorusu \u00fczerine, &#8220;Hangisini a\u00e7\u0131kl\u0131yay\u0131m ki? Bu olay\u0131n alt\u0131nda b\u00fcy\u00fck ka\u00e7ak\u00e7\u0131l\u0131k olay\u0131 var. Bana ne s\u00f6ylettiriyorsunuz? Bilmiyor musunuz kim oldu\u011funu?&#8221; diye konu\u015ftu. G\u00f6r\u00fcm, Ba\u015fkan \u015eeng\u00fcn&#8217;\u00fcn mahkemenin bunlar\u0131 bilmedi\u011fini s\u00f6ylemesi \u00fczerine, ka\u00e7ak\u00e7\u0131l\u0131k olay\u0131n\u0131n arkas\u0131ndaki ki\u015finin Altay Tokat oldu\u011funu \u00f6ne s\u00fcrd\u00fc. &#8220;Muzaffer Tekin&#8217;in bunlarla ne alakas\u0131 var?&#8221; sorusu \u00fczerine de G\u00f6r\u00fcm &#8220;Onu da kendisine sorun. Kimdi bu adam? Bu ka\u00e7ak\u00e7\u0131l\u0131k olay\u0131ndan dolay\u0131 bana geldi\u011fini bilmiyordum. \u00d6yle tan\u0131mak istediler bizi. Muzaffer Tekin bana kimi tan\u0131\u015ft\u0131rd\u0131ysa ben \u00f6yle tan\u0131d\u0131m bunlar\u0131&#8221; dedi.<\/p>\n<p style=\"text-align: justify;\"><strong>\u0130DD\u0130ANAME G\u0130B\u0130 \u0130\u015eTE Y\u0130NE <\/strong><\/p>\n<p style=\"text-align: justify;\">G\u00f6r\u00fcm&#8217;\u00fcn sorulara cevap verirken s\u0131k s\u0131k ba\u015fka konular\u0131 anlatmaya ba\u015flamas\u0131 \u00fczerine Ba\u015fkan \u015eeng\u00fcn, &#8220;Sorular u\u00e7tu gitti yine&#8221; diye tepki g\u00f6sterdi. G\u00f6r\u00fcm de \u015eeng\u00fcn&#8217;\u00fcn bu tepkisi \u00fczerine, &#8220;\u0130ddianame gibi i\u015fte&#8221; dedi.<\/p>\n<p style=\"text-align: justify;\"><strong>ONE MINUTE PLEASE <\/strong><\/p>\n<p style=\"text-align: justify;\">Savc\u0131 Pekg\u00fczel&#8217;in \u0130brahim \u015eahin ve Korkut Eken&#8217;in Bostanc\u0131 G\u00f6steri Merkezi yak\u0131n\u0131ndaki bir otopark sorununu \u00e7\u00f6zmek i\u00e7in de kendisini arad\u0131klar\u0131n\u0131 hat\u0131rlatmas\u0131 \u00fczerine G\u00f6r\u00fcm, asl\u0131nda \u0130brahim \u015eahin&#8217;in o\u011flunun olan bu otopark\u0131 Korkut Eken&#8217;in adamlar\u0131n\u0131n alm\u0131\u015f olduklar\u0131n\u0131 ve bu konuyu \u00e7\u00f6zmesi i\u00e7in Muzaffer Tekin&#8217;in kendisini arad\u0131\u011f\u0131n\u0131 anlatt\u0131. Kendisinin de sorunu \u00e7\u00f6zmesi i\u00e7in \u015eahin&#8217;in o\u011flunu \u0130smail Paker&#8217;e g\u00f6nderdi\u011fini kaydeden G\u00f6r\u00fcm, savc\u0131n\u0131n &#8220;Muzaffer Tekin&#8217;in bunlar\u0131n d\u0131\u015f\u0131nda senden istedi\u011fi ba\u015fka konular var m\u0131?&#8221; sorusu \u00fczerine de &#8220;D\u00fc\u015f\u00fcnmem laz\u0131m. One minute please&#8221; dedi. G\u00f6r\u00fcm, k\u0131sa bir s\u00fcre d\u00fc\u015f\u00fcnd\u00fckten sonra &#8220;Yok olmad\u0131&#8221; diye konu\u015ftu.<\/p>\n<p style=\"text-align: justify;\"><strong>KURAN DA\u011eITIYORDUM <\/strong><\/p>\n<p style=\"text-align: justify;\">G\u00f6r\u00fcm ifadesi s\u0131ras\u0131nda, Savc\u0131 Zekeriya \u00d6z&#8217;\u00fcn kendisinin D\u00fczce&#8217;de kamplarda gen\u00e7lere silahl\u0131 e\u011fitim yapt\u0131rd\u0131\u011f\u0131n\u0131 belirtti\u011fini de hat\u0131rlatarak, &#8220;Ne silah\u0131, ne kamp\u0131? Ben o zaman Kuran-\u0131 Kerim da\u011f\u0131t\u0131yordum&#8221; dedi.<\/p>\n<p style=\"text-align: justify;\"><strong>AYG\u00dcN&#8217;\u00dc ARTIK TANIMAM <\/strong><\/p>\n<p style=\"text-align: justify;\">Savc\u0131 Mehmet Ali Pekg\u00fczel&#8217;in Ankara Ticaret Odas\u0131 Ba\u015fkan\u0131 Sinan Ayg\u00fcn ile irtibat\u0131 olup olmad\u0131\u011f\u0131n\u0131 sordu\u011fu G\u00f6r\u00fcm, 2002 y\u0131l\u0131nda ATO&#8217;daki bir konferansta Ayg\u00fcn ile tan\u0131\u015ft\u0131\u011f\u0131n\u0131 s\u00f6yledi. Ayg\u00fcn&#8217;\u00fcn \u015fu an g\u00f6rse kendisini tan\u0131mayaca\u011f\u0131n\u0131 ifade eden H\u00fcseyin G\u00f6r\u00fcm, &#8220;Hele \u015fimdiden sonra ben hi\u00e7 tan\u0131mam. Televizyonlarda konu\u015fuyor, bir de Ba\u015fbakan olca\u011f\u0131m diyor&#8221; dedi.<\/p>\n<p style=\"text-align: justify;\"><strong>KARADA\u011e&#8217;IN HA\u0130N L\u0130STES\u0130 <\/strong><\/p>\n<p style=\"text-align: justify;\">H\u00fcseyin G\u00f6r\u00fcm, &#8220;Fikri Karada\u011f&#8217;da 13 bin 500 ki\u015filik hain listesi oldu\u011fu&#8221; y\u00f6n\u00fcndeki iddiaya ili\u015fkin bir soruya da &#8220;Kamran \u0130nan&#8217;\u0131n televizyondaki bir programda T\u00fcrkiye&#8217;de 200 bin casus var diyerek liste g\u00f6sterdi\u011fini, bunu televizyondan duyarak kendisinin de s\u00f6yledi\u011fini&#8221; \u00f6ne s\u00fcrd\u00fc.<\/p>\n<p style=\"text-align: justify;\"><strong>VEL\u0130 K\u00dc\u00c7\u00dcK&#8217;\u00dc TANIMIYORUM <\/strong><\/p>\n<p style=\"text-align: justify;\">Savc\u0131 Pekg\u00fczel, &#8220;Gizli tan\u0131k 17&#8217;nin emekli Tu\u011fgeneral Veli K\u00fc\u00e7\u00fck&#8217;\u00fcn Kuvay\u0131 Milliye Derne\u011fi&#8217;ne geldi\u011finden s\u00f6z etti\u011fini&#8221; belirterek, G\u00f6r\u00fcm&#8217;den bunu a\u00e7\u0131klamas\u0131n\u0131 istedi. G\u00f6r\u00fcm, ifadesi s\u0131ras\u0131nda K\u00fc\u00e7\u00fck&#8217;\u00fc duydu\u011funu, ancak tan\u0131mad\u0131\u011f\u0131n\u0131 s\u00f6yledi\u011fini belirterek, &#8220;Ben dernekte 2.5 sene kald\u0131m. Gelse tan\u0131rd\u0131m, s\u00f6ylerdim. Geldi diye tarih yazd\u0131lar. Oraya taksici, pazarc\u0131, manavc\u0131 gelirdi. Veli K\u00fc\u00e7\u00fck gelmedi. Benim garip taksicim kadar olamad\u0131lar&#8221; dedi.<\/p>\n<p style=\"text-align: justify;\"><strong>&#8220;\u015eEK\u0130L OLSUN&#8221; KONU\u015eMALARI <\/strong><\/p>\n<p style=\"text-align: justify;\">Savc\u0131 Mehmet Ali Pekg\u00fczel, Kahraman \u015eahin ile Abdullah Arapo\u011fullar\u0131 aras\u0131nda ge\u00e7en telefon g\u00f6r\u00fc\u015fmesi kayd\u0131n\u0131 okuyarak, G\u00f6r\u00fcm&#8217;e, burada s\u00f6z edilen eylemin kime kar\u015f\u0131 yap\u0131laca\u011f\u0131n\u0131 sordu. G\u00f6r\u00fcm de Abdullah Arapo\u011fullar\u0131&#8217;n\u0131 gazeteci olarak tan\u0131d\u0131\u011f\u0131n\u0131 ifade ederek, Kahraman \u015eahin&#8217;in &#8216;Adam kald\u0131raca\u011f\u0131z&#8217;\u015feklindeki konu\u015fmalar\u0131n\u0131 cezaevinde \u00f6\u011frendi\u011fini, bu ki\u015filerin bu t\u00fcr konu\u015fmalar\u0131 kendi aralar\u0131nda &#8220;\u015fekil olsun&#8221; diye yapt\u0131klar\u0131n\u0131 kaydetti.<\/p>\n<p style=\"text-align: justify;\"><strong>PAMUK&#8217;A SU\u0130KAST PLANI <\/strong><\/p>\n<p style=\"text-align: justify;\">Savc\u0131 Mehmet Ali Pekg\u00fczel&#8217;in, &#8220;Orhan Pamuk&#8217;a y\u00f6nelik suikast plan\u0131ndan haberi olup olmad\u0131\u011f\u0131n\u0131&#8221; sordu\u011fu H\u00fcseyin G\u00f6r\u00fcm, suikast\u0131 ger\u00e7ekle\u015ftirece\u011fi iddia edilen Selim Akkurt&#8217;u bu dava s\u0131ras\u0131nda tan\u0131d\u0131\u011f\u0131n\u0131 ve bundan \u00e7ok memnun oldu\u011funu s\u00f6yledi.<\/p>\n<p style=\"text-align: justify;\"><strong>PER\u0130N\u00c7EK&#8217;LE TANI\u015eMA <\/strong><\/p>\n<p style=\"text-align: justify;\">Savc\u0131 Nihat Ta\u015fk\u0131n&#8217;\u0131n, \u0130\u015f\u00e7i Partisi Genel Ba\u015fkan\u0131 Do\u011fu Perin\u00e7ek ve grubunun Vatansever Kuvvetler G\u00fc\u00e7 Birli\u011fi (VKGB) platformuyla ba\u011flant\u0131s\u0131 konusunda bilgisi olup olmad\u0131\u011f\u0131n\u0131 sordu\u011fu G\u00f6r\u00fcm, &#8220;Bilmiyorum, ama Do\u011fu Perin\u00e7ek&#8217;i tan\u0131d\u0131\u011f\u0131ma memnun oldum. &#8216;Siz ne ayaks\u0131n\u0131z?&#8217; dedim. &#8216;Halk sizi PKK&#8217;-n\u0131n adam\u0131 olarak biliyor, kendinizi anlat\u0131n&#8217; dedim&#8221; \u015feklinde konu\u015ftu.<\/p>\n<p style=\"text-align: justify;\"><strong>G\u00d6R\u00dcM B\u0130ZDE ZEK\u0130D\u0130R <\/strong><\/p>\n<p style=\"text-align: justify;\">H\u00fcseyin G\u00f6r\u00fcm&#8217;\u00fcn sorgusunun tamamlanmas\u0131ndan sonra s\u00f6z alan tutuklu san\u0131klardan Murat \u00c7a\u011flar &#8220;H\u00fcseyin G\u00f6r\u00fcm, konu\u015fmas\u0131n\u0131n ba\u015f\u0131ndan beri &#8216;Ben deliyim, benim i\u00e7in deli diyorlar&#8217; diyor. Biz onun hakk\u0131nda hi\u00e7 b\u00f6yle bir \u015fey konu\u015fmuyoruz. \u00c7\u00fcnk\u00fc G\u00f6r\u00fcm&#8217;\u00fcn bizden daha zeki oldu\u011funu \u00e7ok iyi biliyorum. Bu agresif hareketleri do\u011fal de\u011fil. D\u0131\u015far\u0131da tan\u0131d\u0131\u011f\u0131m\u0131z H\u00fcseyin G\u00f6r\u00fcm, buradaki H\u00fcseyin G\u00f6r\u00fcm de\u011fil&#8221; dedi.<\/p>\n<p style=\"text-align: justify;\"><strong>&#8220;Alparslan kadar d\u00fcr\u00fcst \u00e7ocuk g\u00f6rmedim ben!&#8221;<\/strong><\/p>\n<p style=\"text-align: justify;\">H\u00fcsey\u0130n G\u00f6r\u00fcm Dan\u0131\u015ftay san\u0131\u011f\u0131 Alparslan Arslan&#8217;la nas\u0131l tan\u0131\u015ft\u0131\u011f\u0131n\u0131 da \u015f\u00f6yle anlatt\u0131: &#8220;Alparslan Arslan evime icraya geldi, b\u00f6yle tan\u0131\u015ft\u0131k. Alparslan kadar d\u00fcr\u00fcst bir \u00e7ocuk g\u00f6rmedim. Allah&#8217;\u0131n kelam\u0131n\u0131 ke\u015fke onu tan\u0131madan \u00f6nce bilseydim de ona da anlatsayd\u0131m.&#8221; Mahkeme Heyeti Ba\u015fkan\u0131 \u015eeng\u00fcn&#8217;\u00fcn &#8220;Belki o daha iyi biliyordur sizden, ne biliyorsunuz?&#8221; demesi \u00fczerine G\u00f6r\u00fcm, &#8220;Allah&#8217;\u0131n kelam\u0131n\u0131 bilenin cinayet i\u015flemeyece\u011fini biliyorum&#8221; cevab\u0131n\u0131 verdi.Dan\u0131\u015ftay sald\u0131r\u0131s\u0131nda \u00f6len ki\u015finin &#8220;\u015fehit&#8221; oldu\u011funu s\u00f6yleyen G\u00f6r\u00fcm, &#8220;O davan\u0131n as\u0131l katili, birisi takiyyeci, birisi tefrikac\u0131. Bu fitneyi sokanlar onlard\u0131r&#8221; dedi. Oktay Y\u0131ld\u0131r\u0131m&#8217;\u0131 da Muzaffer Tekin&#8217;le birlikte \u015eile&#8217;ye giderken tan\u0131d\u0131\u011f\u0131n\u0131, Tekin&#8217;in iste\u011fi \u00fczerine onu yoldan ald\u0131klar\u0131n\u0131 anlatan G\u00f6r\u00fcm, daha sonra Y\u0131ld\u0131r\u0131m&#8217;\u0131 Vatanseverler G\u00fc\u00e7 Birli\u011fi toplant\u0131s\u0131nda ve Kuddusi Okk\u0131r&#8217;\u0131n Dudullu&#8217;daki i\u015f yerinde g\u00f6rd\u00fc\u011f\u00fcn\u00fc s\u00f6yledi.<\/p>\n<p style=\"text-align: justify;\"><strong>&#8216;Yard\u0131mc\u0131 olun Memet Ali Bey&#8217;<\/strong><\/p>\n<p style=\"text-align: justify;\">DURU\u015eMADAK\u0130 ifadesi s\u0131ras\u0131nda zaman zaman ba\u015fka konulardan bahsetti\u011fi i\u00e7in soruyu unutan H\u00fcseyin G\u00f6r\u00fcm, Savc\u0131 Mehmet Ali Pekg\u00fczel&#8217;e y\u00f6nelik &#8220;Unutursam hat\u0131rlat bana Mehmet Ali Bey. Hani diyorlar ya, Mehmet Ali Bey yard\u0131m eder misin?&#8221; s\u00f6zleri duru\u015fma salonunda g\u00fcl\u00fc\u015fmelere neden oldu.<\/p>\n<p style=\"text-align: justify;\"><span style=\"color: #888888;\">Kaynak : Vatan Gazetesi<\/span><\/p>\n","protected":false},"excerpt":{"rendered":"<p style=\"text-align: justify;\">\n<p style=\"text-align: justify;\">\u00c7apraz sorgusu yap\u0131lan H\u00fcseyin G\u00f6r\u00fcm&#8217;le hakim aras\u0131nda ilgi\u00e7 diyalog<\/p>\n<p style=\"text-align: justify;\">Ergenekon&#8217;un d\u00fcnk\u00fc duru\u015fmas\u0131nda \u00e7arpraz sorguya al\u0131nan tutuklu san\u0131k H\u00fcseyin G\u00f6r\u00fcm yine \u015fov yapt\u0131. Veli K\u00fc\u00e7\u00fck, Fikri Karada\u011f, Do\u011fu Perin\u00e7ek ve Alparslan Arslan hakk\u0131nda iddialarda bulunan G\u00f6r\u00fcm, s\u00f6zleriyle de salonu k\u0131rd\u0131 ge\u00e7irdi<\/p>\n<p style=\"text-align: justify;\">Ergenekon davas\u0131n\u0131n 58&#8217;inci duru\u015fmas\u0131nda tutuklu san\u0131k <\/p>\n","protected":false},"author":1,"featured_media":0,"comment_status":"open","ping_status":"closed","sticky":false,"template":"","format":"standard","meta":{"footnotes":""},"categories":[105],"tags":[],"class_list":["post-4455","post","type-post","status-publish","format-standard","hentry","category-gundem","odd"],"_links":{"self":[{"href":"http:\/\/www.korhanyilmaz.com\/index.php?rest_route=\/wp\/v2\/posts\/4455","targetHints":{"allow":["GET"]}}],"collection":[{"href":"http:\/\/www.korhanyilmaz.com\/index.php?rest_route=\/wp\/v2\/posts"}],"about":[{"href":"http:\/\/www.korhanyilmaz.com\/index.php?rest_route=\/wp\/v2\/types\/post"}],"author":[{"embeddable":true,"href":"http:\/\/www.korhanyilmaz.com\/index.php?rest_route=\/wp\/v2\/users\/1"}],"replies":[{"embeddable":true,"href":"http:\/\/www.korhanyilmaz.com\/index.php?rest_route=%2Fwp%2Fv2%2Fcomments&post=4455"}],"version-history":[{"count":0,"href":"http:\/\/www.korhanyilmaz.com\/index.php?rest_route=\/wp\/v2\/posts\/4455\/revisions"}],"wp:attachment":[{"href":"http:\/\/www.korhanyilmaz.com\/index.php?rest_route=%2Fwp%2Fv2%2Fmedia&parent=4455"}],"wp:term":[{"taxonomy":"category","embeddable":true,"href":"http:\/\/www.korhanyilmaz.com\/index.php?rest_route=%2Fwp%2Fv2%2Fcategories&post=4455"},{"taxonomy":"post_tag","embeddable":true,"href":"http:\/\/www.korhanyilmaz.com\/index.php?rest_route=%2Fwp%2Fv2%2Ftags&post=4455"}],"curies":[{"name":"wp","href":"https:\/\/api.w.org\/{rel}","templated":true}]}}