{"id":44533,"date":"2011-12-19T22:30:10","date_gmt":"2011-12-19T20:30:10","guid":{"rendered":"http:\/\/www.korhanyilmaz.com\/?p=44533"},"modified":"2011-12-20T10:52:19","modified_gmt":"2011-12-20T08:52:19","slug":"bdpden-atalayin-sozleri-icin-meclis-arastirma-istemi","status":"publish","type":"post","link":"http:\/\/www.korhanyilmaz.com\/?p=44533","title":{"rendered":"BDP&#8217;den Atalay&#8217;\u0131n s\u00f6zleri i\u00e7in meclis ara\u015ft\u0131rma istemi"},"content":{"rendered":"<p style=\"text-align: center;\"><a href=\"http:\/\/www.korhanyilmaz.com\/wp-content\/uploads\/2011\/12\/8664.jpg\"  class=\"lightview\"><img loading=\"lazy\" decoding=\"async\" class=\"aligncenter  wp-image-44534\" src=\"http:\/\/www.korhanyilmaz.com\/wp-content\/uploads\/2011\/12\/8664.jpg\" alt=\"\" width=\"276\" height=\"207\" \/><\/a><\/p>\n<p style=\"text-align: justify;\">BDP Grup Ba\u015fkanvekili Hasip Kaplan, Ba\u015fbakan Yard\u0131mc\u0131s\u0131 Be\u015fir Atalay&#8217;\u0131n, &#8220;s\u0131n\u0131r \u00f6tesi operasyonlarla KCK operasyonlar\u0131 koordinasyon i\u00e7inde y\u00fcr\u00fcyor&#8221; a\u00e7\u0131klamas\u0131yla &#8220;ba\u011f\u0131ms\u0131z yarg\u0131ya talimat verildi\u011finin ortaya \u00e7\u0131kt\u0131\u011f\u0131n\u0131&#8221; s\u00f6yledi. Kaplan, konuyla ilgili Meclis ara\u015ft\u0131rmas\u0131 i\u00e7in \u00f6nerge verdiklerini, BDP d\u0131\u015f\u0131nda, 26 &#8216;vicdan\u0131n\u0131n sesini dinleyecek&#8217; milletvekiline ula\u015ft\u0131klar\u0131nda Meclis soru\u015fturmas\u0131 i\u00e7in de d\u00fc\u011fmeye basacaklar\u0131n\u0131 s\u00f6yledi.<!--more--><\/p>\n<p style=\"text-align: justify;\">Ankara- BDP Grup Ba\u015fkanvekili Hasip Kaplan, TBMM&#8217;de 21 Aral\u0131k&#8217;ta bir g\u00fcnl\u00fck uyar\u0131 grevi yapacak KESK y\u00f6neticileriyle birlikte bas\u0131n toplant\u0131s\u0131 d\u00fczenledi.<\/p>\n<p style=\"text-align: justify;\">Yap\u0131lacak greve BDP olarak destek verdiklerini duyuran Kaplan, &#8220;A\u00e7\u0131l\u0131m Koordinat\u00f6r\u00fc&#8221; Ba\u015fbakan Yard\u0131mc\u0131s\u0131 Be\u015fir Atalay&#8217;\u0131n &#8220;Tek y\u00f6nl\u00fc uygulad\u0131\u011f\u0131m\u0131z entegre bir stratejimiz var devlet olarak. S\u0131n\u0131r \u00f6tesi operasyonlardan, KCK operasyonlar\u0131na hepsi koordinasyon i\u00e7inde tart\u0131\u015f\u0131lm\u0131\u015f, kararla\u015ft\u0131r\u0131lm\u0131\u015f, planlanm\u0131\u015f ve y\u00fcr\u00fct\u00fclmektedir&#8221; a\u00e7\u0131klamas\u0131n\u0131 &#8220;t\u00fcyler \u00fcpertici&#8221; olarak nitelendirdi.<\/p>\n<p style=\"text-align: justify;\"><strong>&#8220;Planlama MGK&#8217;da m\u0131, Pensilvanya&#8217;da m\u0131 yap\u0131ld\u0131?&#8221;\u00a0<\/strong><\/p>\n<p style=\"text-align: justify;\">Atalay&#8217;\u0131n &#8220;itiraf niteli\u011findeki&#8221; s\u00f6zleri ile ba\u011f\u0131ms\u0131z yarg\u0131ya talimat verildi\u011finin a\u00e7\u0131\u011fa \u00e7\u0131kt\u0131\u011f\u0131n\u0131 s\u00f6yleyen Kaplan, &#8220;Bir hukuk devletinde de\u011fil muz Cumhuriyetinde bile bu kadar kabaca hukuk ihlali olmaz&#8221; dedi. A\u00e7\u0131l\u0131m s\u00fcrecinde yap\u0131lan gizli g\u00f6r\u00fc\u015fmeleri, bu konudaki hukuksuzluklar\u0131 a\u00e7\u0131\u011fa \u00e7\u0131kartmak i\u00e7in Meclis Ara\u015ft\u0131rmas\u0131 a\u00e7\u0131lmas\u0131 i\u00e7in \u00f6nerge verdiklerini duyuran &#8220;Bakan Atalay&#8217;a, &#8216;Nedir entegre stratejiniz, Meclis&#8217;e getirin diye sorduk. Nas\u0131l koordinasyon i\u00e7inde yapt\u0131n\u0131z, nerede kararla\u015ft\u0131rd\u0131n\u0131z nerede planlad\u0131n\u0131z. Meclis&#8217;te olmad\u0131\u011f\u0131na g\u00f6re MGK&#8217;da m\u0131 Pensilvanya&#8217;da m\u0131 nerede yapt\u0131n\u0131z? Yarg\u0131ya neden m\u00fcdahale ettiniz. Bunlar\u0131n cevab\u0131n\u0131 bekliyoruz&#8221; dedi.<\/p>\n<p style=\"text-align: justify;\"><strong>26 vicdan\u0131n\u0131 dinleyen milletvekili\u00a0<\/strong><\/p>\n<p style=\"text-align: justify;\">BDP&#8217;li Kaplan konuyla ilgili bir de soru\u015fturma \u00f6nergesi vermek istediklerini belirterek bir \u00e7a\u011fr\u0131 da yapt\u0131. Ba\u015fbakan Tayyip Erdo\u011fan, Ba\u015fbakan Yard\u0131mc\u0131s\u0131 Be\u015fir Atalay ve \u0130\u00e7i\u015fleri Bakan\u0131 \u0130dris Naim \u015eahin&#8217;in hakk\u0131nda Meclis soru\u015fturmas\u0131 a\u00e7\u0131lmas\u0131 ve Y\u00fcce Divan&#8217;a sevki i\u00e7in 55 milletvekilinin imzas\u0131na gerek oldu\u011funu belirterek, &#8220;Bizim say\u0131m\u0131z 29. 26 vicdan\u0131n\u0131n sesini dinleyecek milletvekiline ula\u015ft\u0131\u011f\u0131m\u0131zda Mecliste ilk soru\u015fturma \u00f6nergesini de vermi\u015f olaca\u011f\u0131z&#8221; dedi.<\/p>\n<p style=\"text-align: justify;\"><strong>Cumhurba\u015fkan\u0131&#8217;na istifa \u00e7a\u011fr\u0131s\u0131\u00a0<\/strong><\/p>\n<p style=\"text-align: justify;\">Cumhurba\u015fkan\u0131n\u0131n g\u00f6rev s\u00fcresiyle ilgili tart\u0131\u015fmalara da de\u011finen Kaplan, yap\u0131lan Anayasa de\u011fi\u015fikli\u011fi ve referandumu hat\u0131rlatt\u0131. Kaplan, &#8221; Referandumla hayata ge\u00e7en milletin iradesinin netle\u015fti\u011fi bir konuda yap\u0131lmas\u0131 gereken se\u00e7imlerin 5 y\u0131l i\u00e7inde 2012&#8217;de yap\u0131lmas\u0131d\u0131r. Siyasi ahlak\u0131n gere\u011fi, milletin iradesine sayg\u0131 bunu gerektirir&#8221; dedi.<\/p>\n<p style=\"text-align: justify;\">AKP&#8217;nin anayasa de\u011fi\u015fikli\u011fini kanunla dolanmas\u0131na izin vermeyeceklerini kaydeden Kaplan, &#8220;Anketlerden y\u00fczde 55-60 gibi palavra sonu\u00e7lar ald\u0131\u011f\u0131n\u0131 s\u00f6yleyen h\u00fck\u00fcmet 2012 y\u0131l\u0131nda Cumhurba\u015fkanl\u0131\u011f\u0131 i\u00e7in se\u00e7ime gitmekten neden korkuyor. Milletin iradesinin \u00fcst\u00fcnde misiniz&#8221; diye sordu.<\/p>\n<p style=\"text-align: justify;\">BDP&#8217;nin 5+5 ve 2012&#8217;de halk\u0131n se\u00e7imi noktas\u0131nda g\u00f6r\u00fc\u015f\u00fcn\u00fcn net oldu\u011fu belirten Kaplan Cumhurba\u015fkan\u0131 Abdullah G\u00fcl&#8217;e de &#8220;makam\u0131n\u0131 tart\u0131\u015fma konusu yapma&#8221; diyerek \u015fu \u00e7a\u011fr\u0131da bulundu:<\/p>\n<p style=\"text-align: justify;\">&#8220;L\u00fctfen \u00e7\u0131k\u0131n, &#8216;5 y\u0131lda bu se\u00e7im yap\u0131lacak&#8217; deyin. Milletin iradesine sayg\u0131y\u0131 sadece Ba\u015fbakandan de\u011fil K\u00f6\u015fk&#8217;ten de bekliyoruz. K\u00f6\u015fk &#8216;benim g\u00f6rev s\u00fcrem se\u00e7ildi\u011fimde 7 y\u0131l ise de milletin iradesi 5 y\u0131l olarak belirlendi\u011fine g\u00f6re 5 y\u0131ld\u0131r&#8217; deyip anayasay\u0131 kanunla dolanma zihniyetine kar\u015f\u0131 duru\u015f g\u00f6sterip gerekti\u011finde 2012 se\u00e7imleri i\u00e7in istifa edece\u011fini a\u00e7\u0131klamal\u0131d\u0131r. Bu konunun tart\u0131\u015fmas\u0131 da son bulmal\u0131d\u0131r.&#8221;<\/p>\n<p style=\"text-align: justify;\"><strong>Eronat \u00e7al\u0131nm\u0131\u015f oylar\u0131n sembol\u00fc<\/strong><\/p>\n<p style=\"text-align: justify;\">\u00a0Kaplan, YSK&#8217;n\u0131n Dicle&#8217;nin milletvekilli\u011fini d\u00fc\u015f\u00fcrmesi sonras\u0131 milletvekili olmaya hak kazanan AKP Diyarbak\u0131r Milletvekili Oya Eronat ile ilgili tart\u0131\u015fmalar\u0131 da de\u011ferlendirdi. Dicle&#8217;nin 80 bin oyla se\u00e7ildi\u011fini hat\u0131rlatan Kaplan, &#8220;YSK kazan\u0131lm\u0131\u015f milletvekilli\u011fini d\u00fc\u015f\u00fcrerek bir ilke imza att\u0131. Yerine gelen Say\u0131n Eronat Diyarbak\u0131rl\u0131lar\u0131n iradesinin \u00e7al\u0131nmas\u0131n\u0131n sembol\u00fc olarak AKP s\u0131ralar\u0131nda oturuyor. Hem bu durumu yap\u0131p, yavuz h\u0131rs\u0131z misali bask\u0131n \u00e7\u0131kacaks\u0131n\u0131z hem de BDP se\u00e7menine hakaret edeceksiniz. Kim olursa olsun buna izin vermeyece\u011fiz.&#8221; dedi.<\/p>\n<p style=\"text-align: justify;\">Kaplan Frans\u0131z Parlamentosu&#8217;nda bu hafta oylanmas\u0131 beklenen Ermeni Soyk\u0131r\u0131m\u0131 yasa tasar\u0131s\u0131yla ilgili boykot gibi tart\u0131\u015fmalar\u0131 b\u00fcy\u00fck devlet olman\u0131n sorumlulu\u011fu i\u00e7inde olmayan tart\u0131\u015fmalar olarak nitelendirdi. Yasayla ilgili tart\u0131\u015fmalar\u0131n 80&#8217;den bu yana s\u00fcrd\u00fc\u011f\u00fcn\u00fc belirten Kaplan, kanun \u00e7\u0131kt\u0131ktan sonra devlet ad\u0131na A\u0130HM&#8217;e ba\u015fvuru yap\u0131labilece\u011fini s\u00f6yledi.<\/p>\n<p style=\"text-align: justify;\"><a href=\"http:\/\/www.cumhuriyet.com.tr\/?kn=6&amp;hn=301506\" target=\"_blank\">Kaynak : Cumhuriyet Haber Portal\u0131<\/a><\/p>\n","protected":false},"excerpt":{"rendered":"<p style=\"text-align: center;\">\n<p style=\"text-align: justify;\">BDP Grup Ba\u015fkanvekili Hasip Kaplan, Ba\u015fbakan Yard\u0131mc\u0131s\u0131 Be\u015fir Atalay&#8217;\u0131n, &#8220;s\u0131n\u0131r \u00f6tesi operasyonlarla KCK operasyonlar\u0131 koordinasyon i\u00e7inde y\u00fcr\u00fcyor&#8221; a\u00e7\u0131klamas\u0131yla &#8220;ba\u011f\u0131ms\u0131z yarg\u0131ya talimat verildi\u011finin ortaya \u00e7\u0131kt\u0131\u011f\u0131n\u0131&#8221; s\u00f6yledi. Kaplan, konuyla ilgili Meclis ara\u015ft\u0131rmas\u0131 i\u00e7in \u00f6nerge verdiklerini, BDP d\u0131\u015f\u0131nda, 26 &#8216;vicdan\u0131n\u0131n sesini dinleyecek&#8217; milletvekiline ula\u015ft\u0131klar\u0131nda Meclis soru\u015fturmas\u0131 i\u00e7in de d\u00fc\u011fmeye basacaklar\u0131n\u0131 s\u00f6yledi.<\/p>\n","protected":false},"author":1,"featured_media":0,"comment_status":"open","ping_status":"open","sticky":false,"template":"","format":"standard","meta":{"footnotes":""},"categories":[105],"tags":[],"class_list":["post-44533","post","type-post","status-publish","format-standard","hentry","category-gundem","odd"],"_links":{"self":[{"href":"http:\/\/www.korhanyilmaz.com\/index.php?rest_route=\/wp\/v2\/posts\/44533","targetHints":{"allow":["GET"]}}],"collection":[{"href":"http:\/\/www.korhanyilmaz.com\/index.php?rest_route=\/wp\/v2\/posts"}],"about":[{"href":"http:\/\/www.korhanyilmaz.com\/index.php?rest_route=\/wp\/v2\/types\/post"}],"author":[{"embeddable":true,"href":"http:\/\/www.korhanyilmaz.com\/index.php?rest_route=\/wp\/v2\/users\/1"}],"replies":[{"embeddable":true,"href":"http:\/\/www.korhanyilmaz.com\/index.php?rest_route=%2Fwp%2Fv2%2Fcomments&post=44533"}],"version-history":[{"count":0,"href":"http:\/\/www.korhanyilmaz.com\/index.php?rest_route=\/wp\/v2\/posts\/44533\/revisions"}],"wp:attachment":[{"href":"http:\/\/www.korhanyilmaz.com\/index.php?rest_route=%2Fwp%2Fv2%2Fmedia&parent=44533"}],"wp:term":[{"taxonomy":"category","embeddable":true,"href":"http:\/\/www.korhanyilmaz.com\/index.php?rest_route=%2Fwp%2Fv2%2Fcategories&post=44533"},{"taxonomy":"post_tag","embeddable":true,"href":"http:\/\/www.korhanyilmaz.com\/index.php?rest_route=%2Fwp%2Fv2%2Ftags&post=44533"}],"curies":[{"name":"wp","href":"https:\/\/api.w.org\/{rel}","templated":true}]}}