{"id":44522,"date":"2011-12-19T20:40:34","date_gmt":"2011-12-19T18:40:34","guid":{"rendered":"http:\/\/www.korhanyilmaz.com\/?p=44522"},"modified":"2011-12-20T01:19:45","modified_gmt":"2011-12-19T23:19:45","slug":"chpde-o-baskan-gorevden-alindi","status":"publish","type":"post","link":"http:\/\/www.korhanyilmaz.com\/?p=44522","title":{"rendered":"CHP&#8217;de o ba\u015fkan g\u00f6revden al\u0131nd\u0131"},"content":{"rendered":"<p style=\"text-align: center;\"><a href=\"http:\/\/www.korhanyilmaz.com\/wp-content\/uploads\/2011\/12\/8662.jpg\"  class=\"lightview\"><img loading=\"lazy\" decoding=\"async\" class=\"aligncenter  wp-image-44523\" src=\"http:\/\/www.korhanyilmaz.com\/wp-content\/uploads\/2011\/12\/8662.jpg\" alt=\"\" width=\"396\" height=\"180\" \/><\/a><\/p>\n<p style=\"text-align: justify;\">CHP Gen\u00e7lik Kollar\u0131 Genel Ba\u015fkan\u0131 \u0130rfan \u0130nan\u00e7 Y\u0131ld\u0131z, g\u00f6revden al\u0131nd\u0131.<\/p>\n<p style=\"text-align: justify;\">CHP Merkez Y\u00f6netim Kurulu (MYK), Genel Ba\u015fkan Kemal K\u0131l\u0131\u00e7daro\u011flu ba\u015fkanl\u0131\u011f\u0131nda topland\u0131.<\/p>\n<p style=\"text-align: justify;\">Toplant\u0131ya ili\u015fkin yap\u0131lan yaz\u0131l\u0131 a\u00e7\u0131klamada, MYK&#8217;da g\u00fcndemdeki konular\u0131n de\u011ferlendirildi\u011fi belirtildi.\u00a0<!--more--><\/p>\n<p style=\"text-align: justify;\">&#8220;CHP MYK toplant\u0131s\u0131nda Gen\u00e7lik Kollar\u0131 Genel Ba\u015fkan\u0131 \u0130rfan \u0130nan\u00e7 Y\u0131ld\u0131z&#8217;\u0131n TBMM&#8217;de bir kad\u0131n gazeteciye y\u00f6nelik yak\u0131\u015f\u0131ks\u0131z davran\u0131\u015f\u0131 ve kulland\u0131\u011f\u0131 \u00fcslubun de\u011ferlendirildi\u011fi&#8221; ifade edilen a\u00e7\u0131klamada, de\u011ferlendirme sonucunda \u0130na\u00e7&#8217;\u0131n g\u00f6revden al\u0131nd\u0131\u011f\u0131 kaydedildi.<\/p>\n<p style=\"text-align: justify;\">A\u00e7\u0131klamada, Genel Ba\u015fkan Yard\u0131mc\u0131s\u0131 ve Parti S\u00f6zc\u00fcs\u00fc Birg\u00fcl Ayman G\u00fcler&#8217;in MYK toplant\u0131s\u0131nda ele al\u0131nan konular hakk\u0131nda yar\u0131n bir bas\u0131n toplant\u0131s\u0131 d\u00fczenleyece\u011fi de belirtildi.<\/p>\n<p style=\"text-align: justify;\">Bu arada CHP Parti Meclisi 22 Aral\u0131k Per\u015fembe g\u00fcn\u00fc Genel Ba\u015fkan K\u0131l\u0131\u00e7daro\u011flu ba\u015fkanl\u0131\u011f\u0131nda genel merkezde toplanacak.<\/p>\n<p style=\"text-align: justify;\">K\u0131l\u0131\u00e7daro\u011flu, 23 Aral\u0131k Cuma g\u00fcn\u00fc ise Menemen&#8217;e giderek Aste\u011fmen Kubilay&#8217;\u0131n \u015fehit edili\u015finin 81. y\u0131l\u0131 nedeniyle d\u00fczenlenecek anma t\u00f6renine kat\u0131lacak. K\u0131l\u0131\u00e7daro\u011flu, Menemen Belediyesini ziyaret ederek, vatanda\u015flarla da bir araya gelecek.<\/p>\n<p style=\"text-align: justify;\"><a href=\"http:\/\/www.gazeteport.com.tr\/haber\/69198\/chpde_o_baskan_gorevden_alindi\" target=\"_blank\">Kaynak : GAZETEPORT<\/a><\/p>\n","protected":false},"excerpt":{"rendered":"<p style=\"text-align: center;\">\n<p style=\"text-align: justify;\">CHP Gen\u00e7lik Kollar\u0131 Genel Ba\u015fkan\u0131 \u0130rfan \u0130nan\u00e7 Y\u0131ld\u0131z, g\u00f6revden al\u0131nd\u0131.<\/p>\n<p style=\"text-align: justify;\">CHP Merkez Y\u00f6netim Kurulu (MYK), Genel Ba\u015fkan Kemal K\u0131l\u0131\u00e7daro\u011flu ba\u015fkanl\u0131\u011f\u0131nda topland\u0131.<\/p>\n<p style=\"text-align: justify;\">Toplant\u0131ya ili\u015fkin yap\u0131lan yaz\u0131l\u0131 a\u00e7\u0131klamada, MYK&#8217;da g\u00fcndemdeki konular\u0131n de\u011ferlendirildi\u011fi belirtildi. <\/p>\n","protected":false},"author":1,"featured_media":0,"comment_status":"open","ping_status":"open","sticky":false,"template":"","format":"standard","meta":{"footnotes":""},"categories":[105],"tags":[],"class_list":["post-44522","post","type-post","status-publish","format-standard","hentry","category-gundem","odd"],"_links":{"self":[{"href":"http:\/\/www.korhanyilmaz.com\/index.php?rest_route=\/wp\/v2\/posts\/44522","targetHints":{"allow":["GET"]}}],"collection":[{"href":"http:\/\/www.korhanyilmaz.com\/index.php?rest_route=\/wp\/v2\/posts"}],"about":[{"href":"http:\/\/www.korhanyilmaz.com\/index.php?rest_route=\/wp\/v2\/types\/post"}],"author":[{"embeddable":true,"href":"http:\/\/www.korhanyilmaz.com\/index.php?rest_route=\/wp\/v2\/users\/1"}],"replies":[{"embeddable":true,"href":"http:\/\/www.korhanyilmaz.com\/index.php?rest_route=%2Fwp%2Fv2%2Fcomments&post=44522"}],"version-history":[{"count":0,"href":"http:\/\/www.korhanyilmaz.com\/index.php?rest_route=\/wp\/v2\/posts\/44522\/revisions"}],"wp:attachment":[{"href":"http:\/\/www.korhanyilmaz.com\/index.php?rest_route=%2Fwp%2Fv2%2Fmedia&parent=44522"}],"wp:term":[{"taxonomy":"category","embeddable":true,"href":"http:\/\/www.korhanyilmaz.com\/index.php?rest_route=%2Fwp%2Fv2%2Fcategories&post=44522"},{"taxonomy":"post_tag","embeddable":true,"href":"http:\/\/www.korhanyilmaz.com\/index.php?rest_route=%2Fwp%2Fv2%2Ftags&post=44522"}],"curies":[{"name":"wp","href":"https:\/\/api.w.org\/{rel}","templated":true}]}}