{"id":44519,"date":"2011-12-19T17:25:22","date_gmt":"2011-12-19T15:25:22","guid":{"rendered":"http:\/\/www.korhanyilmaz.com\/?p=44519"},"modified":"2011-12-20T01:16:29","modified_gmt":"2011-12-19T23:16:29","slug":"erdogan-rahmi-kocu-kabul-etti","status":"publish","type":"post","link":"http:\/\/www.korhanyilmaz.com\/?p=44519","title":{"rendered":"Erdo\u011fan, Rahmi Ko\u00e7&#8217;u kabul etti"},"content":{"rendered":"<p style=\"text-align: center;\"><a href=\"http:\/\/www.korhanyilmaz.com\/wp-content\/uploads\/2011\/12\/8661.jpg\"  class=\"lightview\"><img loading=\"lazy\" decoding=\"async\" class=\"aligncenter  wp-image-44520\" src=\"http:\/\/www.korhanyilmaz.com\/wp-content\/uploads\/2011\/12\/8661.jpg\" alt=\"\" width=\"396\" height=\"180\" \/><\/a><\/p>\n<p style=\"text-align: justify;\">Ba\u015fbakan Recep Tayyip Erdo\u011fan, i\u015fadam\u0131 Rahmi Ko\u00e7&#8217;u kabul etti. Ko\u00e7, Erdo\u011fan&#8217;a &#8220;ge\u00e7mi\u015f olsun&#8221; dileklerini iletti. G\u00f6r\u00fc\u015fmede yerli otomobil \u00fcretiminin de g\u00fcndeme geldi\u011fi \u00f6\u011frenildi.<\/p>\n<p style=\"text-align: justify;\">\u0130STANBUL &#8211; Ba\u015fbakan Recep Tayyip Erdo\u011fan, i\u015fadam\u0131 Rahmi Ko\u00e7&#8217;u kabul etti. Dolmabah\u00e7e&#8217;deki Ba\u015fbakanl\u0131k \u00c7al\u0131\u015fma Ofisi&#8217;nde yap\u0131lan g\u00f6r\u00fc\u015fme, bas\u0131na kapal\u0131 olarak ger\u00e7ekle\u015fti.<!--more--><\/p>\n<p style=\"text-align: justify;\">Ko\u00e7, Erdo\u011fan&#8217;a &#8220;ge\u00e7mi\u015f olsun&#8221; dileklerini iletti. G\u00f6r\u00fc\u015fmede yerli otomobil \u00fcretiminin de g\u00fcndeme geldi\u011fi \u00f6\u011frenildi. Ko\u00e7 Holding \u015eeref Ba\u015fkan\u0131 Rahmi Ko\u00e7a ameliyat\u0131n\u0131n ard\u0131ndan evinde dinlenen Erdo\u011fan&#8217;a bir mektup g\u00f6ndermi\u015fti. Ko\u00e7, Antalya&#8217;da kat\u0131ld\u0131\u011f\u0131 bir toplant\u0131da, Ba\u015fbakan Erdo\u011fan&#8217;a sa\u011fl\u0131\u011f\u0131n demokrasi gibi oldu\u011fu ve elden gitmeyince k\u0131ymetinin bilinmeyece\u011fini, \u00e7ok \u00f6nemli oldu\u011funu ve dikkat etmesi gerekti\u011fini mektupla yazd\u0131\u011f\u0131n\u0131 s\u00f6ylemi\u015fti.<\/p>\n<p style=\"text-align: justify;\"><a href=\"http:\/\/www.gazeteport.com.tr\/haber\/69175\/erdogan_rahmi_kocu_kabul_etti\" target=\"_blank\">Kaynak : GAZETEPORT<\/a><\/p>\n","protected":false},"excerpt":{"rendered":"<p style=\"text-align: center;\">\n<p style=\"text-align: justify;\">Ba\u015fbakan Recep Tayyip Erdo\u011fan, i\u015fadam\u0131 Rahmi Ko\u00e7&#8217;u kabul etti. Ko\u00e7, Erdo\u011fan&#8217;a &#8220;ge\u00e7mi\u015f olsun&#8221; dileklerini iletti. G\u00f6r\u00fc\u015fmede yerli otomobil \u00fcretiminin de g\u00fcndeme geldi\u011fi \u00f6\u011frenildi.<\/p>\n<p style=\"text-align: justify;\">\u0130STANBUL &#8211; Ba\u015fbakan Recep Tayyip Erdo\u011fan, i\u015fadam\u0131 Rahmi Ko\u00e7&#8217;u kabul etti. Dolmabah\u00e7e&#8217;deki Ba\u015fbakanl\u0131k \u00c7al\u0131\u015fma Ofisi&#8217;nde yap\u0131lan g\u00f6r\u00fc\u015fme, bas\u0131na kapal\u0131 olarak ger\u00e7ekle\u015fti.<\/p>\n","protected":false},"author":1,"featured_media":0,"comment_status":"open","ping_status":"open","sticky":false,"template":"","format":"standard","meta":{"footnotes":""},"categories":[105],"tags":[],"class_list":["post-44519","post","type-post","status-publish","format-standard","hentry","category-gundem","odd"],"_links":{"self":[{"href":"http:\/\/www.korhanyilmaz.com\/index.php?rest_route=\/wp\/v2\/posts\/44519","targetHints":{"allow":["GET"]}}],"collection":[{"href":"http:\/\/www.korhanyilmaz.com\/index.php?rest_route=\/wp\/v2\/posts"}],"about":[{"href":"http:\/\/www.korhanyilmaz.com\/index.php?rest_route=\/wp\/v2\/types\/post"}],"author":[{"embeddable":true,"href":"http:\/\/www.korhanyilmaz.com\/index.php?rest_route=\/wp\/v2\/users\/1"}],"replies":[{"embeddable":true,"href":"http:\/\/www.korhanyilmaz.com\/index.php?rest_route=%2Fwp%2Fv2%2Fcomments&post=44519"}],"version-history":[{"count":0,"href":"http:\/\/www.korhanyilmaz.com\/index.php?rest_route=\/wp\/v2\/posts\/44519\/revisions"}],"wp:attachment":[{"href":"http:\/\/www.korhanyilmaz.com\/index.php?rest_route=%2Fwp%2Fv2%2Fmedia&parent=44519"}],"wp:term":[{"taxonomy":"category","embeddable":true,"href":"http:\/\/www.korhanyilmaz.com\/index.php?rest_route=%2Fwp%2Fv2%2Fcategories&post=44519"},{"taxonomy":"post_tag","embeddable":true,"href":"http:\/\/www.korhanyilmaz.com\/index.php?rest_route=%2Fwp%2Fv2%2Ftags&post=44519"}],"curies":[{"name":"wp","href":"https:\/\/api.w.org\/{rel}","templated":true}]}}