{"id":4451,"date":"2009-03-02T13:24:22","date_gmt":"2009-03-02T11:24:22","guid":{"rendered":"http:\/\/www.korhanyilmaz.com\/?p=4451"},"modified":"2009-03-02T13:24:22","modified_gmt":"2009-03-02T11:24:22","slug":"faturayi-partisine-kesti","status":"publish","type":"post","link":"http:\/\/www.korhanyilmaz.com\/?p=4451","title":{"rendered":"Faturay\u0131 partisine kesti !"},"content":{"rendered":"<p style=\"text-align: justify;\"><img loading=\"lazy\" decoding=\"async\" class=\"aligncenter size-full wp-image-4452\" title=\"Faturay\u0131 partisine kesti ! \" src=\"http:\/\/www.korhanyilmaz.com\/wp-content\/uploads\/2009\/03\/020320091329290676897.jpg\" alt=\"Faturay\u0131 partisine kesti ! \" width=\"376\" height=\"240\" \/><\/p>\n<p style=\"text-align: justify;\"><strong>Baykal, K\u0131l\u0131\u00e7daro\u011flu&#8217;nun se\u00e7im otob\u00fcs\u00fcnde meydana gelen olaylara ili\u015fkin a\u00e7\u0131klamalarda bulundu.<\/strong><\/p>\n<p style=\"text-align: justify;\">CHP Genel Ba\u015fkan\u0131 Deniz Baykal, \u0130stanbul&#8217;da Belediye Ba\u015fkan aday\u0131 Kemal K\u0131l\u0131\u00e7daro\u011flu&#8217;nun se\u00e7im otob\u00fcs\u00fcnde ya\u015fanan olaya ili\u015fkin yapt\u0131\u011f\u0131 yaz\u0131l\u0131 a\u00e7\u0131klamada, nedeni ne olursa olsun kad\u0131na ve g\u00f6revini yapmaya \u00e7al\u0131\u015fan medya mensuplar\u0131na \u015fiddet uygulamaya kalk\u0131\u015f\u0131lmas\u0131n\u0131n kabul edilemez oldu\u011funu vurgulad\u0131. Baykal, \u015funlar\u0131 kaydetti:<!--more--><br \/>\n&#8216;\u0130stanbul&#8217;da se\u00e7im \u00e7al\u0131\u015fmalar\u0131n\u0131 ba\u015far\u0131yla s\u00fcrd\u00fcren ve Ba\u015fbakan Erdo\u011fan&#8217;\u0131n da uykular\u0131n\u0131 ka\u00e7\u0131ran Anakent Belediye Ba\u015fkan aday\u0131m\u0131z Say\u0131n K\u0131l\u0131\u00e7daro\u011flu&#8217;nun se\u00e7im otob\u00fcs\u00fc i\u00e7inde ve d\u0131\u015f\u0131nda meydana gelen olaylar \u00e7ok \u00fcz\u00fcc\u00fc, \u00fcz\u00fcc\u00fc oldu\u011fu kadar d\u00fc\u015f\u00fcnd\u00fcr\u00fcc\u00fc ve anlaml\u0131d\u0131r. Ku\u015fkusuz i\u015fin i\u00e7inde i\u015f de vard\u0131r, olabilir. Bu \u00fcz\u00fcc\u00fc, anlaml\u0131 ve d\u00fc\u015f\u00fcnd\u00fcr\u00fcc\u00fc olay\u0131 da perde arkas\u0131 ne olursa olsun, kad\u0131na ve medyaya \u015fiddet uygulamaya kalk\u0131\u015f\u0131ld\u0131\u011f\u0131 i\u00e7in k\u0131n\u0131yorum&#8217;<\/p>\n<p style=\"text-align: justify;\">\nGenel Sekreter Yard\u0131mc\u0131s\u0131 Mehmet Ali \u00d6zpolat&#8217;\u0131n olay\u0131 ara\u015ft\u0131rmakla g\u00f6revlendirdi\u011fini bildiren Baykal, \u0130stanbul \u0130l Ba\u015fkan\u0131 G\u00fcrsel Tekin&#8217;in de olay\u0131 b\u00fct\u00fcn y\u00f6nleriyle de\u011ferlendirerek, benzeri olumsuzluklar\u0131n ya\u015fanmamas\u0131 i\u00e7in gerekli \u00f6nlemleri alaca\u011f\u0131n\u0131 belirtti.\n<\/p>\n<p style=\"text-align: justify;\"><span style=\"color: #888888;\">Kaynak : Vatan Gazetesi<\/span><\/p>\n<p style=\"text-align: justify;\">\n","protected":false},"excerpt":{"rendered":"<p style=\"text-align: justify;\">\n<p style=\"text-align: justify;\">Baykal, K\u0131l\u0131\u00e7daro\u011flu&#8217;nun se\u00e7im otob\u00fcs\u00fcnde meydana gelen olaylara ili\u015fkin a\u00e7\u0131klamalarda bulundu.<\/p>\n<p style=\"text-align: justify;\">CHP Genel Ba\u015fkan\u0131 Deniz Baykal, \u0130stanbul&#8217;da Belediye Ba\u015fkan aday\u0131 Kemal K\u0131l\u0131\u00e7daro\u011flu&#8217;nun se\u00e7im otob\u00fcs\u00fcnde ya\u015fanan olaya ili\u015fkin yapt\u0131\u011f\u0131 yaz\u0131l\u0131 a\u00e7\u0131klamada, nedeni ne olursa olsun kad\u0131na ve g\u00f6revini yapmaya \u00e7al\u0131\u015fan medya mensuplar\u0131na \u015fiddet uygulamaya kalk\u0131\u015f\u0131lmas\u0131n\u0131n kabul edilemez oldu\u011funu vurgulad\u0131. Baykal, <\/p>\n","protected":false},"author":1,"featured_media":0,"comment_status":"open","ping_status":"closed","sticky":false,"template":"","format":"standard","meta":{"footnotes":""},"categories":[105],"tags":[],"class_list":["post-4451","post","type-post","status-publish","format-standard","hentry","category-gundem","odd"],"_links":{"self":[{"href":"http:\/\/www.korhanyilmaz.com\/index.php?rest_route=\/wp\/v2\/posts\/4451","targetHints":{"allow":["GET"]}}],"collection":[{"href":"http:\/\/www.korhanyilmaz.com\/index.php?rest_route=\/wp\/v2\/posts"}],"about":[{"href":"http:\/\/www.korhanyilmaz.com\/index.php?rest_route=\/wp\/v2\/types\/post"}],"author":[{"embeddable":true,"href":"http:\/\/www.korhanyilmaz.com\/index.php?rest_route=\/wp\/v2\/users\/1"}],"replies":[{"embeddable":true,"href":"http:\/\/www.korhanyilmaz.com\/index.php?rest_route=%2Fwp%2Fv2%2Fcomments&post=4451"}],"version-history":[{"count":0,"href":"http:\/\/www.korhanyilmaz.com\/index.php?rest_route=\/wp\/v2\/posts\/4451\/revisions"}],"wp:attachment":[{"href":"http:\/\/www.korhanyilmaz.com\/index.php?rest_route=%2Fwp%2Fv2%2Fmedia&parent=4451"}],"wp:term":[{"taxonomy":"category","embeddable":true,"href":"http:\/\/www.korhanyilmaz.com\/index.php?rest_route=%2Fwp%2Fv2%2Fcategories&post=4451"},{"taxonomy":"post_tag","embeddable":true,"href":"http:\/\/www.korhanyilmaz.com\/index.php?rest_route=%2Fwp%2Fv2%2Ftags&post=4451"}],"curies":[{"name":"wp","href":"https:\/\/api.w.org\/{rel}","templated":true}]}}