{"id":44495,"date":"2011-12-16T10:21:05","date_gmt":"2011-12-16T08:21:05","guid":{"rendered":"http:\/\/www.korhanyilmaz.com\/?p=44495"},"modified":"2011-12-19T22:00:33","modified_gmt":"2011-12-19T20:00:33","slug":"yazicioglu-dustugu-an-radarlar-karardi","status":"publish","type":"post","link":"http:\/\/www.korhanyilmaz.com\/?p=44495","title":{"rendered":"Yaz\u0131c\u0131o\u011flu d\u00fc\u015ft\u00fc\u011f\u00fc an radarlar karard\u0131 !"},"content":{"rendered":"<p style=\"text-align: center;\"><a href=\"http:\/\/www.korhanyilmaz.com\/wp-content\/uploads\/2011\/12\/8655.jpg\"  class=\"lightview\"><img loading=\"lazy\" decoding=\"async\" class=\"aligncenter  wp-image-44496\" src=\"http:\/\/www.korhanyilmaz.com\/wp-content\/uploads\/2011\/12\/8655.jpg\" alt=\"\" width=\"280\" height=\"210\" \/><\/a><\/p>\n<p style=\"text-align: justify;\">Asker\u00ee \u00e7izelge, iddialar\u0131 do\u011frulad\u0131: Helikopter d\u00fc\u015ft\u00fc\u011f\u00fcnde sava\u015f u\u00e7aklar\u0131 b\u00f6lgedeydi.<\/p>\n<p style=\"text-align: justify;\">Muhsin Yaz\u0131c\u0131o\u011flu ve beraberindeki be\u015f ki\u015finin hayat\u0131n\u0131 kaybetti\u011fi helikopter kazas\u0131 esnas\u0131nda b\u00f6lgede bulunan sava\u015f u\u00e7aklar\u0131n\u0131n g\u00f6rev \u00e7izelgeleri ortaya \u00e7\u0131kt\u0131.<\/p>\n<p style=\"text-align: justify;\">B\u00fcy\u00fck Birlik Partisi&#8217;nin (BBP) merhum lideri Muhsin Yaz\u0131c\u0131o\u011flu ve beraberindeki be\u015f ki\u015finin hayat\u0131n\u0131 kaybetti\u011fi helikopter kazas\u0131 esnas\u0131nda b\u00f6lgede bulunan sava\u015f u\u00e7aklar\u0131n\u0131n g\u00f6rev \u00e7izelgeleri ortaya \u00e7\u0131kt\u0131.\u00a0<!--more--><\/p>\n<p style=\"text-align: justify;\">Hava Kuvvetleri Komutanl\u0131\u011f\u0131 Hava Savunma ve Komuta Kontrol Dairesi taraf\u0131ndan haz\u0131rlanan \u00e7izelge, DDK raporunda zikredilen b\u00f6lgedeki hava hareketlili\u011fini do\u011frulad\u0131. Zaman&#8217;\u0131n ula\u015ft\u0131\u011f\u0131 bilgilere g\u00f6re, kazadan birka\u00e7 dakika \u00f6nce olay mahallinin 28,5 km uza\u011f\u0131ndan ge\u00e7en jet, C Blok 50 tipi F-16 sava\u015f u\u00e7a\u011f\u0131yd\u0131. U\u00e7ak 14.07&#8217;de Merzifon \u00dcss\u00fc&#8217;nden havaland\u0131 ve saat 15.43&#8217;te ayn\u0131 havaalan\u0131na ini\u015f yapt\u0131. 152. Jet Filo Komutanl\u0131\u011f\u0131&#8217;na ba\u011fl\u0131 u\u00e7a\u011f\u0131n g\u00f6rev amac\u0131 muharip-tatbikat olarak belirtiliyor.<\/p>\n<p style=\"text-align: justify;\">Saat 14.59.47&#8217;de kaza mahallinin 28,5 km g\u00fcneydo\u011fusundan ge\u00e7en F-16, kuzeydo\u011fu y\u00f6n\u00fcnde ilerlerken, radarlar 15.03.02&#8217;de karar\u0131yor ve g\u00f6r\u00fcnt\u00fclerin tekrar geldi\u011fi 15.07.40&#8217;ta ise s\u00f6z konusu u\u00e7ak enkaz b\u00f6lgesinin bu kez yakla\u015f\u0131k 72 km uza\u011f\u0131nda g\u00f6r\u00fcl\u00fcyordu. G\u00f6rev \u00e7izelgesine g\u00f6re, di\u011fer iki jet Malatya-Erha\u00e7 Havaliman\u0131&#8217;ndan havaland\u0131 ve yine ayn\u0131 yere indi. \u0130kisi de F-4 sava\u015f u\u00e7a\u011f\u0131. HH721 numaral\u0131 olan u\u00e7ak 14.26&#8217;da havaland\u0131 ve \u00fcsse 15.41&#8217;de geri d\u00f6nd\u00fc. HK046 iz numaras\u0131 ta\u015f\u0131yan F-4 ise 14.45&#8217;te havaland\u0131 ve 15.49&#8217;da ini\u015f yapt\u0131. U\u00e7aklardan biri tatbikat di\u011feri ise ke\u015fif u\u00e7u\u015fu yap\u0131yordu.<\/p>\n<p style=\"text-align: justify;\">Daha \u00f6nce Devlet Denetleme Kurulu (DDK) raporunda zikredilen b\u00f6lgedeki hava hareketlili\u011fi, Hava Kuvvetleri Komutanl\u0131\u011f\u0131 Hava Savunma ve Komuta Kontrol Dairesi taraf\u0131ndan haz\u0131rlanan \u00e7izelge de net olarak do\u011frulanm\u0131\u015f oldu. Zaman&#8217;\u0131n daha \u00f6nce yay\u0131mlad\u0131\u011f\u0131 radar kay\u0131tlar\u0131nda enkaz b\u00f6lgesinin yak\u0131n\u0131nda 3 jet g\u00f6z\u00fck\u00fcyordu. G\u00f6r\u00fcnt\u00fclerde, b\u00f6lgenin en yak\u0131n\u0131ndaki MJ 524 numaral\u0131 F-16 sava\u015f u\u00e7a\u011f\u0131, 14.59.47&#8217;de kaza mahallinin 28,5 km g\u00fcneydo\u011fusundan ge\u00e7iyordu. U\u00e7ak kuzeydo\u011fu y\u00f6n\u00fcnde ilerlemeye devam ederken, radarlar 15.03.02&#8217;de karar\u0131yordu. G\u00f6r\u00fcnt\u00fclerin tekrar geldi\u011fi 15.07.40&#8217;ta ise s\u00f6z konusu u\u00e7ak enkaz b\u00f6lgesinin bu kez yakla\u015f\u0131k 72 km uza\u011f\u0131nda g\u00f6r\u00fcl\u00fcyordu. HK 046 ve HH721 numaral\u0131 di\u011fer F-16 ve F-4 de kazadan \u00f6nce MJ 524 numaral\u0131 u\u00e7ak ile yak\u0131n bir yerde g\u00f6r\u00fcl\u00fcyordu. G\u00f6r\u00fcnt\u00fcler geri geldi\u011finde HK 046 numaral\u0131 u\u00e7ak kaza b\u00f6lgesinin yakla\u015f\u0131k 90 km uza\u011f\u0131ndayken HH721&#8217;in uzakl\u0131\u011f\u0131 yakla\u015f\u0131k 110 km&#8217;ydi.<\/p>\n<p style=\"text-align: justify;\"><strong>O ANA DENK GELEN KARARMA\u00a0<\/strong><\/p>\n<p style=\"text-align: justify;\">Radarlar\u0131n karard\u0131\u011f\u0131 dakikalar ise Yaz\u0131c\u0131o\u011flu&#8217;nu ta\u015f\u0131yan helikopterin d\u00fc\u015ft\u00fc\u011f\u00fc ana denk geliyor. Dosyaya bakan Malatya \u00d6zel Yetkili Cumhuriyet Ba\u015fsavc\u0131l\u0131\u011f\u0131, radarlar\u0131n karard\u0131\u011f\u0131 dakikalarda Yaz\u0131c\u0131o\u011flu&#8217;nu ta\u015f\u0131yan helikopterin yak\u0131n\u0131ndan bir sava\u015f u\u00e7a\u011f\u0131n\u0131n ge\u00e7ip ge\u00e7medi\u011fini ara\u015ft\u0131r\u0131yor. Helikopterin \u00e7ok yak\u0131n\u0131ndan ge\u00e7en bir sava\u015f u\u00e7a\u011f\u0131n\u0131n, helikopterin d\u00fc\u015fmesine yol a\u00e7abilece\u011fi y\u00f6n\u00fcndeki bilgi Devlet Denetleme Kurulu raporuna girmi\u015fti. Hatta raporda benzeri bir olay\u0131n 1994&#8217;te Eski\u015fehir Jet \u00dcss\u00fc&#8217;nde ya\u015fand\u0131\u011f\u0131 ve bir helikopterin bu \u015fekilde d\u00fc\u015ft\u00fc\u011f\u00fc tespit edilmi\u015fti.<\/p>\n<p style=\"text-align: justify;\"><a href=\"http:\/\/www.haber3.com\/yazicioglu-dustugu-an-radarlar-karardi--1112050h.htm?interstitial=true\" target=\"_blank\">Kaynak : Haber3.com<\/a><\/p>\n","protected":false},"excerpt":{"rendered":"<p style=\"text-align: center;\">\n<p style=\"text-align: justify;\">Asker\u00ee \u00e7izelge, iddialar\u0131 do\u011frulad\u0131: Helikopter d\u00fc\u015ft\u00fc\u011f\u00fcnde sava\u015f u\u00e7aklar\u0131 b\u00f6lgedeydi.<\/p>\n<p style=\"text-align: justify;\">Muhsin Yaz\u0131c\u0131o\u011flu ve beraberindeki be\u015f ki\u015finin hayat\u0131n\u0131 kaybetti\u011fi helikopter kazas\u0131 esnas\u0131nda b\u00f6lgede bulunan sava\u015f u\u00e7aklar\u0131n\u0131n g\u00f6rev \u00e7izelgeleri ortaya \u00e7\u0131kt\u0131.<\/p>\n<p style=\"text-align: justify;\">B\u00fcy\u00fck Birlik Partisi&#8217;nin (BBP) merhum lideri Muhsin Yaz\u0131c\u0131o\u011flu ve beraberindeki be\u015f ki\u015finin hayat\u0131n\u0131 kaybetti\u011fi helikopter kazas\u0131 esnas\u0131nda b\u00f6lgede <\/p>\n","protected":false},"author":1,"featured_media":0,"comment_status":"open","ping_status":"open","sticky":false,"template":"","format":"standard","meta":{"footnotes":""},"categories":[105],"tags":[144,103,104],"class_list":["post-44495","post","type-post","status-publish","format-standard","hentry","category-gundem","tag-bbp","tag-helikopter-kazasi","tag-muhsin-yazicioglu","odd"],"_links":{"self":[{"href":"http:\/\/www.korhanyilmaz.com\/index.php?rest_route=\/wp\/v2\/posts\/44495","targetHints":{"allow":["GET"]}}],"collection":[{"href":"http:\/\/www.korhanyilmaz.com\/index.php?rest_route=\/wp\/v2\/posts"}],"about":[{"href":"http:\/\/www.korhanyilmaz.com\/index.php?rest_route=\/wp\/v2\/types\/post"}],"author":[{"embeddable":true,"href":"http:\/\/www.korhanyilmaz.com\/index.php?rest_route=\/wp\/v2\/users\/1"}],"replies":[{"embeddable":true,"href":"http:\/\/www.korhanyilmaz.com\/index.php?rest_route=%2Fwp%2Fv2%2Fcomments&post=44495"}],"version-history":[{"count":0,"href":"http:\/\/www.korhanyilmaz.com\/index.php?rest_route=\/wp\/v2\/posts\/44495\/revisions"}],"wp:attachment":[{"href":"http:\/\/www.korhanyilmaz.com\/index.php?rest_route=%2Fwp%2Fv2%2Fmedia&parent=44495"}],"wp:term":[{"taxonomy":"category","embeddable":true,"href":"http:\/\/www.korhanyilmaz.com\/index.php?rest_route=%2Fwp%2Fv2%2Fcategories&post=44495"},{"taxonomy":"post_tag","embeddable":true,"href":"http:\/\/www.korhanyilmaz.com\/index.php?rest_route=%2Fwp%2Fv2%2Ftags&post=44495"}],"curies":[{"name":"wp","href":"https:\/\/api.w.org\/{rel}","templated":true}]}}