{"id":44490,"date":"2011-12-19T16:10:56","date_gmt":"2011-12-19T14:10:56","guid":{"rendered":"http:\/\/www.korhanyilmaz.com\/?p=44490"},"modified":"2011-12-19T16:31:44","modified_gmt":"2011-12-19T14:31:44","slug":"20-pkkli-olduruldu","status":"publish","type":"post","link":"http:\/\/www.korhanyilmaz.com\/?p=44490","title":{"rendered":"20 PKK&#8217;l\u0131 \u00f6ld\u00fcr\u00fcld\u00fc"},"content":{"rendered":"<p style=\"text-align: justify;\"><a href=\"http:\/\/www.korhanyilmaz.com\/wp-content\/uploads\/2011\/12\/8654.jpg\"  class=\"lightview\"><img loading=\"lazy\" decoding=\"async\" class=\"aligncenter size-full wp-image-44491\" title=\"\" src=\"http:\/\/www.korhanyilmaz.com\/wp-content\/uploads\/2011\/12\/8654.jpg\" alt=\"\" width=\"292\" height=\"224\" \/><\/a><\/p>\n<p style=\"text-align: justify;\">Diyarbak\u0131r\u2019\u0131n Dicle \u0130l\u00e7esi k\u0131rsal\u0131nda say\u0131lar\u0131 50\u2019yi buldu\u011fu belirtilen PKK\u2019l\u0131lara y\u00f6nelik ba\u015flat\u0131lan hava destekli operasyonda PKK&#8217;l\u0131lar Kobra helikopterleri taraf\u0131ndan yo\u011fun ate\u015f alt\u0131na al\u0131nd\u0131. Operasyon s\u00fcrerken, Diyarbak\u0131r Valisi Mustafa Toprak, &#8220;Kesin olmamakla birlikte 15-20 ter\u00f6ristin etkisiz hala getirildi\u011fini d\u00fc\u015f\u00fcn\u00fcyoruz&#8221; dedi.\u00a0<!--more--><\/p>\n<p style=\"text-align: justify;\">Karadan komandolar\u0131n sevkedildi\u011fi G\u00f6rese Da\u011f\u0131\u2019nda PKK\u2019l\u0131lar\u0131n kulland\u0131\u011f\u0131 bir \u00e7ok s\u0131\u011f\u0131na\u011f\u0131n ele ge\u00e7irildi. Komandolar\u0131n ile PKK\u2019l\u0131lar aras\u0131nda \u00e7at\u0131\u015fma s\u00fcr\u00fcrken, g\u00fcvenlik g\u00fc\u00e7lerinin PKK\u2019l\u0131lar\u0131n kulland\u0131\u011f\u0131 ana s\u0131\u011f\u0131na\u011f\u0131 da hedef ald\u0131\u011f\u0131 kaydedildi. Yetkililer, b\u00f6lgede operasyonlar\u0131n s\u00fcrd\u00fc\u011f\u00fcn\u00fc ve hen\u00fcz sonu\u00e7lanmad\u0131\u011f\u0131n\u0131 belirterek, operasyon sonunda a\u00e7\u0131klama yap\u0131laca\u011f\u0131n\u0131 belirtti.<\/p>\n<p style=\"text-align: justify;\"><strong>Validen a\u00e7\u0131klama\u00a0<\/strong><\/p>\n<p style=\"text-align: justify;\">Diyarbak\u0131r\u2019\u0131n Dicle \u0130l\u00e7esi k\u0131rsal\u0131ndaki G\u00f6rese Da\u011f\u0131\u2019ndaki hava destekli operasyon s\u00fcrd\u00fcr\u00fcl\u00fcrken; Diyarbak\u0131r Valisi Mustafa Toprak, &#8220;Kesin olmamakla birlikte 15-20 ter\u00f6ristin etkisiz hala getirildi\u011fini d\u00fc\u015f\u00fcn\u00fcyoruz&#8221; dedi.<\/p>\n<p style=\"text-align: justify;\">Diyarbak\u0131r Valisi Mustafa Toprak, operasyonun sonu\u00e7lar\u0131 ve ka\u00e7 ter\u00f6ristin etkisiz hale getirildi\u011fi konusunda \u015fu a\u015famada a\u00e7\u0131klama yapmalar\u0131n\u0131n do\u011fru olamayaca\u011f\u0131n\u0131 da s\u00f6yledi. Toprak, &#8220;B\u00f6lgede s\u0131\u011f\u0131naklar ve ma\u011faralar var. B\u00f6lgenin may\u0131nland\u0131\u011f\u0131n\u0131 biliyoruz. Bu nedenle arazi arama ve tarama faliyetlerine \u015fu a\u015famada hen\u00fcz ba\u015flamad\u0131. B\u00f6lgeye \u00e7evre b\u00f6lgelerden k\u0131\u015f \u00fcstlenmesi i\u00e7in gelen 40-50 ter\u00f6ristin oldu\u011funu tahmin ediyoruz. 3 g\u00fcnd\u00fcr s\u00fcren \u00e7at\u0131\u015fmalardan kesin olmamakla birlikte 15-20 ter\u00f6ristin etkisiz hala getirildi\u011fini d\u00fc\u015f\u00fcn\u00fcyoruz. Ama kesin sonu\u00e7, operasyondan sonra arazi arama ve tarama faliyetlerinde ortaya \u00e7\u0131kacakt\u0131r. \u00c7\u00fcnk\u00fc ter\u00f6ristlerin \u00f6len ya da yaralanan arkada\u015flar\u0131n\u0131 ka\u00e7\u0131rd\u0131klar\u0131n\u0131 ve saklad\u0131klar\u0131n\u0131 biliyoruz. Operasyon hava destekli olarak kat\u0131lan b\u00fct\u00fcn birliklerin uyum ve koordinasyon i\u00e7erisinde devam ediyor. Zaiyat vermemek i\u00e7in operasyona kat\u0131lan birlikler b\u00fcy\u00fck bir titizlik g\u00f6steriyor. Operasyon bittikten sonra sonu\u00e7lar\u0131 kamuoyu ile payla\u015f\u0131lacakt\u0131r&#8221; dedi.<\/p>\n<p style=\"text-align: justify;\"><strong>B\u00f6lgeye giden \u00a0BDP\u2019lilere ele\u015ftiri\u00a0<\/strong><\/p>\n<p style=\"text-align: justify;\">Vali Toprak, bug\u00fcn operasyon b\u00f6lgesine gitmek i\u00e7in Diyarbak\u0131r\u2019dan Dicle \u0130l\u00e7esi\u2019ne giden ve aralar\u0131nda milletvekillerininde bulundu\u011fu BDP\u2019lileri ve Bar\u0131\u015f Annelerini de ele\u015ftirdi. Toprak, &#8220;Bunlar ter\u00f6r \u00f6rg\u00fct\u00fcn\u00fcn tehdit ve direktifleri ile operasyon b\u00f6lgesine, operasyonun etkilerini k\u0131rmak i\u00e7in gidiyorlar. Bunlar bug\u00fcne kadar bu kadar g\u00f6zya\u015f\u0131 d\u00f6k\u00fcl\u00fcrken neden gidip da\u011fa \u00e7\u0131kan \u00e7ocuklar\u0131n\u0131 oradan getirmediler. Onun i\u00e7in neden bir \u00e7aba i\u00e7erisinde olmad\u0131lar. \u0130llahi bir \u00e7at\u0131\u015fma olmas\u0131n\u0131 m\u0131 bekliyorlard\u0131. Yapt\u0131klar\u0131 do\u011fru de\u011fildir. B\u00f6lgedeki ter\u00f6rist faliyetleri etkisiz hale getirilinceye kadar \u00e7al\u0131\u015fmalar devam edecektir. Biz vatanda\u015f\u0131m\u0131z\u0131n can ve mal g\u00fcvenli\u011fini korumak i\u00e7in ne gerikiyorsa onu yap\u0131yoruz&#8221; dedi.<\/p>\n<p style=\"text-align: justify;\"><a href=\"http:\/\/www.cnnturk.com\/2011\/turkiye\/12\/19\/20.pkkli.olduruldu\/641150.0\/index.html\" target=\"_blank\">Kaynak : CNN T\u00dcRK<\/a><\/p>\n","protected":false},"excerpt":{"rendered":"<p style=\"text-align: justify;\">\n<p style=\"text-align: justify;\">Diyarbak\u0131r\u2019\u0131n Dicle \u0130l\u00e7esi k\u0131rsal\u0131nda say\u0131lar\u0131 50\u2019yi buldu\u011fu belirtilen PKK\u2019l\u0131lara y\u00f6nelik ba\u015flat\u0131lan hava destekli operasyonda PKK&#8217;l\u0131lar Kobra helikopterleri taraf\u0131ndan yo\u011fun ate\u015f alt\u0131na al\u0131nd\u0131. Operasyon s\u00fcrerken, Diyarbak\u0131r Valisi Mustafa Toprak, &#8220;Kesin olmamakla birlikte 15-20 ter\u00f6ristin etkisiz hala getirildi\u011fini d\u00fc\u015f\u00fcn\u00fcyoruz&#8221; dedi. <\/p>\n","protected":false},"author":1,"featured_media":0,"comment_status":"open","ping_status":"open","sticky":false,"template":"","format":"standard","meta":{"footnotes":""},"categories":[105],"tags":[],"class_list":["post-44490","post","type-post","status-publish","format-standard","hentry","category-gundem","odd"],"_links":{"self":[{"href":"http:\/\/www.korhanyilmaz.com\/index.php?rest_route=\/wp\/v2\/posts\/44490","targetHints":{"allow":["GET"]}}],"collection":[{"href":"http:\/\/www.korhanyilmaz.com\/index.php?rest_route=\/wp\/v2\/posts"}],"about":[{"href":"http:\/\/www.korhanyilmaz.com\/index.php?rest_route=\/wp\/v2\/types\/post"}],"author":[{"embeddable":true,"href":"http:\/\/www.korhanyilmaz.com\/index.php?rest_route=\/wp\/v2\/users\/1"}],"replies":[{"embeddable":true,"href":"http:\/\/www.korhanyilmaz.com\/index.php?rest_route=%2Fwp%2Fv2%2Fcomments&post=44490"}],"version-history":[{"count":0,"href":"http:\/\/www.korhanyilmaz.com\/index.php?rest_route=\/wp\/v2\/posts\/44490\/revisions"}],"wp:attachment":[{"href":"http:\/\/www.korhanyilmaz.com\/index.php?rest_route=%2Fwp%2Fv2%2Fmedia&parent=44490"}],"wp:term":[{"taxonomy":"category","embeddable":true,"href":"http:\/\/www.korhanyilmaz.com\/index.php?rest_route=%2Fwp%2Fv2%2Fcategories&post=44490"},{"taxonomy":"post_tag","embeddable":true,"href":"http:\/\/www.korhanyilmaz.com\/index.php?rest_route=%2Fwp%2Fv2%2Ftags&post=44490"}],"curies":[{"name":"wp","href":"https:\/\/api.w.org\/{rel}","templated":true}]}}