{"id":44482,"date":"2011-12-19T10:45:18","date_gmt":"2011-12-19T08:45:18","guid":{"rendered":"http:\/\/www.korhanyilmaz.com\/?p=44482"},"modified":"2011-12-19T16:14:55","modified_gmt":"2011-12-19T14:14:55","slug":"ak-parti-islak-imza-davasina-mudahil","status":"publish","type":"post","link":"http:\/\/www.korhanyilmaz.com\/?p=44482","title":{"rendered":"AK Parti \u2018Islak \u0130mza&#8217; davas\u0131na m\u00fcdahil"},"content":{"rendered":"<p style=\"text-align: center;\"><a href=\"http:\/\/www.korhanyilmaz.com\/wp-content\/uploads\/2011\/12\/8652.jpg\"  class=\"lightview\"><img loading=\"lazy\" decoding=\"async\" class=\"aligncenter  wp-image-44483\" src=\"http:\/\/www.korhanyilmaz.com\/wp-content\/uploads\/2011\/12\/8652.jpg\" alt=\"\" width=\"291\" height=\"246\" \/><\/a><\/p>\n<p style=\"text-align: justify;\">AK Parti, Silivri&#8217;de g\u00f6r\u00fclen \u201c\u0130rtica ile M\u00fccadele Eylem Plan\u0131\u201d davas\u0131na m\u00fcdahil olarak kat\u0131lacak.<\/p>\n<p style=\"text-align: justify;\">\u0130STANBUL &#8211; \u0130stanbul 13. A\u011f\u0131r Ceza Mahkemesi taraf\u0131ndan g\u00f6r\u00fclen &#8221;\u0130rtica ile M\u00fccadele Eylem Plan\u0131&#8221; duru\u015fmas\u0131na tutuklu san\u0131klar eski 1. Ordu Komutan\u0131 emekli Orgeneral Hasan I\u011fs\u0131z, Koramiral Mehmet Otuzbiro\u011flu, korgeneraller Mehmet Er\u00f6z ve \u0130smail Hakk\u0131 Pekin, T\u00fcmgeneral H\u0131fz\u0131 \u00c7ubuklu, Tu\u011famiral Alaettin Sevim, albaylar Sedat \u00d6z\u00fcer ve Ziya \u0130lker G\u00f6kta\u015f, emekli albaylar Dursun \u00c7i\u00e7ek, Fuat Selvi, Hulusi G\u00fclbahar ve Cemal G\u00f6k\u00e7eo\u011flu, sivil memur Mehmet B\u00fclent Sar\u0131kahya, eski Ayd\u0131nl\u0131k Dergisi Genel Yay\u0131n Y\u00f6netmeni Mehmet Deniz Y\u0131ld\u0131r\u0131m ve avukat Serdar \u00d6zt\u00fcrk kat\u0131ld\u0131.\u00a0<!--more--><\/p>\n<p style=\"text-align: justify;\">Duru\u015fmada, bu dava kapsam\u0131nda tutuksuz yarg\u0131lanan ikinci &#8221;Ergenekon&#8221; davas\u0131n\u0131n tutuklu san\u0131\u011f\u0131 Hasan Ataman Y\u0131ld\u0131r\u0131m&#8217;\u0131n ile Fatih Koca ve Murat Usluk\u0131l\u0131\u00e7 da haz\u0131r bulundu.<\/p>\n<p style=\"text-align: justify;\">YA\u015e karar\u0131yla Kara Kuvvetleri E\u011fitim ve Doktrin Komutanl\u0131\u011f\u0131na atanan ve hakk\u0131nda yakalama karar\u0131 bulunan Orgeneral H\u00fcseyin Nusret Ta\u015fdeler ve T\u00fcmgeneral Mustafa Bak\u0131c\u0131 ile k\u0131rm\u0131z\u0131 b\u00fclten ile aranan Bedrettin Dalan ise duru\u015fmaya gelmedi.<\/p>\n<p style=\"text-align: justify;\">Duru\u015fmada, avukat Muammer Cemalo\u011flu, AK Parti ad\u0131na 16 Eyl\u00fcl 2008 tarihinde \u015fikayet dilek\u00e7esi verdiklerini ve davaya kat\u0131lmak istediklerini s\u00f6yledi.<\/p>\n<p style=\"text-align: justify;\">G\u00f6r\u00fc\u015f\u00fc sorulan savc\u0131 Mehmet Ali Pekg\u00fczel de, su\u00e7tan zarar g\u00f6rme olas\u0131l\u0131\u011f\u0131 nedeniyle AK Parti&#8217;nin davaya kat\u0131lma talebinin kabul edilmesini m\u00fctalaa etti.<\/p>\n<p style=\"text-align: justify;\">Tutuklu san\u0131klardan avukat Serdar \u00d6zt\u00fcrk, davan\u0131n sahte belgelerle haz\u0131rland\u0131\u011f\u0131n\u0131, bunun da polisler taraf\u0131ndan yap\u0131ld\u0131\u011f\u0131n\u0131 savunarak, bu talebin kabul edilmemesini istedi.<\/p>\n<p style=\"text-align: justify;\"><strong>\u00c7\u0130\u00c7EK: ZARAR G\u00d6REN B\u0130Z\u0130Z<\/strong><\/p>\n<p style=\"text-align: justify;\">Belgede imzas\u0131 bulundu\u011fu \u00f6ne s\u00fcr\u00fclen emekli Albay Dursun \u00c7i\u00e7ek de, davan\u0131n 32 ayd\u0131r devam eden bir s\u00fcreci kapsad\u0131\u011f\u0131n\u0131 ifade ederek, &#8221;\u015eimdi &#8216;zarar g\u00f6rd\u00fcm&#8217; diyen bu t\u00fczel ki\u015filik, 32 ayd\u0131r neredeydi?&#8221; diyerek kat\u0131lma talebinin reddine karar verilmesi gerekti\u011fini s\u00f6yledi. \u00c7i\u00e7ek, maddi ve manevi olarak davadan kendilerinin zarar g\u00f6rd\u00fc\u011f\u00fcn\u00fc savundu.<\/p>\n<p style=\"text-align: justify;\">Bu davayla birle\u015fen &#8221;Kamuoyunu y\u00f6nlendirme ama\u00e7l\u0131 internet siteleri&#8221; davas\u0131n\u0131n tutuklu san\u0131klar\u0131ndan Mehmet Otuzbiro\u011flu da, Nisan 2009 y\u0131l\u0131ndaki bir and\u0131\u00e7ta paraf\u0131 bulundu\u011fu i\u00e7in yarg\u0131land\u0131\u011f\u0131n\u0131 belirterek, m\u00fcdahil olmak i\u00e7in ba\u015fvuran t\u00fczel ki\u015fili\u011fin hangi zarara u\u011frad\u0131\u011f\u0131n\u0131 belirtmesi gerekti\u011fini kaydetti.<\/p>\n<p style=\"text-align: justify;\">Otuzbiro\u011flu, kendi yarg\u0131land\u0131\u011f\u0131 dosyadaki subaylar\u0131n bu talebi kabul etmesinin m\u00fcmk\u00fcn olmad\u0131\u011f\u0131n\u0131 dile getirdi.<\/p>\n<p style=\"text-align: justify;\">Duru\u015fmada s\u00f6z alan baz\u0131 san\u0131k avukatlar\u0131 da, m\u00fcdahillik talebinin kabul edilmemesini istediler.<\/p>\n<p style=\"text-align: justify;\"><strong>M\u00dcDAH\u0130LL\u0130K TALEB\u0130 KABUL ED\u0130LD\u0130<\/strong><\/p>\n<p style=\"text-align: justify;\">Duru\u015fmaya verilen arada talebi de\u011ferlendiren mahkeme heyeti, AK Parti&#8217;nin su\u00e7tan zarar g\u00f6reme olas\u0131l\u0131\u011f\u0131 oldu\u011fu gerek\u00e7esiyle davaya kat\u0131lma talebinin kabul edilmesini karara ba\u011flad\u0131.<\/p>\n<p style=\"text-align: justify;\"><strong>YEN\u0130 HAK\u0130MLER<\/strong><\/p>\n<p style=\"text-align: justify;\">Bu arada, ba\u015fkanl\u0131\u011f\u0131n\u0131 \u00d6zese&#8217;nin yapt\u0131\u011f\u0131 heyette, mahkemeye bir s\u00fcre \u00f6nce atanan Nihat Topal ve Mehmet Fatih Uslu \u00fcye hakim olarak yer al\u0131rken, savc\u0131 Mehmet Ali Pekg\u00fczel&#8217;in yan\u0131nda da savc\u0131 Murat Dalku\u015f haz\u0131r bulundu.<\/p>\n<p style=\"text-align: justify;\"><strong>\u0130ZLEY\u0130C\u0130LER \u0130K\u0130 METRE DAHA UZAKLA\u015eTI<\/strong><\/p>\n<p style=\"text-align: justify;\">\u00d6te yandan, duru\u015fma salonunda izleyiciler ile san\u0131klar\u0131n bulundu\u011fu b\u00f6l\u00fcm aras\u0131na kilitli metal bariyer konuldu\u011fu g\u00f6r\u00fcld\u00fc. Yeni d\u00fczenleme sonucu, daha \u00f6nceden 3 metre mesafeden yak\u0131nlar\u0131yla g\u00f6r\u00fc\u015febilen izleyiciler, art\u0131k yakla\u015f\u0131k 5 metre mesafeden konu\u015fabilecekler.<\/p>\n<p style=\"text-align: justify;\"><a href=\"http:\/\/www.ntvmsnbc.com\/id\/25307176\/\" target=\"_blank\">Kaynak : NTVMSNBC<\/a><\/p>\n","protected":false},"excerpt":{"rendered":"<p style=\"text-align: center;\">\n<p style=\"text-align: justify;\">AK Parti, Silivri&#8217;de g\u00f6r\u00fclen \u201c\u0130rtica ile M\u00fccadele Eylem Plan\u0131\u201d davas\u0131na m\u00fcdahil olarak kat\u0131lacak.<\/p>\n<p style=\"text-align: justify;\">\u0130STANBUL &#8211; \u0130stanbul 13. A\u011f\u0131r Ceza Mahkemesi taraf\u0131ndan g\u00f6r\u00fclen &#8221;\u0130rtica ile M\u00fccadele Eylem Plan\u0131&#8221; duru\u015fmas\u0131na tutuklu san\u0131klar eski 1. Ordu Komutan\u0131 emekli Orgeneral Hasan I\u011fs\u0131z, Koramiral Mehmet Otuzbiro\u011flu, korgeneraller Mehmet Er\u00f6z ve \u0130smail Hakk\u0131 Pekin, <\/p>\n","protected":false},"author":1,"featured_media":0,"comment_status":"open","ping_status":"open","sticky":false,"template":"","format":"standard","meta":{"footnotes":""},"categories":[105],"tags":[],"class_list":["post-44482","post","type-post","status-publish","format-standard","hentry","category-gundem","odd"],"_links":{"self":[{"href":"http:\/\/www.korhanyilmaz.com\/index.php?rest_route=\/wp\/v2\/posts\/44482","targetHints":{"allow":["GET"]}}],"collection":[{"href":"http:\/\/www.korhanyilmaz.com\/index.php?rest_route=\/wp\/v2\/posts"}],"about":[{"href":"http:\/\/www.korhanyilmaz.com\/index.php?rest_route=\/wp\/v2\/types\/post"}],"author":[{"embeddable":true,"href":"http:\/\/www.korhanyilmaz.com\/index.php?rest_route=\/wp\/v2\/users\/1"}],"replies":[{"embeddable":true,"href":"http:\/\/www.korhanyilmaz.com\/index.php?rest_route=%2Fwp%2Fv2%2Fcomments&post=44482"}],"version-history":[{"count":0,"href":"http:\/\/www.korhanyilmaz.com\/index.php?rest_route=\/wp\/v2\/posts\/44482\/revisions"}],"wp:attachment":[{"href":"http:\/\/www.korhanyilmaz.com\/index.php?rest_route=%2Fwp%2Fv2%2Fmedia&parent=44482"}],"wp:term":[{"taxonomy":"category","embeddable":true,"href":"http:\/\/www.korhanyilmaz.com\/index.php?rest_route=%2Fwp%2Fv2%2Fcategories&post=44482"},{"taxonomy":"post_tag","embeddable":true,"href":"http:\/\/www.korhanyilmaz.com\/index.php?rest_route=%2Fwp%2Fv2%2Ftags&post=44482"}],"curies":[{"name":"wp","href":"https:\/\/api.w.org\/{rel}","templated":true}]}}