{"id":44479,"date":"2011-12-19T08:04:16","date_gmt":"2011-12-19T06:04:16","guid":{"rendered":"http:\/\/www.korhanyilmaz.com\/?p=44479"},"modified":"2011-12-19T15:48:56","modified_gmt":"2011-12-19T13:48:56","slug":"yarisi-izgara-yarisi-tava-oldu","status":"publish","type":"post","link":"http:\/\/www.korhanyilmaz.com\/?p=44479","title":{"rendered":"Yar\u0131s\u0131 Izgara Yar\u0131s\u0131 Tava oldu"},"content":{"rendered":"<div id=\"attachment_44328\" style=\"width: 85px\" class=\"wp-caption alignright\"><a href=\"http:\/\/www.korhanyilmaz.com\/wp-content\/uploads\/2011\/12\/8632.jpg\"  class=\"lightview\"><img loading=\"lazy\" decoding=\"async\" aria-describedby=\"caption-attachment-44328\" class=\" wp-image-44328  \" title=\"Mehmet Tezkan - Milliyet Gazetesi\" src=\"http:\/\/www.korhanyilmaz.com\/wp-content\/uploads\/2011\/12\/8632.jpg\" alt=\"\" width=\"75\" height=\"98\" \/><\/a><p id=\"caption-attachment-44328\" class=\"wp-caption-text\">Mehmet Tezkan<\/p><\/div>\n<p>Deniliyor ki, Ba\u015fbakan noktay\u0131 koydu.. K\u00f6\u015fk se\u00e7imi 2014\u2019te yap\u0131lacak.. Ben de diyorum ki, bu meselede son noktay\u0131 koymas\u0131 gereken ki\u015fi Ba\u015fbakan m\u0131yd\u0131?<\/p>\n<p>Can\u0131m y\u00fczde 50 oy ald\u0131\u011f\u0131na g\u00f6re o\u2019dur..<\/p>\n<p>Hukuken mi? Siyaseten mi?<\/p>\n<p>*<\/p>\n<p>Bu \u00f6nemli bir sorudur.. 2007\u2019de yap\u0131lan referandumdan \u00e7\u0131kan karar\u0131n hangi kurum taraf\u0131ndan yorumlanaca\u011f\u0131 ba\u015fl\u0131 ba\u015f\u0131na demokrasi sorunudur..<\/p>\n<p>Kuvvetler ayk\u0131r\u0131l\u0131\u011f\u0131yla ilintilidir..<\/p>\n<p>Ba\u015fbakan\u2019\u0131n 2014 a\u00e7\u0131klamas\u0131yla kuvvetler birli\u011fi oldu..<!--more--><\/p>\n<p>Niye mi?<\/p>\n<p>\u0130ddia ediyorum.. Y\u00fcksek Se\u00e7im Kurulu da Ba\u015fbakan\u2019\u0131n bu a\u00e7\u0131klamas\u0131ndan sonra 2014 diyecektir.. 2012 demeyecektir..<\/p>\n<p>Diyemeyecektir..<\/p>\n<p>*<\/p>\n<p>YSK madem ba\u011f\u0131ms\u0131z bir kurum, 2011 se\u00e7imlerinden \u00f6nce toplan\u0131p referandumdan \u00e7\u0131kan sonucu de\u011ferlendirecekti..<\/p>\n<p>Karar\u0131n\u0131 a\u00e7\u0131klayacakt\u0131..<\/p>\n<p>Do\u011fru olan\u0131, \u015f\u0131k olan\u0131, g\u00fczel olan\u0131 buydu..<\/p>\n<p>Yapmad\u0131lar..<\/p>\n<p>Siyasetin g\u00f6z\u00fcne bakt\u0131lar..<\/p>\n<p>*<\/p>\n<p>Genel se\u00e7imleri d\u00f6rt y\u0131lda.. Cumhurba\u015fkan\u0131 se\u00e7imini yedi y\u0131lda yaparak.. Bal\u0131\u011f\u0131n yar\u0131s\u0131n\u0131 tava, yar\u0131s\u0131n\u0131 \u0131zgara yapm\u0131\u015f olduk..<\/p>\n<p>Halk\u0131n iradesini i\u015fimize geldi\u011fi zaman dinlemi\u015f, i\u015fimize gelmedi\u011fi zaman dinlememi\u015f olduk..<\/p>\n<p>Referandumda halk ne dedi?<\/p>\n<p>Vekil se\u00e7imi be\u015f y\u0131ldan d\u00f6rt y\u0131la insin dedi..<\/p>\n<p>Cumhurba\u015fkanl\u0131\u011f\u0131 s\u00fcresi de yedi y\u0131ldan be\u015f y\u0131la..<\/p>\n<p>Birinci b\u00f6l\u00fcm\u00fc uygulad\u0131k.. Halk istiyor diye d\u00f6rd\u00fcnc\u00fc y\u0131l\u0131n sonunda se\u00e7im yapt\u0131k..<\/p>\n<p>\u0130kinci k\u0131sm\u0131n\u0131 uygulam\u0131yoruz..<\/p>\n<p>Yar\u0131s\u0131 tava, yar\u0131s\u0131 \u0131zgara demem bundan..<\/p>\n<p>*<\/p>\n<p>Haaa..<\/p>\n<p>Bana sorarsan\u0131z, ben de 2014 derim.. 2014 diye yorumlard\u0131m.. Do\u011frusu budur derdim..<\/p>\n<p>Dedim de zaten..<\/p>\n<p>Ba\u015fbakan\u2019\u0131n karar\u0131na bakarak de\u011fil, Ba\u015fbakan\u2019\u0131n karar\u0131ndan y\u0131llar \u00f6nce s\u00f6yledim..<\/p>\n<p>G\u00fcl yedi y\u0131ll\u0131\u011f\u0131na se\u00e7ildi, Anayasa G\u00fcl cumhurba\u015fkan\u0131 se\u00e7ildikten iki ay sonra de\u011fi\u015fti..<\/p>\n<p>G\u00fcl\u2019\u00fcn kazan\u0131lm\u0131\u015f hakk\u0131d\u0131r dedim.. Fransa\u2019y\u0131, Chirac\u2019\u0131 \u00f6rnek g\u00f6sterdim..<\/p>\n<p>*<\/p>\n<p>Ac\u0131 olan \u015fu..<\/p>\n<p>Baz\u0131 siyaset\u00e7ilerin, baz\u0131 yazar \u00e7izerlerin nereye hizalanaca\u011f\u0131n\u0131 kestirmeden fikir beyan etmemeleri..<\/p>\n<p>Edememeleri..<\/p>\n<p>Referandumdan sonra bu konuda tek kelime etmeyenler, kalem oynatmayanlar, bilmezden gelenler, Ba\u015fbakan\u2019\u0131n e\u011filimi belli olduktan sonra konu\u015fmaya ba\u015flad\u0131lar..<\/p>\n<p>Lafa bana g\u00f6re diye ba\u015flay\u0131p (sanki kendi fikriymi\u015f gibi) 2014 diyorlar..<\/p>\n<p>Ay\u0131p ediyorlar..<\/p>\n<p>Bunu bakanlar da yap\u0131yor, ba\u015fbakan yard\u0131mc\u0131lar\u0131 da, vekiller de, yazarlar da, \u00e7izerler de..<\/p>\n<p>Madem d\u00fcne kadar sustun, bug\u00fcn de sus!<\/p>\n<p>Madem fikrin vard\u0131, d\u00fcn s\u00f6yleseydin!<\/p>\n<p><span style=\"color: #993300; font-size: small;\"><strong>Milletvekilleri \u00e7ok ay\u0131p etti<\/strong><\/span><\/p>\n<p>Ne yapt\u0131lar diyeceksiniz?..<\/p>\n<p>Kendi dan\u0131\u015fmanlar\u0131n\u0131n maa\u015flar\u0131n\u0131 ikiye katlad\u0131lar.. \u0130kiden de fazlaya..<\/p>\n<p>2 binden 5 bin 400\u2019e \u00e7\u0131kard\u0131lar..<\/p>\n<p>Doktora, \u00f6\u011fretmene, h\u00e2kime, savc\u0131ya, polise, k\u0131saca memura enflasyon oran\u0131yla zam yap..<\/p>\n<p>Kamu i\u015f\u00e7isine y\u00fcz verme..<\/p>\n<p>Kendi dan\u0131\u015fman\u0131na y\u00fczde 100\u2019den fazla zam..<\/p>\n<p>Bu memlekette y\u00fczde 100\u2019\u00fcn \u00fczerinde zam alan ba\u015fkas\u0131 var m\u0131?<\/p>\n<p>Meclis\u2019te sekreter maa\u015f\u0131 bile 4 bin 700 lira olmu\u015f.. Doktor maa\u015f\u0131ndan fazla..<\/p>\n<p>Biliyorsunuz..<\/p>\n<p>Bir vekil kendisine yard\u0131mc\u0131 olmas\u0131 i\u00e7in \u00fc\u00e7 ki\u015fiyi Meclis\u2019e ald\u0131rabiliyor..<\/p>\n<p>Y\u00fczde 100\u2019\u00fc de a\u015fan zamm\u0131n nedeni bu..<\/p>\n<p>*<\/p>\n<p>Ba\u015fbakan\u2019a, Ekonomi Bakan\u0131\u2019na, Maliye Bakan\u0131\u2019na sorum \u015fu:<\/p>\n<p>Y\u00fczde 100\u2019\u00fcn \u00fczerinde zam \u00fclke ekonomisinin gere\u011fi midir?<\/p>\n<p><span style=\"font-size: small;\"><strong><span style=\"color: #993300;\">T\u00fcrke T\u00fcrk propagandas\u0131<\/span><\/strong><\/span><\/p>\n<p>Bunu en iyi yapan kim biliyor musunuz?<\/p>\n<p>AB Bakan\u0131, Ba\u015fm\u00fczakereci Egemen Ba\u011f\u0131\u015f.. Gaz\u0131 veriyor da veriyor..<\/p>\n<p>Zannedersin ki, biz Avrupa Birli\u011fi\u2019ne \u00fcye olmak istemiyoruz, Avrupa Birli\u011fi bize \u00fcye olmak istiyor..<\/p>\n<p>Her g\u00fcn yeni bi bomba patlat\u0131yor..<\/p>\n<p>Ortada yeni bi \u015fey yok ama alk\u0131\u015f k\u0131yamet gidiyor..<\/p>\n<p>Son bombas\u0131n\u0131 s\u00f6yleyeyim..<\/p>\n<p>Avrupa\u2019da konu\u015fma yapt\u0131\u011f\u0131 \u00fcniversitelerde diyormu\u015f ki, \u2018Di\u015finizi s\u0131k\u0131n bekleyin, T\u00fcrkiye gelip sizi kurtaracak.\u2019<\/p>\n<p>\u00d6v\u00fcnmek iyidir, ho\u015ftur da bu kadar\u0131 fazlad\u0131r.. Zararl\u0131d\u0131r..<\/p>\n<p>Geliri 800 milyar dolar olan T\u00fcrkiye, geliri 3 trilyon 400 milyar dolar olan Almanya\u2019y\u0131 m\u0131 kurtaracak?<\/p>\n<p>2.5 trilyon dolar olan Fransa\u2019y\u0131 m\u0131?<\/p>\n<p>2.2 trilyon dolar olan \u0130talya\u2019y\u0131 m\u0131?<\/p>\n<p>*<\/p>\n<p>B\u0131rak\u0131n Avrupa\u2019y\u0131 kurtarmay\u0131, Almanya durgunlu\u011fa girecek diye y\u00fcre\u011fimiz hop hop ediyor..<\/p>\n<p>\u0130hracat gerilerse, durma noktas\u0131na gelirse diye..<\/p>\n<p>Bakan\u2019\u0131n s\u00f6ylediklerine inanan yok mu?<\/p>\n<p>Var..<\/p>\n<p>Hem de \u00e7ok var..<\/p>\n<p>Biri bana dedi ki; Bize \u015f\u00fck\u00fcrler olsun, \u015fu Almanya\u2019n\u0131n d\u00fc\u015ft\u00fc\u011f\u00fc duruma bak..<\/p>\n<p><span style=\"font-size: small;\"><strong><span style=\"color: #993300;\">Deniz Feneri derin Almanya\u2019n\u0131n i\u015fiymi\u015f!<\/span><\/strong><\/span><\/p>\n<p>Bu konuda birka\u00e7 yaz\u0131 okudum.. Sekiz T\u00fcrk\u00fc bir Yunan\u0131 \u00f6ld\u00fcren Naziler var ya.. Cinayetleri, Alman derin devletinin g\u00f6zetiminde i\u015fledikleri ortaya \u00e7\u0131km\u0131\u015ft\u0131 ya..<\/p>\n<p>Onlar\u0131n yarg\u0131daki uzant\u0131s\u0131..<\/p>\n<p>Bizdeki de\u011fil, Alman yarg\u0131s\u0131ndaki uzant\u0131s\u0131 Deniz Feneri e.v derne\u011findeki baz\u0131 yolsuzluklara Ba\u015fbakan\u2019\u0131 da bula\u015ft\u0131rmak istemi\u015f..<\/p>\n<p>T\u00fcrk medyas\u0131ndaki uzant\u0131lar\u0131n\u0131 devreye sokmu\u015flar!..<\/p>\n<p>!!!!!..<\/p>\n<p>Kimmi\u015f onlar!<\/p>\n<p>*<\/p>\n<p>Yani.. \u015eunu demeye getiriyorlar..<\/p>\n<p>Deniz Feneri derin Almanya\u2019n\u0131n T\u00fcrkiye\u2019deki iktidar\u0131 y\u0131pratmak i\u00e7in kurdu\u011fu tuzak..<\/p>\n<p>*<\/p>\n<p>Bu sebeple olsa gerek..<\/p>\n<p>2008 y\u0131l\u0131nda ba\u015flat\u0131lan soru\u015fturma h\u00e2l\u00e2 bitmiyor.. Bitirilemiyor..<\/p>\n<p>Soru\u015fturma bir t\u00fcrl\u00fc bitmedi\u011fi i\u00e7in iddianame yaz\u0131lam\u0131yor.. Baz\u0131 ki\u015filer tutuklan\u0131yor, o ki\u015fileri tutuklatan savc\u0131lar g\u00f6revden al\u0131n\u0131yor, yerine yeni savc\u0131lar atan\u0131yor.. Mahkeme, d\u00f6rt aydan fazlas\u0131 cezaya d\u00f6n\u00fc\u015f\u00fcr diye tutuklanan ki\u015fileri tahliye ediyor.. Dondurulan mal varl\u0131klar\u0131n\u0131 serbest b\u0131rak\u0131yor..<\/p>\n<p>*<\/p>\n<p>\u015eimdi anlad\u0131m..<\/p>\n<p>B\u00fct\u00fcn bunlar derin Almanya\u2019n\u0131n oyununu bo\u015fa \u00e7\u0131karmak i\u00e7inmi\u015f!..<\/p>\n<p>Biz de ba\u015fka \u015feylere yorumlam\u0131\u015ft\u0131k..<\/p>\n<p><a href=\"http:\/\/gundem.milliyet.com.tr\/yarisi-izgara-yarisi-tava-oldu\/gundem\/gundemyazardetay\/19.12.2011\/1477281\/default.htm\" target=\"_blank\">Kaynak : Milliyet.com.tr<\/a><\/p>\n","protected":false},"excerpt":{"rendered":"<p id=\"caption-attachment-44328\" class=\"wp-caption-text\">Mehmet Tezkan<\/p>\n<p>Deniliyor ki, Ba\u015fbakan noktay\u0131 koydu.. K\u00f6\u015fk se\u00e7imi 2014\u2019te yap\u0131lacak.. Ben de diyorum ki, bu meselede son noktay\u0131 koymas\u0131 gereken ki\u015fi Ba\u015fbakan m\u0131yd\u0131?<\/p>\n<p>Can\u0131m y\u00fczde 50 oy ald\u0131\u011f\u0131na g\u00f6re o\u2019dur..<\/p>\n<p>Hukuken mi? Siyaseten mi?<\/p>\n<p>*<\/p>\n<p>Bu \u00f6nemli bir sorudur.. 2007\u2019de yap\u0131lan referandumdan \u00e7\u0131kan karar\u0131n hangi kurum taraf\u0131ndan yorumlanaca\u011f\u0131 ba\u015fl\u0131 ba\u015f\u0131na demokrasi sorunudur..<\/p>\n","protected":false},"author":1,"featured_media":0,"comment_status":"open","ping_status":"open","sticky":false,"template":"","format":"standard","meta":{"footnotes":""},"categories":[16],"tags":[561],"class_list":["post-44479","post","type-post","status-publish","format-standard","hentry","category-kose-yazilari","tag-mehmet-tezkan","odd"],"_links":{"self":[{"href":"http:\/\/www.korhanyilmaz.com\/index.php?rest_route=\/wp\/v2\/posts\/44479","targetHints":{"allow":["GET"]}}],"collection":[{"href":"http:\/\/www.korhanyilmaz.com\/index.php?rest_route=\/wp\/v2\/posts"}],"about":[{"href":"http:\/\/www.korhanyilmaz.com\/index.php?rest_route=\/wp\/v2\/types\/post"}],"author":[{"embeddable":true,"href":"http:\/\/www.korhanyilmaz.com\/index.php?rest_route=\/wp\/v2\/users\/1"}],"replies":[{"embeddable":true,"href":"http:\/\/www.korhanyilmaz.com\/index.php?rest_route=%2Fwp%2Fv2%2Fcomments&post=44479"}],"version-history":[{"count":0,"href":"http:\/\/www.korhanyilmaz.com\/index.php?rest_route=\/wp\/v2\/posts\/44479\/revisions"}],"wp:attachment":[{"href":"http:\/\/www.korhanyilmaz.com\/index.php?rest_route=%2Fwp%2Fv2%2Fmedia&parent=44479"}],"wp:term":[{"taxonomy":"category","embeddable":true,"href":"http:\/\/www.korhanyilmaz.com\/index.php?rest_route=%2Fwp%2Fv2%2Fcategories&post=44479"},{"taxonomy":"post_tag","embeddable":true,"href":"http:\/\/www.korhanyilmaz.com\/index.php?rest_route=%2Fwp%2Fv2%2Ftags&post=44479"}],"curies":[{"name":"wp","href":"https:\/\/api.w.org\/{rel}","templated":true}]}}