{"id":44475,"date":"2011-12-19T13:22:51","date_gmt":"2011-12-19T11:22:51","guid":{"rendered":"http:\/\/www.korhanyilmaz.com\/?p=44475"},"modified":"2011-12-19T15:42:19","modified_gmt":"2011-12-19T13:42:19","slug":"esad-arap-birligi-protokolunu-imzaladi","status":"publish","type":"post","link":"http:\/\/www.korhanyilmaz.com\/?p=44475","title":{"rendered":"Esad Arap Birli\u011fi protokol\u00fcn\u00fc imzalad\u0131"},"content":{"rendered":"<p style=\"text-align: center;\"><a href=\"http:\/\/www.korhanyilmaz.com\/wp-content\/uploads\/2011\/12\/8651.jpg\"  class=\"lightview\"><img loading=\"lazy\" decoding=\"async\" class=\"aligncenter  wp-image-44476\" src=\"http:\/\/www.korhanyilmaz.com\/wp-content\/uploads\/2011\/12\/8651.jpg\" alt=\"\" width=\"338\" height=\"195\" \/><\/a><\/p>\n<p style=\"text-align: justify;\">Suriye, Arap Birli\u011fi&#8217;nin sivillerin korunmas\u0131n\u0131 \u00f6ng\u00f6ren protokol\u00fcne bug\u00fcn imza att\u0131. Arap g\u00f6zlemcilerin Suriye&#8217;ye girmesine izin veren protokolu M\u0131s\u0131r&#8217;\u0131n ba\u015fkenti Kahire&#8217;de \u015eam ad\u0131na D\u0131\u015fi\u015fleri Bakan\u0131 yard\u0131mc\u0131s\u0131 Faisal Mekdad imzalad\u0131.<\/p>\n<p style=\"text-align: justify;\">Suriye D\u0131\u015fi\u015fleri Bakan\u0131 Velid Muallim de protokol\u00fcn imzalanmas\u0131 sonras\u0131nda yapt\u0131\u011f\u0131 a\u00e7\u0131klamada, \u015eam&#8217;\u0131n Arap \u00fclkeleri g\u00f6zlemcilerinin \u00fclkeye gelmesinden memnuniyet duyaca\u011f\u0131n\u0131 s\u00f6yledi.\u00a0<!--more--><\/p>\n<p style=\"text-align: justify;\"><strong>&#8216;RUSYA&#8217;NIN TAVS\u0130YES\u0130YLE \u0130MZALADIK&#8217;<\/strong><\/p>\n<p style=\"text-align: justify;\">Suriye D\u0131\u015fi\u015fleri Bakan\u0131 Velid Muallim, Suriye&#8217;nin Arap Birli\u011fi protokol\u00fcn\u00fc imzalamas\u0131nda Rusya&#8217;n\u0131n tavsiyesinin etkili oldu\u011funu da belirtti.<\/p>\n<p style=\"text-align: justify;\"><strong>YAPTIRIM KARARI ALINMI\u015eTI<\/strong><\/p>\n<p style=\"text-align: justify;\">Suriye haftalard\u0131r protokol\u00fc imzalamamak i\u00e7in direniyordu. \u015eam&#8217;\u0131n g\u00f6zlemcilerin \u00fclkeye girmesine izin vermemesi \u00fczerine Arap Birli\u011fi bir dizi ekonomik yapt\u0131r\u0131m karar\u0131 alarak uygulamaya ge\u00e7mi\u015fti.<\/p>\n<p style=\"text-align: justify;\">Ancak son d\u00f6nemde Suriye&#8217;nin kom\u015fular\u0131 Irak, \u00dcrd\u00fcn ve L\u00fcbnan ekonomilerinin b\u00fcy\u00fck zarara u\u011frad\u0131\u011f\u0131n\u0131 belirterek, yapt\u0131r\u0131mlara kar\u015f\u0131 daha y\u00fcksek sesle kar\u015f\u0131 \u00e7\u0131kmaya ba\u015flad\u0131. Arap \u00fclkelerinden baz\u0131 i\u015fadamlar\u0131 da yapt\u0131r\u0131mlara kar\u015f\u0131 olduklar\u0131n\u0131 dile getirince, Arap Birli\u011fi, Esad&#8217;la tekrar uzla\u015fma aray\u0131\u015f\u0131na girdi.<\/p>\n<p style=\"text-align: justify;\"><strong>\u0130NTERNET BLOKCUSU SERBEST BIRAKILDI<\/strong><\/p>\n<p style=\"text-align: justify;\">\u015eam rejimi taraf\u0131ndan iki haftad\u0131r g\u00f6zalt\u0131nda tutulan internet blogcusu Rezzan Gazzavi&#8217;nin de d\u00fcn gece ge\u00e7 saatlerde kefaletle serbest b\u0131rak\u0131ld\u0131\u011f\u0131 belirtildi.<\/p>\n<p style=\"text-align: justify;\">Suriyeli insan haklar\u0131 kurulu\u015flar\u0131, \u015eam rejimi aleyhinde d\u00fc\u015f\u00fcncelerini kendisine ait blogla Twitter&#8217;da payla\u015fan Suriye k\u00f6kenli Amerikal\u0131 g\u00fcnce yazar\u0131n\u0131n 15 bin Suriye Poundu (yakla\u015f\u0131k 550 TL) kefaletle serbest b\u0131rak\u0131ld\u0131\u011f\u0131n\u0131 a\u00e7\u0131klad\u0131.<\/p>\n<p style=\"text-align: justify;\"><a href=\"http:\/\/www.ntvmsnbc.com\/id\/25307281\" target=\"_blank\">Kaynak : NTVMSNBC<\/a><\/p>\n","protected":false},"excerpt":{"rendered":"<p style=\"text-align: center;\">\n<p style=\"text-align: justify;\">Suriye, Arap Birli\u011fi&#8217;nin sivillerin korunmas\u0131n\u0131 \u00f6ng\u00f6ren protokol\u00fcne bug\u00fcn imza att\u0131. Arap g\u00f6zlemcilerin Suriye&#8217;ye girmesine izin veren protokolu M\u0131s\u0131r&#8217;\u0131n ba\u015fkenti Kahire&#8217;de \u015eam ad\u0131na D\u0131\u015fi\u015fleri Bakan\u0131 yard\u0131mc\u0131s\u0131 Faisal Mekdad imzalad\u0131.<\/p>\n<p style=\"text-align: justify;\">Suriye D\u0131\u015fi\u015fleri Bakan\u0131 Velid Muallim de protokol\u00fcn imzalanmas\u0131 sonras\u0131nda yapt\u0131\u011f\u0131 a\u00e7\u0131klamada, \u015eam&#8217;\u0131n Arap \u00fclkeleri g\u00f6zlemcilerinin \u00fclkeye gelmesinden memnuniyet duyaca\u011f\u0131n\u0131 s\u00f6yledi. <\/p>\n","protected":false},"author":1,"featured_media":0,"comment_status":"open","ping_status":"open","sticky":false,"template":"","format":"standard","meta":{"footnotes":""},"categories":[3],"tags":[],"class_list":["post-44475","post","type-post","status-publish","format-standard","hentry","category-dunya","odd"],"_links":{"self":[{"href":"http:\/\/www.korhanyilmaz.com\/index.php?rest_route=\/wp\/v2\/posts\/44475","targetHints":{"allow":["GET"]}}],"collection":[{"href":"http:\/\/www.korhanyilmaz.com\/index.php?rest_route=\/wp\/v2\/posts"}],"about":[{"href":"http:\/\/www.korhanyilmaz.com\/index.php?rest_route=\/wp\/v2\/types\/post"}],"author":[{"embeddable":true,"href":"http:\/\/www.korhanyilmaz.com\/index.php?rest_route=\/wp\/v2\/users\/1"}],"replies":[{"embeddable":true,"href":"http:\/\/www.korhanyilmaz.com\/index.php?rest_route=%2Fwp%2Fv2%2Fcomments&post=44475"}],"version-history":[{"count":0,"href":"http:\/\/www.korhanyilmaz.com\/index.php?rest_route=\/wp\/v2\/posts\/44475\/revisions"}],"wp:attachment":[{"href":"http:\/\/www.korhanyilmaz.com\/index.php?rest_route=%2Fwp%2Fv2%2Fmedia&parent=44475"}],"wp:term":[{"taxonomy":"category","embeddable":true,"href":"http:\/\/www.korhanyilmaz.com\/index.php?rest_route=%2Fwp%2Fv2%2Fcategories&post=44475"},{"taxonomy":"post_tag","embeddable":true,"href":"http:\/\/www.korhanyilmaz.com\/index.php?rest_route=%2Fwp%2Fv2%2Ftags&post=44475"}],"curies":[{"name":"wp","href":"https:\/\/api.w.org\/{rel}","templated":true}]}}