{"id":44470,"date":"2011-12-19T10:58:11","date_gmt":"2011-12-19T08:58:11","guid":{"rendered":"http:\/\/www.korhanyilmaz.com\/?p=44470"},"modified":"2011-12-19T15:38:12","modified_gmt":"2011-12-19T13:38:12","slug":"babasinin-oldugu-gun-dunyaya-gozdagi","status":"publish","type":"post","link":"http:\/\/www.korhanyilmaz.com\/?p=44470","title":{"rendered":"Babas\u0131n\u0131n \u00f6ld\u00fc\u011f\u00fc g\u00fcn d\u00fcnyaya g\u00f6zda\u011f\u0131"},"content":{"rendered":"<p style=\"text-align: justify;\"><a href=\"http:\/\/www.korhanyilmaz.com\/wp-content\/uploads\/2011\/12\/8650.jpg\"  class=\"lightview\"><img loading=\"lazy\" decoding=\"async\" class=\"aligncenter size-full wp-image-44471\" title=\"\" src=\"http:\/\/www.korhanyilmaz.com\/wp-content\/uploads\/2011\/12\/8650.jpg\" alt=\"\" width=\"298\" height=\"249\" \/><\/a><\/p>\n<p style=\"text-align: justify;\">Liderleri Kim Jong-\u0130l&#8217;in \u00f6ld\u00fc\u011f\u00fcn\u00fc a\u00e7\u0131klad\u0131\u011f\u0131 g\u00fcn Kuzey Kore, k\u0131sa menzilli f\u00fcze denemesi yaparak ba\u015fta G\u00fcney Kore olmak \u00fczere t\u00fcm d\u00fcnyaya g\u00f6zda\u011f\u0131 verdi.<\/p>\n<p style=\"text-align: justify;\">G\u00fcney Kore bas\u0131n\u0131na g\u00f6re, Kuzey Kore, Kim Jong-\u0130l&#8217;in \u00f6ld\u00fc\u011f\u00fcn\u00fc duyurduktan hemen sonra \u00fclkenin kuzey k\u0131y\u0131lar\u0131nda f\u00fcze denemesi yapt\u0131.<\/p>\n<p style=\"text-align: justify;\">Yonhap haber ajans\u0131na a\u00e7\u0131klama yapan G\u00fcney Koreli bir askeri yetkili, f\u00fcze denemesinin Kim Jong-\u0130l&#8217;in \u00f6l\u00fcm\u00fcyle ba\u011flant\u0131l\u0131 olmad\u0131\u011f\u0131n\u0131 iddia etti.\u00a0<!--more--><\/p>\n<p style=\"text-align: justify;\"><strong>SON D\u0130KTAT\u00d6R HEN\u00dcZ 20&#8217;L\u0130 YA\u015eLARDA<\/strong><\/p>\n<p style=\"text-align: justify;\">Kuzey Kore lideri Kim Jong \u0130l&#8217;in ge\u00e7ti\u011fimiz cumartesi g\u00fcn\u00fc yerel saatle 08.30&#8217;de bir tren yolculu\u011fu s\u0131ras\u0131nda kalp krizi ge\u00e7irerek hayat\u0131n\u0131 kaybetti\u011fi iddia edildi. K.Kore televizyonu Kim Jong-\u0130l&#8217;in halefinin 20 ya\u015f\u0131ndaki o\u011flu Kim Jong Un oldu\u011funu duyurdu.<\/p>\n<p style=\"text-align: justify;\">Kuzey Kore devlet televizyonu \u00f6len Kim Jong-\u0130l&#8217;in yerine 20&#8217;li ya\u015flardaki o\u011flu Kim Jong Un&#8217;un geldi\u011fini &#8220;B\u00fcy\u00fck Halef&#8221; s\u00f6zc\u00fckleriyle duyurdu.<\/p>\n<p style=\"text-align: justify;\">Babas\u0131 Kim Il Sung&#8217;\u0131n 1994 y\u0131l\u0131nda \u00f6l\u00fcm\u00fcn\u00fcn ard\u0131ndan iktidara gelen Kim Jong-\u0130l hastal\u0131\u011f\u0131 n\u00fcksedince Eyl\u00fcl 2010&#8217;da \u00fc\u00e7\u00fcnc\u00fc o\u011flu Kim Jong Un&#8217;u halefi olarak se\u00e7mi\u015fti. O tarihe kadar bas\u0131nda ter bir foto\u011fraf\u0131 dahi yay\u0131nlanmayan Jong Ud s\u0131k s\u0131k g\u00f6r\u00fclmeye ba\u015flad\u0131.<\/p>\n<p style=\"text-align: justify;\">Kuzey Kore devlet haber ajans\u0131 KCNA da, cenaze t\u00f6renine Kim Jong Un&#8217;un liderlik yapaca\u011f\u0131n\u0131 duyurdu. Bu durum, Kuzey Kore&#8217;de kimin lider olaca\u011f\u0131n\u0131n g\u00f6stergesi olarak say\u0131l\u0131yor.<\/p>\n<p style=\"text-align: justify;\"><strong>\u0130SV\u0130\u00c7RE&#8217;DE BA\u015eKA \u0130S\u0130MLE E\u011e\u0130T\u0130M G\u00d6RD\u00dc<\/strong><\/p>\n<p style=\"text-align: justify;\">Ya\u015f\u0131 kesin olarak bilinmeyen Jong Un&#8217;u babas\u0131 ba\u015fka bir isim alt\u0131nda \u0130svi\u00e7re&#8217;ye e\u011fitime g\u00f6nderdi. 1998-2000 y\u0131llar\u0131 aras\u0131nda \u0130svi\u00e7re&#8217;nin Bern kentinde e\u011fitim alan Jong Un, Kuzey Kore&#8217;ye d\u00f6nd\u00fckten sonra 2002-2007 y\u0131llar\u0131 aras\u0131nda askeri akademide e\u011fitimine devam etti. 2007&#8217;den sonrada Kom\u00fcnist Parti&#8217;de \u00fcst kademede en \u00f6nemli g\u00f6revlerde bulundu.<\/p>\n<p style=\"text-align: justify;\"><strong>\u00d6L\u00dcM\u00dcN\u00dc D\u00dcNYAYA \u00c7\u0130N DUYURDU<\/strong><\/p>\n<p style=\"text-align: justify;\">\u00c7in haber ajans\u0131 \u015einhua&#8217;n\u0131n Kuzey Kore ajans\u0131na dayand\u0131rarak verdi\u011fi haberde 69 ya\u015f\u0131ndaki Kim Jong-\u0130l&#8217;in &#8220;b\u00fcy\u00fck fiziksel ve zihinsel sebeplerden&#8221; ya\u015fam\u0131n\u0131 yitirdi\u011fi belirtildi.<\/p>\n<p style=\"text-align: justify;\">Haberde, Kim&#8217;in cumartesi g\u00fcn\u00fc trenle seyahati s\u0131ras\u0131nda akut miyokard infarkt\u00fcs\u00fcne ba\u011fl\u0131 olarak ge\u00e7irdi\u011fi kalp krizi nedeniyle \u00f6ld\u00fc\u011f\u00fc ileri s\u00fcr\u00fcld\u00fc.<\/p>\n<p style=\"text-align: justify;\">Kuzey Kore lideri Kim&#8217;e muhtemel t\u00fcm ilk yard\u0131m m\u00fcdahalesinin yap\u0131lmas\u0131na ra\u011fmen, kurtar\u0131lamad\u0131\u011f\u0131, pazar g\u00fcn\u00fc yap\u0131lan otopsisinde mevcut hastal\u0131klar\u0131 nedeniyle hayat\u0131n\u0131 kaybetti\u011fi ifade edildi.<\/p>\n<p style=\"text-align: justify;\"><strong>G\u00dcNEY KORE ORDUSU ALARM DURUMUNA GE\u00c7T\u0130<\/strong><\/p>\n<p style=\"text-align: justify;\">Kuzey Kore lideri Kim Jong \u0130l&#8217;in \u00f6l\u00fcm\u00fcn\u00fcn ard\u0131ndan G\u00fcney Kore \u00fcst seviyede alarm seviyesine ge\u00e7ti. Kuzey Kore haber ajans\u0131n\u0131n Kim&#8217;in \u00f6l\u00fcm\u00fcn\u00fc duyurmas\u0131n\u0131n ard\u0131ndan, G\u00fcney Kore Ba\u015fkan\u0131 Lee Myung-Bak \u00f6nceden belirlenmi\u015f t\u00fcm planlar\u0131n\u0131 iptal ederek, Milli G\u00fcvenlik Kurulu&#8217;nu toplad\u0131. G\u00fcney Kore ordusunun da acil durum alarm\u0131 seviyesine ge\u00e7ti\u011fi ifade edildi.<\/p>\n<p style=\"text-align: justify;\"><strong>OBAMA&#8217;DAN G\u00dcNEY KORE&#8217;YE &#8216;K\u0130M JONG-\u0130L&#8217; TELEFONU<\/strong><\/p>\n<p style=\"text-align: justify;\">ABD Ba\u015fkan\u0131 Barack Obama ile G\u00fcney Kore Cumhurba\u015fkan\u0131 Lee Myung-bak, Kuzey Kore lideri Kim Jong \u0130l&#8217;in \u00f6l\u00fcm\u00fcn\u00fcn ard\u0131ndan Kore Yar\u0131madas\u0131&#8217;ndaki durumu ele almak \u00fczere telefon g\u00f6r\u00fc\u015fmesi yapt\u0131.<\/p>\n<p style=\"text-align: justify;\">Beyaz Saray&#8217;dan yap\u0131lan yaz\u0131l\u0131 a\u00e7\u0131klamada, &#8221;Bu gece yar\u0131s\u0131 Ba\u015fkan Obama, Kim Jong \u0130l&#8217;in \u00f6l\u00fcm\u00fcn\u00fcn ard\u0131ndan Kore Yar\u0131madas\u0131&#8217;ndaki durumu ele almak \u00fczere Kore Cumhurba\u015fkan\u0131 Lee Myung-bak ile telefon g\u00f6r\u00fc\u015fmesi yapt\u0131&#8221; ifadesi kullan\u0131ld\u0131.<\/p>\n<p style=\"text-align: justify;\">A\u00e7\u0131klamada: &#8221;Ba\u015fkan Obama g\u00f6r\u00fc\u015fmede, ABD&#8217;nin Kore Yar\u0131madas\u0131&#8217;n\u0131n istikrar\u0131na ve yak\u0131n m\u00fcttefikimiz Kore Cumhuriyeti&#8217;nin g\u00fcvenli\u011fine g\u00fc\u00e7l\u00fc ba\u011fl\u0131l\u0131\u011f\u0131m\u0131z\u0131 yeniden teyit etti. \u0130ki lider, geli\u015fmelerin seyri boyunca yak\u0131n temas halinde kalmaya devam etme ve kendi ulusal g\u00fcvenlik ekiplerine yak\u0131n koordinasyonu s\u00fcrd\u00fcrmeleri talimat\u0131 verme hususunda mutab\u0131k kald\u0131lar&#8221; denildi.<\/p>\n<p style=\"text-align: justify;\"><strong>\u00c7\u0130N: DER\u0130N \u00dcZ\u00dcNT\u00dc DUYDUK<\/strong><\/p>\n<p style=\"text-align: justify;\">Kuzey Kore liderinin \u00f6ld\u00fc\u011f\u00fcn\u00fcn a\u00e7\u0131klanmas\u0131n\u0131n ard\u0131ndan \u00c7in Halk Cumhuriyeti yapt\u0131\u011f\u0131 a\u00e7\u0131klamada, Kim Jong-\u0130l&#8217;in \u00f6l\u00fcm\u00fcnden derin \u00fcz\u00fcnt\u00fc duyuldu\u011fu belirtildi.<\/p>\n<p style=\"text-align: justify;\"><strong>JAPON H\u00dcK\u00dcMET\u0130NDEN TAZ\u0130YE MESAJI<\/strong><\/p>\n<p style=\"text-align: justify;\">Japonya, diplomatik ili\u015fkisi bulunmad\u0131\u011f\u0131 Kuzey Kore&#8217;ye, Kim Jong-\u0130l&#8217;in \u00f6l\u00fcm\u00fc dolay\u0131s\u0131yla ba\u015fsa\u011fl\u0131\u011f\u0131 mesaj\u0131 g\u00f6nderdi. Japon H\u00fck\u00fcmet S\u00f6zc\u00fcs\u00fc Osamu Fujimura, &#8221;Kuzey Kore Ulusal M\u00fcdafa Komisyonu Ba\u015fkan\u0131&#8217;n\u0131n vefat\u0131na dair ani a\u00e7\u0131klaman\u0131n ard\u0131ndan Japon h\u00fck\u00fcmeti taziyelerini sunar&#8221; dedi.<\/p>\n<p style=\"text-align: justify;\">S\u00f6zc\u00fc, Japonya&#8217;n\u0131n Kim Jong-\u0130l&#8217;in \u00f6l\u00fcm\u00fcn\u00fcn, Kore yar\u0131madas\u0131nda bar\u0131\u015f ve istikrara olumsuz etki etmeyece\u011fini umdu\u011funa da belirtti. Kore yar\u0131madas\u0131n\u0131 20. y\u00fczy\u0131l\u0131n ilk yar\u0131s\u0131nda i\u015fgal eden Japonya&#8217;n\u0131n Kore Sava\u015f\u0131&#8217;ndan (1950-53) bu yana Kuzey Kore ile gergin ili\u015fkileri bulunuyor. Japonya, Kuzey Kore f\u00fcze ve n\u00fckleer denemelerinin do\u011frudan tehdidi alt\u0131nda ya\u015f\u0131yor.<\/p>\n<p style=\"text-align: justify;\"><a href=\"http:\/\/www.ntvmsnbc.com\/id\/25307180\" target=\"_blank\">Kaynak : NTVMSNBC<\/a><\/p>\n","protected":false},"excerpt":{"rendered":"<p style=\"text-align: justify;\">\n<p style=\"text-align: justify;\">Liderleri Kim Jong-\u0130l&#8217;in \u00f6ld\u00fc\u011f\u00fcn\u00fc a\u00e7\u0131klad\u0131\u011f\u0131 g\u00fcn Kuzey Kore, k\u0131sa menzilli f\u00fcze denemesi yaparak ba\u015fta G\u00fcney Kore olmak \u00fczere t\u00fcm d\u00fcnyaya g\u00f6zda\u011f\u0131 verdi.<\/p>\n<p style=\"text-align: justify;\">G\u00fcney Kore bas\u0131n\u0131na g\u00f6re, Kuzey Kore, Kim Jong-\u0130l&#8217;in \u00f6ld\u00fc\u011f\u00fcn\u00fc duyurduktan hemen sonra \u00fclkenin kuzey k\u0131y\u0131lar\u0131nda f\u00fcze denemesi yapt\u0131.<\/p>\n<p style=\"text-align: justify;\">Yonhap haber ajans\u0131na a\u00e7\u0131klama yapan G\u00fcney <\/p>\n","protected":false},"author":1,"featured_media":0,"comment_status":"open","ping_status":"open","sticky":false,"template":"","format":"standard","meta":{"footnotes":""},"categories":[3],"tags":[],"class_list":["post-44470","post","type-post","status-publish","format-standard","hentry","category-dunya","odd"],"_links":{"self":[{"href":"http:\/\/www.korhanyilmaz.com\/index.php?rest_route=\/wp\/v2\/posts\/44470","targetHints":{"allow":["GET"]}}],"collection":[{"href":"http:\/\/www.korhanyilmaz.com\/index.php?rest_route=\/wp\/v2\/posts"}],"about":[{"href":"http:\/\/www.korhanyilmaz.com\/index.php?rest_route=\/wp\/v2\/types\/post"}],"author":[{"embeddable":true,"href":"http:\/\/www.korhanyilmaz.com\/index.php?rest_route=\/wp\/v2\/users\/1"}],"replies":[{"embeddable":true,"href":"http:\/\/www.korhanyilmaz.com\/index.php?rest_route=%2Fwp%2Fv2%2Fcomments&post=44470"}],"version-history":[{"count":0,"href":"http:\/\/www.korhanyilmaz.com\/index.php?rest_route=\/wp\/v2\/posts\/44470\/revisions"}],"wp:attachment":[{"href":"http:\/\/www.korhanyilmaz.com\/index.php?rest_route=%2Fwp%2Fv2%2Fmedia&parent=44470"}],"wp:term":[{"taxonomy":"category","embeddable":true,"href":"http:\/\/www.korhanyilmaz.com\/index.php?rest_route=%2Fwp%2Fv2%2Fcategories&post=44470"},{"taxonomy":"post_tag","embeddable":true,"href":"http:\/\/www.korhanyilmaz.com\/index.php?rest_route=%2Fwp%2Fv2%2Ftags&post=44470"}],"curies":[{"name":"wp","href":"https:\/\/api.w.org\/{rel}","templated":true}]}}