{"id":44461,"date":"2011-12-19T14:22:28","date_gmt":"2011-12-19T12:22:28","guid":{"rendered":"http:\/\/www.korhanyilmaz.com\/?p=44461"},"modified":"2011-12-19T14:47:35","modified_gmt":"2011-12-19T12:47:35","slug":"cumhurbaskaninin-gorev-suresi-5-yil","status":"publish","type":"post","link":"http:\/\/www.korhanyilmaz.com\/?p=44461","title":{"rendered":"&#8216;Cumhurba\u015fkan\u0131&#8217;n\u0131n g\u00f6rev s\u00fcresi 5 y\u0131l&#8217;"},"content":{"rendered":"<p style=\"text-align: center;\"><a href=\"http:\/\/www.korhanyilmaz.com\/wp-content\/uploads\/2011\/12\/8648.jpg\"  class=\"lightview\"><img loading=\"lazy\" decoding=\"async\" class=\"aligncenter  wp-image-44462\" src=\"http:\/\/www.korhanyilmaz.com\/wp-content\/uploads\/2011\/12\/8648.jpg\" alt=\"\" width=\"290\" height=\"217\" \/><\/a><\/p>\n<p style=\"text-align: justify;\">MHP Genel Ba\u015fkan\u0131 Devlet Bah\u00e7eli, &#8220;Ba\u015fbakan Erdo\u011fan&#8217;\u0131n Cumhurba\u015fkanl\u0131\u011f\u0131 g\u00f6rev s\u00fcresini yedi y\u0131l olarak de\u011ferlendirmesi, her\u015feyden \u00f6nce hukuku ihlal anlam\u0131na gelece\u011fi gibi, bizatihi de\u011fi\u015fiklik yapt\u0131klar\u0131 anayasa maddesine de ayk\u0131r\u0131l\u0131k te\u015fkil edecektir&#8221; dedi.\u00a0<!--more--><\/p>\n<p style=\"text-align: justify;\">Ankara- MHP Genel Ba\u015fkan\u0131 Devlet Bah\u00e7eli cumhurba\u015fkanl\u0131\u011f\u0131 g\u00f6rev s\u00fcresiyle ilgili bir yaz\u0131l\u0131 a\u00e7\u0131klama yapt\u0131. S\u00fcre tart\u0131\u015fmas\u0131n\u0131n \u00fclkede yeni cephele\u015fme yaratt\u0131\u011f\u0131n\u0131 belirten Bah\u00e7eli, MHP&#8217;nin kutupla\u015fma e\u011filiminden son derece rahats\u0131zl\u0131k duydu\u011funu bildirdi. Bah\u00e7eli, Cumhurba\u015fkanl\u0131\u011f\u0131 se\u00e7imine ili\u015fkin usul ve esaslara ili\u015fkin kanunun bug\u00fcne kadar \u00e7\u0131kar\u0131lmamas\u0131n\u0131 ele\u015ftirirken, &#8220;S\u00fcreyle ilgili saplant\u0131s\u0131 bulunmayan, hukukun \u00e7izgisinden ayr\u0131lmayan ve \u00f6nyarg\u0131lar\u0131na teslim olmayan herkes Cumhurba\u015fkanl\u0131\u011f\u0131 s\u00fcresinin be\u015f y\u0131lla s\u0131n\u0131rl\u0131 oldu\u011funu ve bu g\u00f6reve ikinci bir be\u015f y\u0131l i\u00e7in de se\u00e7ilme imk\u00e2n\u0131 bulundu\u011funu teyit ve kabul edeceklerdir&#8221; dedi.<\/p>\n<p style=\"text-align: justify;\">Milletin Cumhurba\u015fkanl\u0131\u011f\u0131 s\u00fcresini &#8220;5+5&#8221; y\u0131l olarak tayin etti\u011fini ve buna da 21 Ekim 2007 tarihli Referandumda onay verdi\u011fini belirten Bah\u00e7eli \u015f\u00f6yle devam etti: &#8220;Bu kadar berrak bir manzara ortada dururken; Cumhurba\u015fkanl\u0131\u011f\u0131 g\u00f6rev s\u00fcresinin suland\u0131r\u0131lmas\u0131n, se\u00e7imin hangi y\u0131lda yap\u0131laca\u011f\u0131na d\u00f6n\u00fck papatya fallar\u0131 a\u00e7\u0131lmas\u0131n\u0131n do\u011fru olmayaca\u011f\u0131 gibi ahlaki ve hukuki bir taraf\u0131 da bulunmayacakt\u0131r. Ba\u015fbakan Erdo\u011fan&#8217;\u0131n Cumhurba\u015fkanl\u0131\u011f\u0131 g\u00f6rev s\u00fcresini yedi y\u0131l olarak de\u011ferlendirmesi, her \u015feyden \u00f6nce hukuku ihlal anlam\u0131na gelece\u011fi gibi, bizatihi de\u011fi\u015fiktik yapt\u0131klar\u0131 anayasa maddesine de ayk\u0131r\u0131l\u0131k te\u015fkil edecektir.&#8221;<\/p>\n<p style=\"text-align: justify;\">Bah\u00e7eli&#8217;nin a\u00e7\u0131klamas\u0131nda \u015fu noktalar\u0131 vurgulad\u0131: &#8220;Cumhurba\u015fkanl\u0131\u011f\u0131 stat\u00fcs\u00fc; g\u00fcc\u00fcn\u00fc ve kayna\u011f\u0131n\u0131 do\u011frudan Anayasadan almakta ve bu itibarla g\u00f6rev ve yetkileriyle birlikte, s\u00fcresi de Anayasaya dayanmaktad\u0131r. Kald\u0131 ki hukuk kurallar\u0131n\u0131n zaman bak\u0131m\u0131ndan uygulanmas\u0131ndaki bariz kural; y\u00fcr\u00fcrl\u00fcl\u00fc\u011fe giren bir kanun ya da anayasa h\u00fckm\u00fcn\u00fcn derhal uygulanmas\u0131n\u0131 i\u00e7ermesidir. \u015e\u00fcphesiz kamu hukuku d\u00e2hilinde yap\u0131lan bir de\u011fi\u015fiklik, muhataplar\u0131n\u0131 da an\u0131nda etkileyecek ve yeni bir durum ortaya \u00e7\u0131karacakt\u0131r. Cumhurba\u015fkanl\u0131\u011f\u0131n\u0131n g\u00f6rev, yetki ve s\u00fcresi kazan\u0131lm\u0131\u015f haklar \u00e7er\u00e7evesinde ele al\u0131namayaca\u011f\u0131 gibi, bu g\u00f6revi icra eden ki\u015finin temel hakk\u0131 da say\u0131lamayacakt\u0131r. Kamu g\u00f6revi ifa eden Cumhurba\u015fkan\u0131&#8217;n\u0131n yetki ve s\u00fcresinde yap\u0131lan de\u011fi\u015fiklikler de hemen uygulanmal\u0131, muhtemel bo\u015fluk ya da ku\u015fkulara meydan b\u0131rak\u0131lmamal\u0131d\u0131r.&#8221;<\/p>\n<p style=\"text-align: justify;\"><strong>&#8216;Erdo\u011fan&#8217;\u0131n sakl\u0131 ajandas\u0131 var&#8217;\u00a0<\/strong><\/p>\n<p style=\"text-align: justify;\">S\u00fcreyi netle\u015ftirmek i\u00e7in TBMM&#8217;nin hemen harekete ge\u00e7mesini ve YSK&#8217;dan g\u00f6r\u00fc\u015f alarak y\u00fcr\u00fcrl\u00fckteki Anayasa \u00e7er\u00e7evesinde, halen g\u00f6revde bulunan Onbirinci Cumhurba\u015fkan\u0131&#8217;n\u0131 da ba\u011flayacak \u015fekilde bir d\u00fczenleme yap\u0131lmas\u0131n\u0131 isteyen Bah\u00e7eli, &#8220;Milletvekilleriinn g\u00f6rev s\u00fcresi be\u015f y\u0131ldan d\u00f6rt y\u0131la \u00e7ekilmesi gecikmeksizin nas\u0131l uyguland\u0131ysa ve 12 Eyl\u00fcl Referandumunda Cumhurba\u015fkanl\u0131\u011f\u0131na verilen yeni g\u00f6revler an\u0131nda nas\u0131l yerine getirildiyse, s\u00fcre konusunda da tutarl\u0131l\u0131k ve hukukilik bak\u0131m\u0131ndan ayn\u0131s\u0131 tatbik edilmelidir&#8221; dedi.<\/p>\n<p style=\"text-align: justify;\">Ba\u015fbakan Erdo\u011fan&#8217;\u0131n bu ger\u00e7eklerin aksine, Cumhurba\u015fkanl\u0131\u011f\u0131 g\u00f6rev s\u00fcresini yedi y\u0131l olarak ilan eden tutumunun sorunlu oldu\u011fu kadar ba\u015fka hesaplar\u0131 i\u00e7erisinden bar\u0131nd\u0131ran sakl\u0131 bir ajandas\u0131n\u0131n varl\u0131\u011f\u0131na i\u015faret etti\u011fini \u00f6ne s\u00fcren Bah\u00e7eli, &#8220;Ba\u015fkanl\u0131k sistemine y\u00f6nelik gizli g\u00fcndemi bulunan bu zihniyetin, f\u0131rsat bulursa Cumhurba\u015fkanl\u0131\u011f\u0131 makam\u0131n\u0131 anayasa de\u011fi\u015fiklikleriyle d\u00f6n\u00fc\u015ft\u00fcrece\u011fi anla\u015f\u0131lmaktad\u0131r&#8221; dedi.<\/p>\n<p style=\"text-align: justify;\">Bah\u00e7eli \u015fu iddialarda bulundu: &#8220;Ba\u015fbakan Erdo\u011fan&#8217;\u0131n yedi y\u0131l dayatmac\u0131n\u0131n gericinde, ba\u015fkanl\u0131k hevesini ve hedefini ger\u00e7ekle\u015ftirme aray\u0131\u015f\u0131 ve istedi\u011fi fazlas\u0131yla belirleyicidir. Madem Ba\u015fbakan bu konuda \u0131srarl\u0131d\u0131r; o halde kendisine konuyla ilgili tavsiyemiz \u015fu olacakt\u0131r: Her \u015feyden \u00f6nce Cumhurba\u015fkanl\u0131\u011f\u0131 g\u00f6rev s\u00fcresini &#8216;5+5&#8217; olarak kabul etmesi gerekmektedir. Arkas\u0131ndan Cumhurba\u015fkan\u0131 Abdullah G\u00fcl&#8217;\u00fc, gelecek y\u0131l s\u00fcresi dolar dolmaz g\u00fcc\u00fc yetiyorsa tekrar se\u00e7tirmesi ve toplam Cumhurba\u015fkanl\u0131\u011f\u0131 s\u00fcresinin yedi y\u0131la ula\u015fmas\u0131 halinde istifa ettirerek yerine ge\u00e7mesidir. Zira Ba\u015fbakan Erdo\u011fan&#8217;\u0131n b\u00f6ylesi devir teslim t\u00f6renleriyle ilgili deneyimi bir hayli fazla olup mizac\u0131 da buna yatk\u0131nd\u0131r.&#8221;<\/p>\n<p style=\"text-align: justify;\">MHP Lideri Devlet Bah\u00e7eli, Cumhurba\u015fkanl\u0131\u011f\u0131 g\u00f6rev s\u00fcresinin siyasi krize d\u00f6n\u00fc\u015fmemesi i\u00e7in Ba\u015fbaan Erdo\u011fan ve H\u00fck\u00fcmetin elini \u00e7abuk tutmas\u0131 ve hukuku beklentileri ve niyetleri paralelinde tahrip etmemesi gerekti\u011fini belirtirken &#8220;\u0130nan\u0131yorum ki, Cumhurba\u015fkanl\u0131\u011f\u0131n\u0131 bireysel kayg\u0131 ve ikbal beklentilerinin bir ara dura\u011f\u0131 olarak g\u00f6ren Ba\u015fbakan ve arkada\u015flar\u0131na aziz milletimiz arad\u0131klar\u0131 imk\u00e2n\u0131 asla vermeyecektir. T\u00fcrk milleti gelece\u011fine ipotek koyan, siyaseti esaret alt\u0131na alan AKP zihniyetinden eninde sonunda kurtularak demokrasinin \u00f6n\u00fcne koyulan ta\u015flan mutlaka temizleyecektir&#8221; dedi.<\/p>\n<p style=\"text-align: justify;\"><a href=\"http:\/\/www.cumhuriyet.com.tr\/?hn=301480\" target=\"_blank\">Kaynak : Cumhuriyet Haber Portal\u0131<\/a><\/p>\n","protected":false},"excerpt":{"rendered":"<p style=\"text-align: center;\">\n<p style=\"text-align: justify;\">MHP Genel Ba\u015fkan\u0131 Devlet Bah\u00e7eli, &#8220;Ba\u015fbakan Erdo\u011fan&#8217;\u0131n Cumhurba\u015fkanl\u0131\u011f\u0131 g\u00f6rev s\u00fcresini yedi y\u0131l olarak de\u011ferlendirmesi, her\u015feyden \u00f6nce hukuku ihlal anlam\u0131na gelece\u011fi gibi, bizatihi de\u011fi\u015fiklik yapt\u0131klar\u0131 anayasa maddesine de ayk\u0131r\u0131l\u0131k te\u015fkil edecektir&#8221; dedi. <\/p>\n","protected":false},"author":1,"featured_media":0,"comment_status":"open","ping_status":"open","sticky":false,"template":"","format":"standard","meta":{"footnotes":""},"categories":[105],"tags":[],"class_list":["post-44461","post","type-post","status-publish","format-standard","hentry","category-gundem","odd"],"_links":{"self":[{"href":"http:\/\/www.korhanyilmaz.com\/index.php?rest_route=\/wp\/v2\/posts\/44461","targetHints":{"allow":["GET"]}}],"collection":[{"href":"http:\/\/www.korhanyilmaz.com\/index.php?rest_route=\/wp\/v2\/posts"}],"about":[{"href":"http:\/\/www.korhanyilmaz.com\/index.php?rest_route=\/wp\/v2\/types\/post"}],"author":[{"embeddable":true,"href":"http:\/\/www.korhanyilmaz.com\/index.php?rest_route=\/wp\/v2\/users\/1"}],"replies":[{"embeddable":true,"href":"http:\/\/www.korhanyilmaz.com\/index.php?rest_route=%2Fwp%2Fv2%2Fcomments&post=44461"}],"version-history":[{"count":0,"href":"http:\/\/www.korhanyilmaz.com\/index.php?rest_route=\/wp\/v2\/posts\/44461\/revisions"}],"wp:attachment":[{"href":"http:\/\/www.korhanyilmaz.com\/index.php?rest_route=%2Fwp%2Fv2%2Fmedia&parent=44461"}],"wp:term":[{"taxonomy":"category","embeddable":true,"href":"http:\/\/www.korhanyilmaz.com\/index.php?rest_route=%2Fwp%2Fv2%2Fcategories&post=44461"},{"taxonomy":"post_tag","embeddable":true,"href":"http:\/\/www.korhanyilmaz.com\/index.php?rest_route=%2Fwp%2Fv2%2Ftags&post=44461"}],"curies":[{"name":"wp","href":"https:\/\/api.w.org\/{rel}","templated":true}]}}