{"id":4446,"date":"2009-03-02T14:37:42","date_gmt":"2009-03-02T12:37:42","guid":{"rendered":"http:\/\/www.korhanyilmaz.com\/?p=4446"},"modified":"2009-03-02T14:37:42","modified_gmt":"2009-03-02T12:37:42","slug":"basbakanlik-onunde-kafasina-silah-dayadi","status":"publish","type":"post","link":"http:\/\/www.korhanyilmaz.com\/?p=4446","title":{"rendered":"Ba\u015fbakanl\u0131k \u00f6n\u00fcnde kafas\u0131na silah dayad\u0131!"},"content":{"rendered":"<p style=\"text-align: justify;\"><img loading=\"lazy\" decoding=\"async\" class=\"aligncenter size-full wp-image-4447\" title=\"Ba\u015fbakanl\u0131k \u00f6n\u00fcnde kafas\u0131na silah dayad\u0131! \" src=\"http:\/\/www.korhanyilmaz.com\/wp-content\/uploads\/2009\/03\/020320091624280943747.jpg\" alt=\"Ba\u015fbakanl\u0131k \u00f6n\u00fcnde kafas\u0131na silah dayad\u0131! \" width=\"376\" height=\"240\" \/><\/p>\n<p style=\"text-align: justify;\"><strong>Bir silah\u0131 kafas\u0131na, di\u011ferini kalbine do\u011frulttu!<\/strong><\/p>\n<p style=\"text-align: justify;\">Ba\u015fbakanl\u0131k Merkez Bina \u00f6n\u00fcnde kafas\u0131na ve g\u00f6\u011fs\u00fcne tabanca dayayan emekli polis memuru Tuncer A, elindeki dilek\u00e7eyi g\u00fcvenlik g\u00fc\u00e7lerine iletmesinin ard\u0131ndan teslim oldu.<\/p>\n<p style=\"text-align: justify;\">Bakanlar Kurulu toplant\u0131s\u0131 i\u00e7in Ba\u015fbakan Recep Tayyip Erdo\u011fan&#8217;\u0131n Ba\u015fbakanl\u0131k Merkez Bina&#8217;ya geli\u015finin beklendi\u011fi s\u0131ralarda, emekli polis memuru oldu\u011fu bildirilen bir ki\u015fi, bina \u00f6n\u00fcne gelerek, yetkililerle g\u00f6r\u00fc\u015fmek istedi\u011fini s\u00f6yledi.<!--more--><br \/>\n\u00dczerindeki iki tabancadan birini kafas\u0131na, di\u011ferini de g\u00f6\u011fs\u00fcne dayayan ki\u015fi, yakla\u015fan Ba\u015fbakanl\u0131k korumalar\u0131na da iste\u011fini aktard\u0131. Elindeki dilek\u00e7eyi korumalara ileten emekli polis memuru, silahlar\u0131n\u0131 indirdikten sonra, polis e\u015fli\u011finde g\u00fcvenlik amirli\u011fine g\u00f6t\u00fcr\u00fcld\u00fc.\n<\/p>\n<p style=\"text-align: justify;\"><strong>EYLEM\u0130 BOR\u00c7LARI Y\u00dcZ\u00dcNDEN YAPTI<\/strong><\/p>\n<p style=\"text-align: justify;\">Ba\u015fbakanl\u0131k Merkez Bina \u00f6n\u00fcnde kafas\u0131na ve g\u00f6\u011fs\u00fcne tabanca dayayarak eylem yapan emekli polis memuru Tuncer A&#8217;n\u0131n, bor\u00e7lar\u0131n\u0131n \u00f6denmesi amac\u0131yla eylem yapt\u0131\u011f\u0131 bildirildi.<\/p>\n<p style=\"text-align: justify;\">AA muhabirinin emniyet yetkililerinden ald\u0131\u011f\u0131 bilgiye g\u00f6re, Ba\u015fbakanl\u0131k Merkez Bina \u00f6n\u00fcnde gelen Ardahan do\u011fumlu 50 ya\u015f\u0131ndaki emekli polis memuru Tuncer A, yetkililerle g\u00f6r\u00fc\u015fmek istedi\u011fini belirtti.<\/p>\n<p style=\"text-align: justify;\">Ba\u015fbakanl\u0131k korumalar\u0131na iste\u011fini aktard\u0131ktan sonra eylemini bitiren Tuncer A&#8217;n\u0131n Ba\u015fbakanl\u0131k G\u00fcvenlik Amirli\u011finde ifadesi al\u0131nd\u0131.<\/p>\n<p style=\"text-align: justify;\">Tuncer A&#8217;n\u0131n &#8220;emekli maa\u015f\u0131yla ge\u00e7inemedi\u011fini, icra takibine d\u00fc\u015fen bor\u00e7lar\u0131n\u0131n bulundu\u011funu, bu y\u00fczden bor\u00e7lar\u0131n\u0131n \u00f6denmesini istedi\u011fini s\u00f6yledi\u011fi&#8221; \u00f6\u011frenildi.<\/p>\n<p style=\"text-align: justify;\">Tuncer A&#8217;n\u0131n, Ankara Emniyet M\u00fcd\u00fcrl\u00fc\u011f\u00fcne g\u00f6nderildi\u011fi kaydedildi.<\/p>\n<p style=\"text-align: justify;\"><span style=\"color: #888888;\">Kaynak : Vatan Gazetesi<\/span><\/p>\n","protected":false},"excerpt":{"rendered":"<p style=\"text-align: justify;\">\n<p style=\"text-align: justify;\">Bir silah\u0131 kafas\u0131na, di\u011ferini kalbine do\u011frulttu!<\/p>\n<p style=\"text-align: justify;\">Ba\u015fbakanl\u0131k Merkez Bina \u00f6n\u00fcnde kafas\u0131na ve g\u00f6\u011fs\u00fcne tabanca dayayan emekli polis memuru Tuncer A, elindeki dilek\u00e7eyi g\u00fcvenlik g\u00fc\u00e7lerine iletmesinin ard\u0131ndan teslim oldu.<\/p>\n<p style=\"text-align: justify;\">Bakanlar Kurulu toplant\u0131s\u0131 i\u00e7in Ba\u015fbakan Recep Tayyip Erdo\u011fan&#8217;\u0131n Ba\u015fbakanl\u0131k Merkez Bina&#8217;ya geli\u015finin beklendi\u011fi s\u0131ralarda, emekli polis memuru oldu\u011fu <\/p>\n","protected":false},"author":1,"featured_media":0,"comment_status":"open","ping_status":"closed","sticky":false,"template":"","format":"standard","meta":{"footnotes":""},"categories":[105],"tags":[],"class_list":["post-4446","post","type-post","status-publish","format-standard","hentry","category-gundem","odd"],"_links":{"self":[{"href":"http:\/\/www.korhanyilmaz.com\/index.php?rest_route=\/wp\/v2\/posts\/4446","targetHints":{"allow":["GET"]}}],"collection":[{"href":"http:\/\/www.korhanyilmaz.com\/index.php?rest_route=\/wp\/v2\/posts"}],"about":[{"href":"http:\/\/www.korhanyilmaz.com\/index.php?rest_route=\/wp\/v2\/types\/post"}],"author":[{"embeddable":true,"href":"http:\/\/www.korhanyilmaz.com\/index.php?rest_route=\/wp\/v2\/users\/1"}],"replies":[{"embeddable":true,"href":"http:\/\/www.korhanyilmaz.com\/index.php?rest_route=%2Fwp%2Fv2%2Fcomments&post=4446"}],"version-history":[{"count":0,"href":"http:\/\/www.korhanyilmaz.com\/index.php?rest_route=\/wp\/v2\/posts\/4446\/revisions"}],"wp:attachment":[{"href":"http:\/\/www.korhanyilmaz.com\/index.php?rest_route=%2Fwp%2Fv2%2Fmedia&parent=4446"}],"wp:term":[{"taxonomy":"category","embeddable":true,"href":"http:\/\/www.korhanyilmaz.com\/index.php?rest_route=%2Fwp%2Fv2%2Fcategories&post=4446"},{"taxonomy":"post_tag","embeddable":true,"href":"http:\/\/www.korhanyilmaz.com\/index.php?rest_route=%2Fwp%2Fv2%2Ftags&post=4446"}],"curies":[{"name":"wp","href":"https:\/\/api.w.org\/{rel}","templated":true}]}}