{"id":44450,"date":"2011-12-15T08:02:01","date_gmt":"2011-12-15T06:02:01","guid":{"rendered":"http:\/\/www.korhanyilmaz.com\/?p=44450"},"modified":"2011-12-19T13:53:11","modified_gmt":"2011-12-19T11:53:11","slug":"bir-ankara-polisiyesi","status":"publish","type":"post","link":"http:\/\/www.korhanyilmaz.com\/?p=44450","title":{"rendered":"Bir Ankara polisiyesi"},"content":{"rendered":"<div id=\"attachment_37365\" style=\"width: 115px\" class=\"wp-caption alignright\"><img loading=\"lazy\" decoding=\"async\" aria-describedby=\"caption-attachment-37365\" class=\" wp-image-37365 \" title=\"Y\u0131lmaz \u00d6zdil - H\u00fcrriyet Gazetesi\" src=\"http:\/\/www.korhanyilmaz.com\/wp-content\/uploads\/2011\/07\/257.jpg\" alt=\"\" width=\"105\" height=\"112\" \/><p id=\"caption-attachment-37365\" class=\"wp-caption-text\">Y\u0131lmaz \u00d6zdil<\/p><\/div>\n<p style=\"text-align: justify;\">Sipari\u015f ya\u011f\u0131yor&#8230;<\/p>\n<p style=\"text-align: justify;\">Karakolda d\u00f6v\u00fclen kad\u0131n\u0131 yaz.<\/p>\n<p style=\"text-align: justify;\">*<\/p>\n<p style=\"text-align: justify;\"><strong>Birincisi&#8230;\u00a0<\/strong><\/p>\n<p style=\"text-align: justify;\">O polis\u2019i tan\u0131r\u0131m. Polis muhabirli\u011fi yapan her gazeteci, o tip polis\u2019leri tan\u0131r. \u0130simleri farkl\u0131d\u0131r, karakterleri hep ayn\u0131d\u0131r. Emniyet te\u015fkilat\u0131 tarihi \u201c<strong>su\u00e7lu-polis<\/strong>\u201d m\u00fccadelesinden \u00e7ok \u201c<strong>polis-su\u00e7lu polis<\/strong>\u201d m\u00fccadelesidir. Son 3 senede 40 bin polis su\u00e7a kar\u0131\u015ft\u0131. 85 bini hakk\u0131nda soru\u015fturma a\u00e7\u0131ld\u0131. 2 haftada 1&#8230; Polis intihar ediyor. \u201c<strong>Egoist intihar<\/strong>\u201d tabir edilen intihar t\u00fcr\u00fc bu&#8230; Sosyolojinin babas\u0131 Durkheim\u2019a g\u00f6re, do\u011fas\u0131 gere\u011fi topluma ihtiya\u00e7 duyan insan\u0131n, toplumdan koptuk\u00e7a i\u00e7ine s\u00fcr\u00fcklendi\u011fi yaln\u0131zl\u0131k duygusunun sonucu&#8230; \u00c7\u00fcnk\u00fc, geli\u015fmi\u015f \u00fclkelerde psikolojik testler uygulan\u0131yor, ruh sa\u011fl\u0131\u011f\u0131 uygun olmayan, polis olam\u0131yor. Bizim gibi dandik \u00fclkelerde, b\u00f6yle bi uygulama yok. Netice? E\u015fini de d\u00f6ver, el alemin e\u015fini de, ba\u015fkas\u0131n\u0131 da vurur, kendini de&#8230; Nerede, ne zaman patlayaca\u011f\u0131 belirsiz \u201c<strong>saatsiz bomba<\/strong>\u201dd\u0131r.\u00a0<!--more--><\/p>\n<p style=\"text-align: justify;\">*<\/p>\n<p style=\"text-align: justify;\"><strong>\u0130kincisi&#8230;\u00a0<\/strong><\/p>\n<p style=\"text-align: justify;\">\u0130zmir deniyor ama, bu bir Ankara polisiyesidir&#8230; Hadise \u0130zmir\u2019de ya\u015fand\u0131, karakol \u0130zmir\u2019de, ma\u011fdure \u0130zmir\u2019de,<\/p>\n<p style=\"text-align: justify;\">d\u00f6venler \u0130zmir\u2019de, savc\u0131 \u0130zmir\u2019de, mahkeme \u0130zmir\u2019de&#8230; Kamera g\u00f6r\u00fcnt\u00fcleri teee 6 ay sonra bas\u0131na nereden servis edildi? Teee Ankara\u2019dan! Hi\u00e7 kimse merak etmeyecek mi, niye? Daha bu ay, \u0130zmir Emniyet M\u00fcd\u00fcr\u00fc\u2019n\u00fcn zart diye g\u00f6revden al\u0131nd\u0131\u011f\u0131n\u0131, zort diye yeni m\u00fcd\u00fcr atand\u0131\u011f\u0131n\u0131, yeni m\u00fcd\u00fcr\u2019\u00fcn zurt diye belediyeyi bast\u0131\u011f\u0131n\u0131, CHP\u2019yle papaz oldu\u011funu, teee 6 ay \u00f6nce ya\u015fanan bu dayak hadisesiyle eski m\u00fcd\u00fcr\u2019\u00fcn tukaka ilan edildi\u011fini hat\u0131rlatmak isterim.<\/p>\n<p style=\"text-align: justify;\">Acaba, Ankara\u2019da \u0130zmir polisi \u00fczerinden \u00f6rt\u00fcl\u00fc bi hesapla\u015fma m\u0131 var?<\/p>\n<p style=\"text-align: justify;\">*<\/p>\n<p style=\"text-align: justify;\"><strong>\u00dc\u00e7\u00fcnc\u00fcs\u00fc&#8230;\u00a0<\/strong><\/p>\n<p style=\"text-align: justify;\">Hadise, Karaba\u011flar\u2019da ya\u015fand\u0131. Nispeten dar gelirli vatanda\u015flar\u0131n oturdu\u011fu Karaba\u011flar, CHP\u2019nin kalesi Konak\u2019a ba\u011fl\u0131yd\u0131. Durup dururken kopar\u0131ld\u0131. Belediye yap\u0131ld\u0131. \u0130zmir\u2019in en kalabal\u0131k, en b\u00fcy\u00fck il\u00e7esi oldu. Bademler, k\u00f6m\u00fcr-bulgur da\u011f\u0131tt\u0131. Gene CHP kazand\u0131. Bakt\u0131lar ki, k\u00f6m\u00fcr-bulgur\u2019la olmuyor, taktik de\u011fi\u015ftirdiler. Se\u00e7imden bu yana, CHP\u2019li Karaba\u011flar Belediyesi\u2019ne y\u00f6nelttikleri en b\u00fcy\u00fck su\u00e7lama ne oldu? Ye\u015fillik Caddesi\u2019ndeki m\u00fczikholler&#8230; Buralara i\u00e7ki ruhsat\u0131 veriliyor, ahlak elden gidiyor aya\u011f\u0131na yatt\u0131lar. Muhtar muhtar dola\u015f\u0131p, imza toplad\u0131lar, polis \u00fczerinde bask\u0131 kurup, m\u00fczikhollere bask\u0131n \u00fcst\u00fcne bask\u0131n yapt\u0131rd\u0131lar. Tesad\u00fcfe bak\u0131n ki, Ankara\u2019dan ortaya \u00e7\u0131kar\u0131lan \u0130zmir\u2019deki dayak hadisesi nerede ya\u015fanm\u0131\u015f? Ye\u015fillik Caddesi\u2019nde&#8230; Kad\u0131na ne diyorlar? Konsomatris\u2019mi\u015f diyorlar&#8230; Yani bi anlamda, bak\u0131n i\u015fte g\u00f6r\u00fcyor musunuz, oralarda hangi rezaletler ya\u015fan\u0131yor demeye getiriyorlar.<\/p>\n<p style=\"text-align: justify;\">*<\/p>\n<p style=\"text-align: justify;\"><strong>D\u00f6rd\u00fcnc\u00fcs\u00fc&#8230;\u00a0<\/strong><\/p>\n<p style=\"text-align: justify;\">Diyebilirsiniz ki, hakl\u0131 de\u011filler mi, aileleri rahats\u0131z etmez mi? Buras\u0131 \u00f6yle bir yer de\u011fil. Ye\u015fillik Caddesi\u2019nin \u00e7evresi, mobilya ma\u011fazalar\u0131 ve at\u00f6lyelerinden olu\u015fuyor. G\u00fcnd\u00fcz c\u0131v\u0131l c\u0131v\u0131l, ak\u015fam in cin top oynuyor. \u0130stanbul Tahtakale gibi, g\u00fcnd\u00fcz 3 milyon ki\u015fi, ak\u015fam 3 ki\u015fi bulamazs\u0131n. Ailelerin ya\u015fad\u0131\u011f\u0131 semtler, en az 3-4 sokak i\u00e7erde&#8230; Kimsenin evinin alt\u0131nda m\u00fczikhol filan yok. D\u00fckkanlar kapan\u0131yor, m\u00fczikholler a\u00e7\u0131l\u0131yor. \u00dcstelik, bu bir ihtiya\u00e7&#8230; Mesela, t\u0131pk\u0131 Amsterdam gibi, belirli b\u00f6lgede uyu\u015fturucu bile kullanabilirsin, o b\u00f6lgenin d\u0131\u015f\u0131na \u00e7\u0131kmamak kayd\u0131yla&#8230; Ba\u015fka t\u00fcrl\u00fc kontrol edemezsin. Bu t\u00fcr yerlere kilit ast\u0131\u011f\u0131nda, yok etmi\u015f olmuyorsun, yeralt\u0131na itiyorsun&#8230; Konya\u2019da Kayseri\u2019de pavyon yok mu san\u0131yorsun?<\/p>\n<p style=\"text-align: justify;\">*<\/p>\n<p style=\"text-align: justify;\"><strong>Be\u015fincisi&#8230;\u00a0<\/strong><\/p>\n<p style=\"text-align: justify;\">\u0130ddia ediyorum, teee Ankara\u2019dan ortaya \u00e7\u0131kar\u0131lan \u0130zmir\u2019deki dayak vesilesiyle, mutaass\u0131p insanlar\u0131m\u0131z g\u0131d\u0131klanacak, Karaba\u011flar\u2019da i\u00e7kili yerlere sava\u015f a\u00e7\u0131lacak, ahlak\u2019a sahip \u00e7\u0131k\u0131yoruz ayaklar\u0131yla oy dev\u015firilmeye \u00e7al\u0131\u015f\u0131lacak.<\/p>\n<p style=\"text-align: justify;\">*<\/p>\n<p style=\"text-align: justify;\"><strong>Alt\u0131nc\u0131s\u0131&#8230;\u00a0<\/strong><\/p>\n<p style=\"text-align: justify;\">Laga lugay\u0131 b\u0131rak\u0131n.<\/p>\n<p style=\"text-align: justify;\">Kad\u0131n d\u00f6venler derhal meslekten at\u0131ls\u0131n.<\/p>\n<p style=\"text-align: justify;\">Hi\u00e7 kimse, \u0130zmir \u00e7ipuras\u0131\u2019na sazan muamelesi yapmaya kalkmas\u0131n!<\/p>\n<p style=\"text-align: justify;\"><a href=\"http:\/\/www.hurriyet.com.tr\/yazarlar\/19467310.asp\" target=\"_blank\">Kaynak : H\u00fcrriyet.com.tr<\/a><\/p>\n","protected":false},"excerpt":{"rendered":"<p id=\"caption-attachment-37365\" class=\"wp-caption-text\">Y\u0131lmaz \u00d6zdil<\/p>\n<p style=\"text-align: justify;\">Sipari\u015f ya\u011f\u0131yor&#8230;<\/p>\n<p style=\"text-align: justify;\">Karakolda d\u00f6v\u00fclen kad\u0131n\u0131 yaz.<\/p>\n<p style=\"text-align: justify;\">*<\/p>\n<p style=\"text-align: justify;\">Birincisi&#8230; <\/p>\n<p style=\"text-align: justify;\">O polis\u2019i tan\u0131r\u0131m. Polis muhabirli\u011fi yapan her gazeteci, o tip polis\u2019leri tan\u0131r. \u0130simleri farkl\u0131d\u0131r, karakterleri hep ayn\u0131d\u0131r. Emniyet te\u015fkilat\u0131 tarihi \u201csu\u00e7lu-polis\u201d m\u00fccadelesinden \u00e7ok \u201cpolis-su\u00e7lu polis\u201d m\u00fccadelesidir. Son 3 senede 40 bin polis <\/p>\n","protected":false},"author":1,"featured_media":0,"comment_status":"open","ping_status":"open","sticky":false,"template":"","format":"standard","meta":{"footnotes":""},"categories":[16],"tags":[30],"class_list":["post-44450","post","type-post","status-publish","format-standard","hentry","category-kose-yazilari","tag-yilmaz-ozdil","odd"],"_links":{"self":[{"href":"http:\/\/www.korhanyilmaz.com\/index.php?rest_route=\/wp\/v2\/posts\/44450","targetHints":{"allow":["GET"]}}],"collection":[{"href":"http:\/\/www.korhanyilmaz.com\/index.php?rest_route=\/wp\/v2\/posts"}],"about":[{"href":"http:\/\/www.korhanyilmaz.com\/index.php?rest_route=\/wp\/v2\/types\/post"}],"author":[{"embeddable":true,"href":"http:\/\/www.korhanyilmaz.com\/index.php?rest_route=\/wp\/v2\/users\/1"}],"replies":[{"embeddable":true,"href":"http:\/\/www.korhanyilmaz.com\/index.php?rest_route=%2Fwp%2Fv2%2Fcomments&post=44450"}],"version-history":[{"count":0,"href":"http:\/\/www.korhanyilmaz.com\/index.php?rest_route=\/wp\/v2\/posts\/44450\/revisions"}],"wp:attachment":[{"href":"http:\/\/www.korhanyilmaz.com\/index.php?rest_route=%2Fwp%2Fv2%2Fmedia&parent=44450"}],"wp:term":[{"taxonomy":"category","embeddable":true,"href":"http:\/\/www.korhanyilmaz.com\/index.php?rest_route=%2Fwp%2Fv2%2Fcategories&post=44450"},{"taxonomy":"post_tag","embeddable":true,"href":"http:\/\/www.korhanyilmaz.com\/index.php?rest_route=%2Fwp%2Fv2%2Ftags&post=44450"}],"curies":[{"name":"wp","href":"https:\/\/api.w.org\/{rel}","templated":true}]}}